{"id":24245,"date":"2024-06-27T14:07:06","date_gmt":"2024-06-27T17:07:06","guid":{"rendered":"https:\/\/novasdodia.com.br\/index.php\/2024\/06\/27\/bonito-institui-comissao-municipal-da-primeira-infancia-e-debate-elaboracao-do-pmpi\/"},"modified":"2024-06-27T14:07:06","modified_gmt":"2024-06-27T17:07:06","slug":"bonito-institui-comissao-municipal-da-primeira-infancia-e-debate-elaboracao-do-pmpi","status":"publish","type":"post","link":"https:\/\/novasdodia.com.br\/index.php\/2024\/06\/27\/bonito-institui-comissao-municipal-da-primeira-infancia-e-debate-elaboracao-do-pmpi\/","title":{"rendered":"Bonito institui Comiss\u00e3o Municipal da Primeira Inf\u00e2ncia e debate elabora\u00e7\u00e3o do PMPI"},"content":{"rendered":"<p><\/p>\n<p>A elabora\u00e7\u00e3o do Plano Municipal da Primeira Inf\u00e2ncia est\u00e1 assegurada pela Lei n\u00ba 13.257\/2016- Marco Legal da Primeira Inf\u00e2ncia, que disp\u00f5e sobre as pol\u00edticas p\u00fablicas, estabelecendo regras,&nbsp;&nbsp; princ\u00edpios, diretrizes e metas para a prote\u00e7\u00e3o da crian\u00e7a de 0 a 6 anos e foi institu\u00eddo no munic\u00edpio atrav\u00e9s do Decreto n\u00ba 120 de 05 de junho de 2024. O programa tem o objetivo de contribuir com absoluta prioridade, para efetiva concretiza\u00e7\u00e3o dos direitos das crian\u00e7as de 0 a 6 anos. O Plano Municipal pela Primeira Inf\u00e2ncia (PMPI) \u00e9 um documento t\u00e9cnico e pol\u00edtico que orienta decis\u00f5es, investimentos e a\u00e7\u00f5es de prote\u00e7\u00e3o e de promo\u00e7\u00e3o dos direitos das crian\u00e7as na primeira inf\u00e2ncia.<\/p>\n<p>A forma\u00e7\u00e3o da Comiss\u00e3o Municipal da Primeira Inf\u00e2ncia foi institu\u00edda pelo Decreto n\u00ba 130 de 17 de junho de 2024 e fazem parte os representantes integrados do: Conselho Municipal da Crian\u00e7a e do adolescente, Conselho Tutelar, Conselho Municipal de Sa\u00fade, Conselho Municipal de Assist\u00eancia Social,\u00a0 Conselho Municipal de Pol\u00edtica Culturais, C\u00e2mara dos Vereadores, Secretaria Municipal de Educa\u00e7\u00e3o e Cultura, Secretaria Municipal de Sa\u00fade, Secretaria Municipal de Assist\u00eancia Social, Secretaria Municipal de Esporte, Secretaria Municipal de Meio Ambiente, Secretaria Municipal de Turismo e Desenvolvimento Econ\u00f4mico, Secretaria Municipal de Administra\u00e7\u00e3o e Finan\u00e7as, Guarda Municipal de Bonito.<\/p>\n<p>A primeira reuni\u00e3o da Comiss\u00e3o Municipal da Primeira Inf\u00e2ncia teve como pauta a apresenta\u00e7\u00e3o do programa aos membros e\u00a0 o in\u00edcio da segunda etapa do projeto,\u00a0 \u00a0que refere-se a coleta, an\u00e1lise dos dados e\u00a0 sistematiza\u00e7\u00e3o que ser\u00e1 elaborado\u00a0 atrav\u00e9s do instrumento Diagn\u00f3stico Situacional da Primeira Inf\u00e2ncia e Matriz L\u00f3gica da Primeira Inf\u00e2ncia.<\/p>\n<figure class=\"wp-block-gallery has-nested-images columns-default is-cropped wp-block-gallery-1 is-layout-flex wp-block-gallery-is-layout-flex\">\n<figure class=\"wp-block-image size-large\"><\/figure>\n<figure class=\"wp-block-image size-large\"><\/figure>\n<\/figure>\n","protected":false},"excerpt":{"rendered":"<p>A elabora\u00e7\u00e3o do Plano Municipal da Primeira Inf\u00e2ncia est\u00e1 assegurada pela Lei n\u00ba 13.257\/2016- Marco Legal da Primeira Inf\u00e2ncia, que disp\u00f5e sobre as pol\u00edticas p\u00fablicas, estabelecendo regras,&nbsp;&nbsp; princ\u00edpios, diretrizes e metas para a prote\u00e7\u00e3o da crian\u00e7a de 0 a 6 anos e foi institu\u00eddo no munic\u00edpio atrav\u00e9s do Decreto n\u00ba 120 de 05 de junho [&hellip;]<\/p>\n","protected":false},"author":1,"featured_media":0,"comment_status":"","ping_status":"","sticky":false,"template":"","format":"standard","meta":{"footnotes":""},"categories":[],"tags":[],"class_list":["post-24245","post","type-post","status-publish","format-standard","hentry"],"amp_enabled":true,"_links":{"self":[{"href":"https:\/\/novasdodia.com.br\/index.php\/wp-json\/wp\/v2\/posts\/24245","targetHints":{"allow":["GET"]}}],"collection":[{"href":"https:\/\/novasdodia.com.br\/index.php\/wp-json\/wp\/v2\/posts"}],"about":[{"href":"https:\/\/novasdodia.com.br\/index.php\/wp-json\/wp\/v2\/types\/post"}],"author":[{"embeddable":true,"href":"https:\/\/novasdodia.com.br\/index.php\/wp-json\/wp\/v2\/users\/1"}],"replies":[{"embeddable":true,"href":"https:\/\/novasdodia.com.br\/index.php\/wp-json\/wp\/v2\/comments?post=24245"}],"version-history":[{"count":0,"href":"https:\/\/novasdodia.com.br\/index.php\/wp-json\/wp\/v2\/posts\/24245\/revisions"}],"wp:attachment":[{"href":"https:\/\/novasdodia.com.br\/index.php\/wp-json\/wp\/v2\/media?parent=24245"}],"wp:term":[{"taxonomy":"category","embeddable":true,"href":"https:\/\/novasdodia.com.br\/index.php\/wp-json\/wp\/v2\/categories?post=24245"},{"taxonomy":"post_tag","embeddable":true,"href":"https:\/\/novasdodia.com.br\/index.php\/wp-json\/wp\/v2\/tags?post=24245"}],"curies":[{"name":"wp","href":"https:\/\/api.w.org\/{rel}","templated":true}]}}