{"id":24530,"date":"2024-07-02T21:16:25","date_gmt":"2024-07-03T00:16:25","guid":{"rendered":"https:\/\/novasdodia.com.br\/index.php\/2024\/07\/02\/prefeitura-lanca-edital-de-selecao-para-vila-dos-idosos-nesta-quarta-feira-3-cgnoticias\/"},"modified":"2024-07-02T21:16:25","modified_gmt":"2024-07-03T00:16:25","slug":"prefeitura-lanca-edital-de-selecao-para-vila-dos-idosos-nesta-quarta-feira-3-cgnoticias","status":"publish","type":"post","link":"https:\/\/novasdodia.com.br\/index.php\/2024\/07\/02\/prefeitura-lanca-edital-de-selecao-para-vila-dos-idosos-nesta-quarta-feira-3-cgnoticias\/","title":{"rendered":"Prefeitura lan\u00e7a edital de sele\u00e7\u00e3o para Vila dos Idosos nesta quarta-feira (3) \u2013 CGNot\u00edcias"},"content":{"rendered":"<p><\/p>\n<div>\n<p>A Prefeitura de Campo Grande lan\u00e7a nesta quarta-feira, 3 de julho, \u00e0s 16h30, na Rua Fernando Corr\u00eaa da Costa \u2013 esquina com a Rua F\u00e1bio Zahran, o Edital de Sele\u00e7\u00e3o para o Condom\u00ednio da Melhor Idade, tamb\u00e9m conhecido como Vila dos Idosos. Localizado pr\u00f3ximo ao Horto Florestal, esse \u00e9 o primeiro empreendimento em Campo Grande constru\u00eddo para loca\u00e7\u00e3o social. Ser\u00e3o disponibilizados 40 apartamentos destinados \u00e0 popula\u00e7\u00e3o de baixa renda com mais de 60 anos, com pre\u00e7os subsidiados. Este projeto inovador tem como objetivo proporcionar moradia digna e acess\u00edvel para os idosos da capital.<\/p>\n<p>Os apartamentos, com 33,70m\u00b2 cada, possuem sala integrada \u00e0 cozinha, \u00e1rea de servi\u00e7o e um quarto com banheiro, todos dentro das normas de acessibilidade. O condom\u00ednio contar\u00e1 com amplos corredores que permitem ilumina\u00e7\u00e3o e ventila\u00e7\u00e3o natural, salas de apoio, escada de emerg\u00eancia e elevador para todos os andares. Al\u00e9m disso, \u00e1reas de sociabiliza\u00e7\u00e3o como sala multiuso, capela e espa\u00e7o de conviv\u00eancia estar\u00e3o dispon\u00edveis para os moradores.<\/p>\n<p>Suporte internacional<\/p>\n<p>O projeto recebeu suporte internacional atrav\u00e9s do Banco Interamericano de Desenvolvimento (BID) e resultou na cria\u00e7\u00e3o do Comit\u00ea Habita\u00e7\u00e3o de Interesse Social (COHIS), cujo objetivo \u00e9 apresentar e discutir experi\u00eancias de loca\u00e7\u00e3o social como alternativa de acesso \u00e0 moradia.<\/p>\n<p>Al\u00e9m disso, resultou na elabora\u00e7\u00e3o do Decreto Municipal n. 15.167\/2022, que regulamenta a Lei Municipal n. 6592 e, em linhas gerais, estabelece responsabilidades, prazos e diretrizes de credenciamento da popula\u00e7\u00e3o, dando in\u00edcio ao Programa de Loca\u00e7\u00e3o Social do Munic\u00edpio.<\/p>\n<p><strong>Servi\u00e7o: Lan\u00e7amento do Edital de Sele\u00e7\u00e3o do Condom\u00ednio da Melhor Idade (Vila dos Idosos)<\/strong><br \/>Data: 03\/07\/2024<br \/>Hor\u00e1rio: 16h30<br \/>Local: Rua Fernando Corr\u00eaa da Costa, esquina com Rua F\u00e1bio Zahran \u2013 Centro<\/p>\n<\/div>\n<p><script async defer async defer src=\"https:\/\/connect.facebook.net\/en_US\/sdk.js?ver=1#xfbml=1&amp;version=v3.2\" id=\"prefeitura-campogrande-script-facebook-sdk-js\"><\/script><\/p>\n","protected":false},"excerpt":{"rendered":"<p>A Prefeitura de Campo Grande lan\u00e7a nesta quarta-feira, 3 de julho, \u00e0s 16h30, na Rua Fernando Corr\u00eaa da Costa \u2013 esquina com a Rua F\u00e1bio Zahran, o Edital de Sele\u00e7\u00e3o para o Condom\u00ednio da Melhor Idade, tamb\u00e9m conhecido como Vila dos Idosos. Localizado pr\u00f3ximo ao Horto Florestal, esse \u00e9 o primeiro empreendimento em Campo Grande [&hellip;]<\/p>\n","protected":false},"author":1,"featured_media":0,"comment_status":"","ping_status":"","sticky":false,"template":"","format":"standard","meta":{"footnotes":""},"categories":[],"tags":[],"class_list":["post-24530","post","type-post","status-publish","format-standard","hentry"],"amp_enabled":true,"_links":{"self":[{"href":"https:\/\/novasdodia.com.br\/index.php\/wp-json\/wp\/v2\/posts\/24530","targetHints":{"allow":["GET"]}}],"collection":[{"href":"https:\/\/novasdodia.com.br\/index.php\/wp-json\/wp\/v2\/posts"}],"about":[{"href":"https:\/\/novasdodia.com.br\/index.php\/wp-json\/wp\/v2\/types\/post"}],"author":[{"embeddable":true,"href":"https:\/\/novasdodia.com.br\/index.php\/wp-json\/wp\/v2\/users\/1"}],"replies":[{"embeddable":true,"href":"https:\/\/novasdodia.com.br\/index.php\/wp-json\/wp\/v2\/comments?post=24530"}],"version-history":[{"count":0,"href":"https:\/\/novasdodia.com.br\/index.php\/wp-json\/wp\/v2\/posts\/24530\/revisions"}],"wp:attachment":[{"href":"https:\/\/novasdodia.com.br\/index.php\/wp-json\/wp\/v2\/media?parent=24530"}],"wp:term":[{"taxonomy":"category","embeddable":true,"href":"https:\/\/novasdodia.com.br\/index.php\/wp-json\/wp\/v2\/categories?post=24530"},{"taxonomy":"post_tag","embeddable":true,"href":"https:\/\/novasdodia.com.br\/index.php\/wp-json\/wp\/v2\/tags?post=24530"}],"curies":[{"name":"wp","href":"https:\/\/api.w.org\/{rel}","templated":true}]}}