{"id":24618,"date":"2024-07-04T07:40:31","date_gmt":"2024-07-04T10:40:31","guid":{"rendered":"https:\/\/novasdodia.com.br\/index.php\/2024\/07\/04\/sedest-realiza-inscricoes-para-seis-cursos-profissionalizantes-com-95-vagas\/"},"modified":"2024-07-04T07:40:31","modified_gmt":"2024-07-04T10:40:31","slug":"sedest-realiza-inscricoes-para-seis-cursos-profissionalizantes-com-95-vagas","status":"publish","type":"post","link":"https:\/\/novasdodia.com.br\/index.php\/2024\/07\/04\/sedest-realiza-inscricoes-para-seis-cursos-profissionalizantes-com-95-vagas\/","title":{"rendered":"Sedest realiza inscri\u00e7\u00f5es para seis cursos profissionalizantes com 95 vagas"},"content":{"rendered":"<p><\/p>\n<div>\n<h5 class=\"text-primary\"> Eu Posso Aprender <\/h5>\n<p>                        <!-- Mostra o t&iacute;tulo como um link para o link permanente do post --><\/p>\n<h2 class=\"mb-3\">Sedest realiza inscri\u00e7\u00f5es para seis cursos profissionalizantes com 95 vagas<\/h2>\n<p class=\"text-secondary font-italic mb-3 p-0\">&#13;<br \/>\n                            <i class=\"fa fa-calendar\"\/> 04\/07\/2024 | &#13;<br \/>\n                            <i class=\"fa fa-clock-o\"\/> 07:30 |&#13;<br \/>\n                            <i class=\"fa fa-eye\"\/> 1                        <\/p>\n<p>                        <!-- Mostra o conte&uacute;do do post em uma DIV --><\/p>\n<div class=\"\">\n<p>A Secretaria de Desenvolvimento Econ\u00f4mico e Trabalho de Jo\u00e3o Pessoa (Sedest) realiza, nesta sexta-feira (5), as inscri\u00e7\u00f5es para seis cursos profissionalizantes.\u00a0Ser\u00e3o oferecidas 95 vagas. As inscri\u00e7\u00f5es acontecer\u00e3o das 8h \u00e0s 11h30, na sede da\u00a0Sedest, localizada na rua Diogo Velho, n\u00ba 150, Centro. As capacita\u00e7\u00f5es fazem parte do programa \u2018Eu Posso Aprender\u2019.\u00a0<\/p>\n<figure class=\"wp-block-image size-large\"><\/figure>\n<p>De acordo com o diretor de Qualifica\u00e7\u00e3o e Projetos da\u00a0Sedest, Dante Tomei, \u00e9 cada vez mais imprescind\u00edvel que as pessoas se capacitem para ocupar uma vaga no mercado de trabalho e, por meio do Eu Posso Aprender, os moradores da Capital t\u00eam a oportunidade de acessar cursos gratuitos que deixam o curr\u00edculo mais atraente.\u00a0\u00a0<\/p>\n<p>\u201cO mercado de trabalho \u00e9 extremamente exigente na hora de contratar,\u00a0por isso\u00a0\u00e9 importante que as pessoas estejam preparadas profissionalmente na hora de uma oportunidade.\u00a0Uma boa forma de se preparar \u00e9 atrav\u00e9s de cursos de capacita\u00e7\u00e3o. Um destaque especial \u00e9 que para as vagas na constru\u00e7\u00e3o civil, como carpintaria e alvenaria em blocos de concreto, que ter\u00e3o vagas abertas tamb\u00e9m para mulheres\u201d, destacou.\u00a0<\/p>\n<p><strong>Cursos oferecidos<\/strong>\u00a0\u2013\u00a0Os interessados em participar dos cursos oferecidos pela\u00a0Sedest\u00a0devem se dirigir at\u00e9 a secretaria portando os seguintes documentos:\u00a0c\u00f3pias do RG, CPF, comprovante de resid\u00eancia e de escolaridade.\u00a0<\/p>\n<p><strong>Ser\u00e3o oferecidas vagas para os seguintes cursos:\u00a0<\/strong>\u00a0<\/p>\n<ul>\n<li>Alvenaria de bloco de concreto (das 7 \u00e0s 17h) \u2013 25 vagas;\u00a0<\/li>\n<li>Carpintaria (das 7 \u00e0s 17h) \u2013 25 vagas;\u00a0\u00a0\u00a0<\/li>\n<li>T\u00e9cnicas para ajudante de cozinha (das 18 \u00e0s 22h) \u2013 5 vagas;\u00a0\u00a0<\/li>\n<li>Gar\u00e7om (das 8h \u00e0s 12h) \u2013 10 vagas;\u00a0<\/li>\n<li>Recepcionista em meios de hospedagem (das 18h \u00e0s 22h) \u2013 15 vagas;\u00a0\u00a0<\/li>\n<li>Camareira (o) em meios de hospedagem (das 8h \u00e0s 12h) \u2013 15 vagas.<\/li>\n<\/ul><\/div>\n<\/p><\/div>\n","protected":false},"excerpt":{"rendered":"<p>Eu Posso Aprender Sedest realiza inscri\u00e7\u00f5es para seis cursos profissionalizantes com 95 vagas &#13; 04\/07\/2024 | &#13; 07:30 |&#13; 1 A Secretaria de Desenvolvimento Econ\u00f4mico e Trabalho de Jo\u00e3o Pessoa (Sedest) realiza, nesta sexta-feira (5), as inscri\u00e7\u00f5es para seis cursos profissionalizantes.\u00a0Ser\u00e3o oferecidas 95 vagas. As inscri\u00e7\u00f5es acontecer\u00e3o das 8h \u00e0s 11h30, na sede da\u00a0Sedest, localizada [&hellip;]<\/p>\n","protected":false},"author":1,"featured_media":0,"comment_status":"","ping_status":"","sticky":false,"template":"","format":"standard","meta":{"footnotes":""},"categories":[1],"tags":[],"class_list":["post-24618","post","type-post","status-publish","format-standard","hentry","category-noticias"],"amp_enabled":true,"_links":{"self":[{"href":"https:\/\/novasdodia.com.br\/index.php\/wp-json\/wp\/v2\/posts\/24618","targetHints":{"allow":["GET"]}}],"collection":[{"href":"https:\/\/novasdodia.com.br\/index.php\/wp-json\/wp\/v2\/posts"}],"about":[{"href":"https:\/\/novasdodia.com.br\/index.php\/wp-json\/wp\/v2\/types\/post"}],"author":[{"embeddable":true,"href":"https:\/\/novasdodia.com.br\/index.php\/wp-json\/wp\/v2\/users\/1"}],"replies":[{"embeddable":true,"href":"https:\/\/novasdodia.com.br\/index.php\/wp-json\/wp\/v2\/comments?post=24618"}],"version-history":[{"count":0,"href":"https:\/\/novasdodia.com.br\/index.php\/wp-json\/wp\/v2\/posts\/24618\/revisions"}],"wp:attachment":[{"href":"https:\/\/novasdodia.com.br\/index.php\/wp-json\/wp\/v2\/media?parent=24618"}],"wp:term":[{"taxonomy":"category","embeddable":true,"href":"https:\/\/novasdodia.com.br\/index.php\/wp-json\/wp\/v2\/categories?post=24618"},{"taxonomy":"post_tag","embeddable":true,"href":"https:\/\/novasdodia.com.br\/index.php\/wp-json\/wp\/v2\/tags?post=24618"}],"curies":[{"name":"wp","href":"https:\/\/api.w.org\/{rel}","templated":true}]}}