{"id":24639,"date":"2024-07-04T15:22:43","date_gmt":"2024-07-04T18:22:43","guid":{"rendered":"https:\/\/novasdodia.com.br\/index.php\/2024\/07\/04\/com-liminar-revogada-seop-retoma-demolicao-de-predio-de-sete-andares-no-recreio-dos-bandeirantes-prefeitura-da-cidade-do-rio-de-janeiro\/"},"modified":"2024-07-04T15:22:43","modified_gmt":"2024-07-04T18:22:43","slug":"com-liminar-revogada-seop-retoma-demolicao-de-predio-de-sete-andares-no-recreio-dos-bandeirantes-prefeitura-da-cidade-do-rio-de-janeiro","status":"publish","type":"post","link":"https:\/\/novasdodia.com.br\/index.php\/2024\/07\/04\/com-liminar-revogada-seop-retoma-demolicao-de-predio-de-sete-andares-no-recreio-dos-bandeirantes-prefeitura-da-cidade-do-rio-de-janeiro\/","title":{"rendered":"Com liminar revogada, Seop retoma demoli\u00e7\u00e3o de pr\u00e9dio de sete andares no Recreio dos Bandeirantes &#8211; Prefeitura da Cidade do Rio de Janeiro"},"content":{"rendered":"<p><\/p>\n<div id=\"main\">\n<div class=\"wrapper-breadcrumbs\" wp_automatic_readability=\"51.855042527339\">\n<div class=\"image-post\" wp_automatic_readability=\"33\">\n                     Engenheiros da Prefeitura estimam um preju\u00edzo de R$ 13 milh\u00f5es aos respons\u00e1veis &#8211; F\u00e1bio Costa\/Seop                  <\/div>\n<p>A Secretaria de Ordem P\u00fablica (Seop) e o Minist\u00e9rio P\u00fablico, por meio do Grupo de Atua\u00e7\u00e3o Especializada Contra o Crime Organizado (Gaeco), retomaram, nesta quinta-feira (4\/7), a demoli\u00e7\u00e3o de um pr\u00e9dio de sete andares, com prepara\u00e7\u00e3o para constru\u00e7\u00e3o de uma cobertura, localizada na Rua Fl\u00e1vio de Aquino, pr\u00f3ximo ao Terreir\u00e3o, no Recreio dos Bandeirantes, \u00e1rea que sofre forte influ\u00eancia do crime organizado. A a\u00e7\u00e3o da Prefeitura havia sido paralisada devido a uma decis\u00e3o liminar conseguida pelos propriet\u00e1rios, que foi revogada recentemente.<\/p>\n<p>O que a princ\u00edpio seria uma determina\u00e7\u00e3o para que a Prefeitura n\u00e3o seguisse com a demoli\u00e7\u00e3o serviu para que os respons\u00e1veis reconstru\u00edssem todas as paredes internas do 2\u00ba ao 7\u00ba pavimento, al\u00e9m da fachada frontal e lateral do pr\u00e9dio. A constata\u00e7\u00e3o foi feita por engenheiros municipais em vistoria recente. Com a liminar revogada, a demoli\u00e7\u00e3o foi retomada de forma manual, uma vez que a utiliza\u00e7\u00e3o de m\u00e1quinas e retroescavadeiras poderia abalar a estrutura dos pr\u00e9dios vizinhos.<\/p>\n<p>De acordo com informa\u00e7\u00f5es apuradas com um dos moradores que estavam no local, mesmo com o pr\u00e9dio ainda em fase de constru\u00e7\u00e3o, a unidade habitada por este morador estava sendo alugada por R$ 1.800. Uma das fam\u00edlias, que estava no pr\u00e9dio h\u00e1 quatro meses, j\u00e1 havia recebido aviso de despejo do dono do apartamento pela d\u00edvida de um m\u00eas de aluguel. Duas fam\u00edlias foram atendidas pela Assist\u00eancia Social, mas n\u00e3o aceitaram acolhimento.<\/p>\n<blockquote wp_automatic_readability=\"15\">\n<p>\u2013 Hoje fazemos mais uma opera\u00e7\u00e3o para demolir constru\u00e7\u00f5es irregulares aqui no Recreio dos Bandeirantes, em um pr\u00e9dio absolutamente ilegal, sem licen\u00e7a, seguran\u00e7a e projeto urban\u00edstico. Em 2023 hav\u00edamos iniciado a demoli\u00e7\u00e3o desse edif\u00edcio, mas uma decis\u00e3o judicial liminar impediu a continuidade da demoli\u00e7\u00e3o e as constru\u00e7\u00f5es avan\u00e7aram. Essa a\u00e7\u00e3o tem o objetivo de garantir a seguran\u00e7a e integridade f\u00edsica dessas que viriam a ocupar esse local, al\u00e9m de especialmente asfixiar financeiramente o crime organizado, umas vez que muitos desses pr\u00e9dios servem como forma de lavagem de dinheiro \u2013 refor\u00e7ou o secret\u00e1rio de Ordem P\u00fablica, Brenno Carnevale.<\/p>\n<\/blockquote>\n<p>Engenheiros da Prefeitura estimam um preju\u00edzo\u00a0de R$ 13 milh\u00f5es aos respons\u00e1veis. O pr\u00e9dio residencial multifamiliar ocupa um terreno de aproximadamente 500 m\u00b2\u00a0 e \u00e9 composto por um n\u00edvel t\u00e9rreo mais seis pavimentos, sendo cinco em fase de acabamento e o \u00faltimo em fase de estruturas. A constru\u00e7\u00e3o n\u00e3o atende os par\u00e2metros urban\u00edsticos definidos para o local, onde \u00e9 permitido apenas constru\u00e7\u00f5es com at\u00e9 dois andares, dentre outras exig\u00eancias. O edif\u00edcio possui oito apartamentos por pavimento, totalizando 48 unidades. Os respons\u00e1veis j\u00e1 haviam sido notificados sobre o embargo da obra e mesmo assim aceleraram as constru\u00e7\u00f5es.<\/p>\n<p>Desde 2021 a Prefeitura do Rio j\u00e1 realizou mais de quatro mil demoli\u00e7\u00f5es de constru\u00e7\u00f5es irregulares em todo o munic\u00edpio, sendo 70% delas em \u00e1reas com atua\u00e7\u00e3o do crime organizado. A regi\u00e3o mais afetada com as a\u00e7\u00f5es \u00e9 a Zona Oeste e o bairro do Recreio dos Bandeirantes \u00e9 o recordista de demoli\u00e7\u00f5es. As a\u00e7\u00f5es causaram um preju\u00edzo de aproximadamente mais de R$ 1 bilh\u00e3o aos cofres dos respons\u00e1veis.<\/p>\n<p>             <!-- Compartilhe ---><\/p>\n<p>\t\t\t <!-- TAGS --><\/p>\n<section class=\"category-tags\">\n<div class=\"marcacao-category\">\n<article class=\"category-post\">\n<p>Categoria: <\/p>\n<\/article>\n<li>4 de julho de 2024<\/li><\/div>\n<article class=\"tags\">\n\t\t\t\t\tMarca\u00e7\u00f5es: Demoli\u00e7\u00e3o de constru\u00e7\u00e3o irregular Ordem P\u00fablica Prefeitura do Rio recreio dos bandeirantes<br \/><\/article>\n<\/section>\n<p>            <!-- Mais Not&iacute;cias --><\/p>\n<p>\t\t<!-- Conte&uacute;do SIDEBAR --><\/p><\/div>\n<\/p><\/div>\n","protected":false},"excerpt":{"rendered":"<p>Engenheiros da Prefeitura estimam um preju\u00edzo de R$ 13 milh\u00f5es aos respons\u00e1veis &#8211; F\u00e1bio Costa\/Seop A Secretaria de Ordem P\u00fablica (Seop) e o Minist\u00e9rio P\u00fablico, por meio do Grupo de Atua\u00e7\u00e3o Especializada Contra o Crime Organizado (Gaeco), retomaram, nesta quinta-feira (4\/7), a demoli\u00e7\u00e3o de um pr\u00e9dio de sete andares, com prepara\u00e7\u00e3o para constru\u00e7\u00e3o de uma [&hellip;]<\/p>\n","protected":false},"author":1,"featured_media":0,"comment_status":"","ping_status":"","sticky":false,"template":"","format":"standard","meta":{"footnotes":""},"categories":[1],"tags":[],"class_list":["post-24639","post","type-post","status-publish","format-standard","hentry","category-noticias"],"amp_enabled":true,"_links":{"self":[{"href":"https:\/\/novasdodia.com.br\/index.php\/wp-json\/wp\/v2\/posts\/24639","targetHints":{"allow":["GET"]}}],"collection":[{"href":"https:\/\/novasdodia.com.br\/index.php\/wp-json\/wp\/v2\/posts"}],"about":[{"href":"https:\/\/novasdodia.com.br\/index.php\/wp-json\/wp\/v2\/types\/post"}],"author":[{"embeddable":true,"href":"https:\/\/novasdodia.com.br\/index.php\/wp-json\/wp\/v2\/users\/1"}],"replies":[{"embeddable":true,"href":"https:\/\/novasdodia.com.br\/index.php\/wp-json\/wp\/v2\/comments?post=24639"}],"version-history":[{"count":0,"href":"https:\/\/novasdodia.com.br\/index.php\/wp-json\/wp\/v2\/posts\/24639\/revisions"}],"wp:attachment":[{"href":"https:\/\/novasdodia.com.br\/index.php\/wp-json\/wp\/v2\/media?parent=24639"}],"wp:term":[{"taxonomy":"category","embeddable":true,"href":"https:\/\/novasdodia.com.br\/index.php\/wp-json\/wp\/v2\/categories?post=24639"},{"taxonomy":"post_tag","embeddable":true,"href":"https:\/\/novasdodia.com.br\/index.php\/wp-json\/wp\/v2\/tags?post=24639"}],"curies":[{"name":"wp","href":"https:\/\/api.w.org\/{rel}","templated":true}]}}