{"id":24642,"date":"2024-07-04T16:04:29","date_gmt":"2024-07-04T19:04:29","guid":{"rendered":"https:\/\/novasdodia.com.br\/index.php\/2024\/07\/04\/guaratingueta-realizou-evento-de-certificacao-de-eliminacao-da-sifilis-congenita-prefeitura-estancia-turistica-guaratingueta\/"},"modified":"2024-07-04T16:04:29","modified_gmt":"2024-07-04T19:04:29","slug":"guaratingueta-realizou-evento-de-certificacao-de-eliminacao-da-sifilis-congenita-prefeitura-estancia-turistica-guaratingueta","status":"publish","type":"post","link":"https:\/\/novasdodia.com.br\/index.php\/2024\/07\/04\/guaratingueta-realizou-evento-de-certificacao-de-eliminacao-da-sifilis-congenita-prefeitura-estancia-turistica-guaratingueta\/","title":{"rendered":"Guaratinguet\u00e1 realizou evento de certifica\u00e7\u00e3o de elimina\u00e7\u00e3o da s\u00edfilis cong\u00eanita \u2013 Prefeitura Est\u00e2ncia Tur\u00edstica Guaratinguet\u00e1"},"content":{"rendered":"<p><\/p>\n<div>\n<p>Na \u00faltima quarta-feira (03), a Secretaria de Sa\u00fade de Guaratinguet\u00e1 realizou um evento sobre as estrat\u00e9gias utilizadas para elimina\u00e7\u00e3o da s\u00edfilis cong\u00eanita no munic\u00edpio. Estiveram presentes profissionais do Minist\u00e9rio da Sa\u00fade e da Secretaria de Sa\u00fade do Estado de S\u00e3o Paulo apresentando medidas de controle e preven\u00e7\u00e3o de infec\u00e7\u00e3o.<\/p>\n<p>Na oportunidade tamb\u00e9m houveram conversas sobre medidas utilizadas no pr\u00e9-natal, monitoramento durante toda a gesta\u00e7\u00e3o e em caso diagn\u00f3stico positivo a os cuidados necess\u00e1rio com a m\u00e3e e o beb\u00ea.<\/p>\n<figure class=\"is-layout-flex wp-block-gallery-1 wp-block-gallery has-nested-images columns-default is-cropped\">\n<figure class=\"wp-block-image size-large\"><\/figure>\n<figure class=\"wp-block-image size-large\"><\/figure>\n<figure class=\"wp-block-image size-large\"><\/figure>\n<figure class=\"wp-block-image size-large\"><\/figure>\n<figure class=\"wp-block-image size-large\"><\/figure>\n<figure class=\"wp-block-image size-large\"><\/figure>\n<figure class=\"wp-block-image size-large\"><\/figure>\n<figure class=\"wp-block-image size-large\"><\/figure>\n<figure class=\"wp-block-image size-large\"><\/figure>\n<figure class=\"wp-block-image size-large\"><\/figure>\n<\/figure><\/div>\n","protected":false},"excerpt":{"rendered":"<p>Na \u00faltima quarta-feira (03), a Secretaria de Sa\u00fade de Guaratinguet\u00e1 realizou um evento sobre as estrat\u00e9gias utilizadas para elimina\u00e7\u00e3o da s\u00edfilis cong\u00eanita no munic\u00edpio. Estiveram presentes profissionais do Minist\u00e9rio da Sa\u00fade e da Secretaria de Sa\u00fade do Estado de S\u00e3o Paulo apresentando medidas de controle e preven\u00e7\u00e3o de infec\u00e7\u00e3o. Na oportunidade tamb\u00e9m houveram conversas sobre [&hellip;]<\/p>\n","protected":false},"author":1,"featured_media":0,"comment_status":"","ping_status":"","sticky":false,"template":"","format":"standard","meta":{"footnotes":""},"categories":[1],"tags":[],"class_list":["post-24642","post","type-post","status-publish","format-standard","hentry","category-noticias"],"amp_enabled":true,"_links":{"self":[{"href":"https:\/\/novasdodia.com.br\/index.php\/wp-json\/wp\/v2\/posts\/24642","targetHints":{"allow":["GET"]}}],"collection":[{"href":"https:\/\/novasdodia.com.br\/index.php\/wp-json\/wp\/v2\/posts"}],"about":[{"href":"https:\/\/novasdodia.com.br\/index.php\/wp-json\/wp\/v2\/types\/post"}],"author":[{"embeddable":true,"href":"https:\/\/novasdodia.com.br\/index.php\/wp-json\/wp\/v2\/users\/1"}],"replies":[{"embeddable":true,"href":"https:\/\/novasdodia.com.br\/index.php\/wp-json\/wp\/v2\/comments?post=24642"}],"version-history":[{"count":0,"href":"https:\/\/novasdodia.com.br\/index.php\/wp-json\/wp\/v2\/posts\/24642\/revisions"}],"wp:attachment":[{"href":"https:\/\/novasdodia.com.br\/index.php\/wp-json\/wp\/v2\/media?parent=24642"}],"wp:term":[{"taxonomy":"category","embeddable":true,"href":"https:\/\/novasdodia.com.br\/index.php\/wp-json\/wp\/v2\/categories?post=24642"},{"taxonomy":"post_tag","embeddable":true,"href":"https:\/\/novasdodia.com.br\/index.php\/wp-json\/wp\/v2\/tags?post=24642"}],"curies":[{"name":"wp","href":"https:\/\/api.w.org\/{rel}","templated":true}]}}