{"id":24702,"date":"2024-07-05T16:29:34","date_gmt":"2024-07-05T19:29:34","guid":{"rendered":"https:\/\/novasdodia.com.br\/index.php\/2024\/07\/05\/investimentos-da-prefeitura-na-educacao-transformam-a-vida-da-populacao-atraves-do-programa-juntos-pela-escola-cgnoticias\/"},"modified":"2024-07-05T16:29:34","modified_gmt":"2024-07-05T19:29:34","slug":"investimentos-da-prefeitura-na-educacao-transformam-a-vida-da-populacao-atraves-do-programa-juntos-pela-escola-cgnoticias","status":"publish","type":"post","link":"https:\/\/novasdodia.com.br\/index.php\/2024\/07\/05\/investimentos-da-prefeitura-na-educacao-transformam-a-vida-da-populacao-atraves-do-programa-juntos-pela-escola-cgnoticias\/","title":{"rendered":"Investimentos da Prefeitura na Educa\u00e7\u00e3o transformam a vida da popula\u00e7\u00e3o atrav\u00e9s do programa Juntos pela Escola \u2013 CGNot\u00edcias"},"content":{"rendered":"<p><\/p>\n<div>\n<p>A semana de entregas de revitaliza\u00e7\u00f5es pelo programa Juntos pela Educa\u00e7\u00e3o, terminou com a entrega de mais tr\u00eas unidades nesta quinta-feira (4). Ao todo, em apenas quatro dias, 10 unidades escolares voltaram a oferecer um ambiente de ensino mais aconchegante para as crian\u00e7as e servidores.<\/p>\n<p>Ap\u00f3s 13 anos parada, a EMEI Jardim In\u00e1polis foi a primeira a ser entregue. A escola, a partir de segunda-feira (8), ir\u00e1 atender 320 crian\u00e7as que estudavam no bairro vizinho Indubrasil.<\/p>\n<\/p>\n<p>Presente na entrega, a prefeita Adriane ressaltou a import\u00e2ncia da entrega para as fam\u00edlias da regi\u00e3o. \u201cMuitas m\u00e3es que tinham que se deslocar para outros bairros para deixarem as crian\u00e7as estudando, agora tem um local perto de casa, com a estrutura que os filhos merecem\u201d.<\/p>\n<\/p>\n<p>\u201cMais uma unidade entregue para a popula\u00e7\u00e3o. Com essa obra tamb\u00e9m foi gerada 34 novas vagas de emprego para diversas fun\u00e7\u00f5es, desde a dire\u00e7\u00e3o at\u00e9 a equipe de manuten\u00e7\u00e3o da limpeza\u201d, acrescentou o secret\u00e1rio municipal de Educa\u00e7\u00e3o, Lucas Henrique Bitencourt.<\/p>\n<p>\u00c9 o que conta Joycelly Pereira Malta, m\u00e3e da Sara e da Lara. \u201cCom a entrega dessa escola foi muito mais f\u00e1cil conseguir uma vaga para a minha filha mais velha e com as duas na escola conseguirei voltar a trabalhar, ficando tranquila com elas sendo t\u00e3o bem cuidadas em um local como esse\u201d, relata.<\/p>\n<\/p>\n<p>A comunidade escolar da EMEI Serradinho, que atende 154 alunos, tamb\u00e9m foi contemplada com a entrega da reforma pelo programa.<\/p>\n<\/p>\n<p>Para a diretora Lucimar Soares Marques dos Santos, a entrega superou a expectativa. \u201cAs crian\u00e7as e os funcion\u00e1rios est\u00e3o encantados com a estrutura que vai proporcionar o desenvolvimento das crian\u00e7as na \u00e1rea pedag\u00f3gica, socializa\u00e7\u00e3o e muito mais. Estamos todos muito felizes\u201d, afirmou.<\/p>\n<\/p>\n<p>Larissa Moraes Quiaveli Longo, m\u00e3e de aluna, disse que a entrega da reforma \u00e9 diferenciada. \u201cA escola est\u00e1 parecendo ser particular. Tudo novo, bem cuidado. Deixamos de ficar esquecidos\u201d, concluiu.<\/p>\n<\/p>\n<p>Conforme o diretor Argemiro Leite de Quevedo Junior, da EMEI Prof\u00aa Selma Aparecida Ferreira Leal Tomm, os 380 alunos ter\u00e3o mais facilidades para se desenvolverem pedag\u00f3gica e socialmente. \u201cEsta reforma alavancar\u00e1 diversas possibilidades para n\u00f3s. Veio enriquecer o trabalho e de toda uma equipe e contribuir para o desenvolvimento das crian\u00e7as\u201d, contou.<\/p>\n<\/p>\n<p>Monique Evelyn Meneses de Goes, m\u00e3e da Agnes e gr\u00e1vida de 26 semanas do Arthur, comentou do quanto \u00e9 importante este momento. \u201cVivenciar esta entrega \u00e9 muito significativo. Estamos sendo vistos e lembrados, principalmente as crian\u00e7as. O que estamos vendo \u00e9 um investimento para o desenvolvimento delas. Em breve o Arthur estar\u00e1 aqui estudando com a irm\u00e3 com tudo novo. \u00c9 muito bom saber que todas as crian\u00e7as s\u00e3o muito bem cuidadas\u201d.<\/p>\n<\/p>\n<p>O Juntos pela Escola \u00e9 uma iniciativa da Prefeitura Municipal de Campo Grande, em parceria com a Associa\u00e7\u00e3o de Pais e Mestres (APM) e as comunidades escolares. O programa est\u00e1 revitalizando todas as escolas municipais da Capital para oferecer um ambiente escolar mais seguro, confort\u00e1vel e adequado para o aprendizado das crian\u00e7as.<\/p>\n<\/p>\n<p>\u00a0<\/p>\n<\/div>\n<p><script async defer async defer src=\"https:\/\/connect.facebook.net\/en_US\/sdk.js?ver=1#xfbml=1&amp;version=v3.2\" id=\"prefeitura-campogrande-script-facebook-sdk-js\"><\/script><\/p>\n","protected":false},"excerpt":{"rendered":"<p>A semana de entregas de revitaliza\u00e7\u00f5es pelo programa Juntos pela Educa\u00e7\u00e3o, terminou com a entrega de mais tr\u00eas unidades nesta quinta-feira (4). Ao todo, em apenas quatro dias, 10 unidades escolares voltaram a oferecer um ambiente de ensino mais aconchegante para as crian\u00e7as e servidores. Ap\u00f3s 13 anos parada, a EMEI Jardim In\u00e1polis foi a [&hellip;]<\/p>\n","protected":false},"author":1,"featured_media":0,"comment_status":"","ping_status":"","sticky":false,"template":"","format":"standard","meta":{"footnotes":""},"categories":[],"tags":[],"class_list":["post-24702","post","type-post","status-publish","format-standard","hentry"],"amp_enabled":true,"_links":{"self":[{"href":"https:\/\/novasdodia.com.br\/index.php\/wp-json\/wp\/v2\/posts\/24702","targetHints":{"allow":["GET"]}}],"collection":[{"href":"https:\/\/novasdodia.com.br\/index.php\/wp-json\/wp\/v2\/posts"}],"about":[{"href":"https:\/\/novasdodia.com.br\/index.php\/wp-json\/wp\/v2\/types\/post"}],"author":[{"embeddable":true,"href":"https:\/\/novasdodia.com.br\/index.php\/wp-json\/wp\/v2\/users\/1"}],"replies":[{"embeddable":true,"href":"https:\/\/novasdodia.com.br\/index.php\/wp-json\/wp\/v2\/comments?post=24702"}],"version-history":[{"count":0,"href":"https:\/\/novasdodia.com.br\/index.php\/wp-json\/wp\/v2\/posts\/24702\/revisions"}],"wp:attachment":[{"href":"https:\/\/novasdodia.com.br\/index.php\/wp-json\/wp\/v2\/media?parent=24702"}],"wp:term":[{"taxonomy":"category","embeddable":true,"href":"https:\/\/novasdodia.com.br\/index.php\/wp-json\/wp\/v2\/categories?post=24702"},{"taxonomy":"post_tag","embeddable":true,"href":"https:\/\/novasdodia.com.br\/index.php\/wp-json\/wp\/v2\/tags?post=24702"}],"curies":[{"name":"wp","href":"https:\/\/api.w.org\/{rel}","templated":true}]}}