{"id":24705,"date":"2024-07-05T17:16:36","date_gmt":"2024-07-05T20:16:36","guid":{"rendered":"https:\/\/novasdodia.com.br\/index.php\/2024\/07\/05\/prefeitura-entrega-a-2a-usf-de-um-total-de-dez-que-vao-acabar-com-zonas-descobertas-em-joao-pessoa\/"},"modified":"2024-07-05T17:16:36","modified_gmt":"2024-07-05T20:16:36","slug":"prefeitura-entrega-a-2a-usf-de-um-total-de-dez-que-vao-acabar-com-zonas-descobertas-em-joao-pessoa","status":"publish","type":"post","link":"https:\/\/novasdodia.com.br\/index.php\/2024\/07\/05\/prefeitura-entrega-a-2a-usf-de-um-total-de-dez-que-vao-acabar-com-zonas-descobertas-em-joao-pessoa\/","title":{"rendered":"Prefeitura entrega a 2\u00aa USF de um total de dez que v\u00e3o acabar com zonas descobertas em Jo\u00e3o Pessoa"},"content":{"rendered":"<p><\/p>\n<div>\n<p>Um dia ap\u00f3s a inaugura\u00e7\u00e3o da USF Vista Alegre, no bairro Colinas do Sul, nesta sexta-feira (5), o prefeito C\u00edcero Lucena entregou a Unidade de Sa\u00fade da Fam\u00edlia (USF) do Futuro Cana\u00e3, no Bairro das Ind\u00fastrias. Essa \u00e9 a segunda de um total de dez unidades que a gest\u00e3o municipal est\u00e1 construindo na Capital, com 40 novas equipes, e chega para atender uma popula\u00e7\u00e3o estimada em 12 mil pessoas, oferecendo assist\u00eancia especializada em diversas \u00e1reas, telemedicina, num pr\u00e9dio moderno, com ambientes climatizados e atendimento informatizado.<\/p>\n<figure class=\"wp-block-gallery has-nested-images columns-default is-cropped wp-block-gallery-1 is-layout-flex wp-block-gallery-is-layout-flex\">\n<figure class=\"wp-block-image size-large\"><\/figure>\n<figure class=\"wp-block-image size-large\"><\/figure>\n<\/figure>\n<p>\u201cN\u00e3o \u00e9 apenas uma USF, n\u00e3o s\u00e3o apenas tr\u00eas equipes para atender a popula\u00e7\u00e3o. Esse ambiente aqui, ele tem a fun\u00e7\u00e3o praticamente de uma pequena cl\u00ednica, porque vai ter outras equipes multiprofissionais, v\u00e3o ter outros profissionais. Uma m\u00e3e ou um pai de uma crian\u00e7a vai poder contar com pediatra, sem precisar ir para uma UPA. Tamb\u00e9m vai ter geriatra, nutricionista, fonoaudi\u00f3logo, psic\u00f3logo, educador f\u00edsico, ou seja, n\u00f3s estamos fazendo isso aqui uma pequena policl\u00ednica. Ent\u00e3o, tenho certeza absoluta que n\u00f3s estamos no caminho certo e que cada vez mais Deus vai nos proteger, nos dar sabedoria, nos dar discernimento e nos dar uma alegria em fazer o bem\u201d, frisou o prefeito.<\/p>\n<p>O vice-prefeito Leo Bezerra lamentou que Jo\u00e3o Pessoa tenha perdido 100% de sua cobertura dos servi\u00e7os de sa\u00fade ao longo dos \u00faltimos anos. Mas, na atual gest\u00e3o, essa condi\u00e7\u00e3o est\u00e1 sendo resgatada, num desafio enfrentado pelo prefeito C\u00edcero Lucena, entendendo a complexidade de que, ao mesmo tempo que a cidade cresceu, aumentou de popula\u00e7\u00e3o, as pol\u00edticas de sa\u00fade n\u00e3o foram suficientes para atender, de forma satisfat\u00f3ria, essa demanda.<\/p>\n<p>\u201cEu sonhava, todos os dias, voltar ao C\u00edcero 1, ao C\u00edcero 2, e eu jamais pensei na minha vida em ser vice-prefeito de Jo\u00e3o Pessoa. Mas quis Deus e o governador Jo\u00e3o Azev\u00eado de me indicar para ser o seu vice e ganharmos a elei\u00e7\u00e3o e, hoje, eu poder estar na condi\u00e7\u00e3o de vice-prefeito, nesse resgate da Sa\u00fade de Jo\u00e3o Pessoa. Construindo novas unidades, recuperando as j\u00e1 existentes e com novos hospitais, como o Hospital Dia, tamb\u00e9m inaugurado nesta sexta-feira\u201d, afirmou Leo Bezerra.<\/p>\n<figure class=\"wp-block-gallery has-nested-images columns-default is-cropped wp-block-gallery-2 is-layout-flex wp-block-gallery-is-layout-flex\">\n<figure class=\"wp-block-image size-large\"><\/figure>\n<figure class=\"wp-block-image size-large\"><\/figure>\n<figure class=\"wp-block-image size-large\"><\/figure>\n<figure class=\"wp-block-image size-large\"><\/figure>\n<figure class=\"wp-block-image size-large\"><\/figure>\n<figure class=\"wp-block-image size-large\"><\/figure>\n<\/figure>\n<p><strong>Novas USFs<\/strong> \u2013 O secret\u00e1rio Municipal de Sa\u00fade, Luis Ferreira, adiantou que na pr\u00f3xima semana a Prefeitura entregar\u00e1 a terceira unidade e, at\u00e9 outubro, outras sete, totalizando 10 novas unidades servindo \u00e0 popula\u00e7\u00e3o, com 40 equipes de sa\u00fade da fam\u00edlia para acabar com zonas descobertas na cidade. Em 2021, a gest\u00e3o municipal levantou que a cidade contava com cerca de 100 mil pessoas sem acesso aos servi\u00e7os b\u00e1sicos de sa\u00fade pr\u00f3ximas de suas resid\u00eancias.<\/p>\n<p>\u201cS\u00f3 aqui, 12 mil pessoas que n\u00e3o tinham para onde ir quando adoeciam, que n\u00e3o tinham como fazer seus exames preventivos, que n\u00e3o tinham como acompanhar uma diabetes ou hipertens\u00e3o. Ent\u00e3o, o prefeito, com um esfor\u00e7o muito grande, essa \u00e9 a segunda que n\u00f3s estamos entregando. Aqui, n\u00f3s teremos tr\u00eas equipes de sa\u00fade da fam\u00edlia, al\u00e9m de uma equipe multiprofissional super ampla, com psiquiatra, psic\u00f3logo, fisioterapeuta, fonoaudi\u00f3logo. N\u00f3s teremos telemedicina, ent\u00e3o, n\u00e3o \u00e9 uma simples unidade b\u00e1sica de sa\u00fade, \u00e9 a unidade do futuro\u201d, destacou o secret\u00e1rio.<\/p>\n<figure class=\"wp-block-gallery has-nested-images columns-default is-cropped wp-block-gallery-3 is-layout-flex wp-block-gallery-is-layout-flex\">\n<figure class=\"wp-block-image size-large\"><\/figure>\n<figure class=\"wp-block-image size-large\"><\/figure>\n<\/figure>\n<p><strong>Conquista<\/strong> \u2013 A dona de casa Rub\u00eania Gomes, que mora no Bairro das Industriais h\u00e1 30 anos, falou em \u2018conquista\u2019 para a regi\u00e3o, que conta com o Condom\u00ednio Cana\u00e3, S\u00e3o Rafael, Mumbaba \u2013 uma popula\u00e7\u00e3o que precisava se deslocar para longas dist\u00e2ncias em busca de servi\u00e7os b\u00e1sicos de sa\u00fade. \u201cN\u00f3s \u00edamos para a primeira etapa do Cidade Verde \u2013 muito distante. And\u00e1vamos bastante, mas, gra\u00e7as a Deus, agora a gente vai ter tudo pertinho de casa\u201d, comemorou.<\/p>\n<p><strong>Principais diferenciais e caracter\u00edsticas das novas USFs:<\/strong><\/p>\n<p>\u2013 Uso mais forte de tecnologia (telemedicina e marca\u00e7\u00e3o de consultas e exames de forma digital);<\/p>\n<p>\u2013 Presen\u00e7a de uma equipe multiprofissional composta por cl\u00ednico, pediatra, endocrinologista, ginecologista, psic\u00f3logo, fisioterapeuta e fonoaudi\u00f3logo;<\/p>\n<p>\u2013 Estrutura mais moderna e completa.<\/p>\n<\/p><\/div>\n","protected":false},"excerpt":{"rendered":"<p>Um dia ap\u00f3s a inaugura\u00e7\u00e3o da USF Vista Alegre, no bairro Colinas do Sul, nesta sexta-feira (5), o prefeito C\u00edcero Lucena entregou a Unidade de Sa\u00fade da Fam\u00edlia (USF) do Futuro Cana\u00e3, no Bairro das Ind\u00fastrias. Essa \u00e9 a segunda de um total de dez unidades que a gest\u00e3o municipal est\u00e1 construindo na Capital, com [&hellip;]<\/p>\n","protected":false},"author":1,"featured_media":0,"comment_status":"","ping_status":"","sticky":false,"template":"","format":"standard","meta":{"footnotes":""},"categories":[1],"tags":[],"class_list":["post-24705","post","type-post","status-publish","format-standard","hentry","category-noticias"],"amp_enabled":true,"_links":{"self":[{"href":"https:\/\/novasdodia.com.br\/index.php\/wp-json\/wp\/v2\/posts\/24705","targetHints":{"allow":["GET"]}}],"collection":[{"href":"https:\/\/novasdodia.com.br\/index.php\/wp-json\/wp\/v2\/posts"}],"about":[{"href":"https:\/\/novasdodia.com.br\/index.php\/wp-json\/wp\/v2\/types\/post"}],"author":[{"embeddable":true,"href":"https:\/\/novasdodia.com.br\/index.php\/wp-json\/wp\/v2\/users\/1"}],"replies":[{"embeddable":true,"href":"https:\/\/novasdodia.com.br\/index.php\/wp-json\/wp\/v2\/comments?post=24705"}],"version-history":[{"count":0,"href":"https:\/\/novasdodia.com.br\/index.php\/wp-json\/wp\/v2\/posts\/24705\/revisions"}],"wp:attachment":[{"href":"https:\/\/novasdodia.com.br\/index.php\/wp-json\/wp\/v2\/media?parent=24705"}],"wp:term":[{"taxonomy":"category","embeddable":true,"href":"https:\/\/novasdodia.com.br\/index.php\/wp-json\/wp\/v2\/categories?post=24705"},{"taxonomy":"post_tag","embeddable":true,"href":"https:\/\/novasdodia.com.br\/index.php\/wp-json\/wp\/v2\/tags?post=24705"}],"curies":[{"name":"wp","href":"https:\/\/api.w.org\/{rel}","templated":true}]}}