{"id":24762,"date":"2024-07-06T22:41:34","date_gmt":"2024-07-07T01:41:34","guid":{"rendered":"https:\/\/novasdodia.com.br\/index.php\/2024\/07\/06\/agencia-minas-gerais-emergencia-mg-conquista-premio-inovacao-e-selo-de-transformacao-digital-no-inova-2024\/"},"modified":"2024-07-06T22:41:34","modified_gmt":"2024-07-07T01:41:34","slug":"agencia-minas-gerais-emergencia-mg-conquista-premio-inovacao-e-selo-de-transformacao-digital-no-inova-2024","status":"publish","type":"post","link":"https:\/\/novasdodia.com.br\/index.php\/2024\/07\/06\/agencia-minas-gerais-emergencia-mg-conquista-premio-inovacao-e-selo-de-transformacao-digital-no-inova-2024\/","title":{"rendered":"Ag\u00eancia Minas Gerais | Emerg\u00eancia MG conquista Pr\u00eamio Inova\u00e7\u00e3o e Selo de Transforma\u00e7\u00e3o Digital no Inova 2024\u00a0"},"content":{"rendered":"<p><\/p>\n<div>\n<section class=\"news-related \/ col-md-4 col-lg-3 \/ margin-md-bottom-2 margin-left-1 \/ pull-right \/ hidden-xs hidden-sm\">\n<header>\n<p class=\"text-title-section \/ margin-bottom-1\">Relacionadas<\/p>\n<\/header>\n<p>\t\t\t\t\t\t\t<main><\/p>\n<hr class=\"row margin-md-bottom-2\"\/>\n\t\t\t\t\t\t\t<\/main><br \/>\n\t\t\t\t\t\t<\/section>\n<p>O servi\u00e7o Emerg\u00eancia MG, coordenado pela Secretaria de Estado de Justi\u00e7a e Seguran\u00e7a P\u00fablica (Sejusp), \u00e9 vencedor do Pr\u00eamio Inova\u00e7\u00e3o 2024 e da terceira edi\u00e7\u00e3o do Selo de Transforma\u00e7\u00e3o Digital e Inova\u00e7\u00e3o, promovido pela Prodemge.\u00a0<\/p>\n<p>A cerim\u00f4nia de premia\u00e7\u00e3o foi realizada na quinta-feira (4\/7), e contou com a presen\u00e7a de servidores da Superintend\u00eancia de Integra\u00e7\u00e3o e Planejamento Operacional, \u00e1rea da Sejusp que coordena o novo servi\u00e7o de acionamento das for\u00e7as de seguran\u00e7a pela internet. \u00a0Seis projetos s\u00e3o vencedores do Pr\u00eamio Inova\u00e7\u00e3o e tr\u00eas deles vencedores tamb\u00e9m do Selo.<\/p>\n<p>O objetivo da iniciativa \u00e9 certificar as solu\u00e7\u00f5es inovadoras que est\u00e3o contribuindo para a transforma\u00e7\u00e3o digital da Prodemge e dos seus clientes.\u00a0<\/p>\n<p>As solu\u00e7\u00f5es inscritas foram avaliadas pela comiss\u00e3o julgadora em cinco pilares: inova\u00e7\u00e3o, organiza\u00e7\u00e3o, cultura, tecnologia e insight. Nesta edi\u00e7\u00e3o o processo contou com a participa\u00e7\u00e3o dos clientes da Prodemge, benefici\u00e1rios das solu\u00e7\u00f5es inscritas, para melhor compreens\u00e3o de como elas t\u00eam contribu\u00eddo para a transforma\u00e7\u00e3o do \u00f3rg\u00e3o.\u00a0<\/p>\n<p>Para o superintendente da Sejusp, Bernardo Naves, o m\u00e9rito dessa conquista \u00e9 de muita gente.\u00a0<\/p>\n<p>\u201cO projeto Emerg\u00eancia MG foi constru\u00eddo a muitas m\u00e3os: Sejusp, Pol\u00edcia Militar, Pol\u00edcia Civil, Corpo de Bombeiros Militar, Seplag, Prodemge e TabControl. \u00c9 muito bom poder dividir o m\u00e9rito desse reconhecimento com todas essas institui\u00e7\u00f5es\u201d, lembra Naves, citando a integra\u00e7\u00e3o e o engajamento de todos esses \u00f3rg\u00e3os para que o Emerg\u00eancia MG sa\u00edsse do papel e se transformasse em realidade.\u00a0<\/p>\n<p><strong>Conhe\u00e7a o servi\u00e7o vencedor\u00a0<\/strong><\/p>\n<p>O Emerg\u00eancia MG possibilita que o usu\u00e1rio possa pedir ajuda para qualquer uma das tr\u00eas for\u00e7as de seguran\u00e7a usando a mesma plataforma, via chat. H\u00e1 mais de uma forma de acionar o Emerg\u00eancia MG: no site pr\u00f3prio do servi\u00e7o (www.emergencia.mg.gov.br), pelo aplicativo do Governo de Minas (MG App) e pelo Telegram (buscando na lupa de busca por Emerg\u00eancia MG).\u00a0<\/p>\n<p>O servi\u00e7o j\u00e1 est\u00e1 presente em 61 munic\u00edpios mineiros, abarcando 29% da popula\u00e7\u00e3o do estado, o que equivale a 6 milh\u00f5es de pessoas podendo acessar as for\u00e7as de seguran\u00e7a tamb\u00e9m pela Internet. Durante d\u00e9cadas a \u00fanica forma de acionamento das pol\u00edcias Militar e Civil e Bombeiros em Minas foi apenas por telefone: Pol\u00edcia Militar (190), Pol\u00edcia Civil (197) e Corpo de Bombeiros Militar (193). \u00a0<\/p>\n<p>O novo servi\u00e7o \u00e9, ainda, um canal inclusivo, pois permite que seja utilizado por pessoas surdas. A interface com a tecnologia possibilita tamb\u00e9m, de forma segura, o compartilhamento de localiza\u00e7\u00e3o, envio de fotos e a realiza\u00e7\u00e3o de v\u00eddeo chamadas. Essa \u00faltima possibilidade pode ser decisiva, por exemplo, para uma pessoa que necessita de r\u00e1pida orienta\u00e7\u00e3o para a realiza\u00e7\u00e3o de manobras para desengasgar algu\u00e9m. \u00a0 \u00a0<\/p>\n<p><strong>Expans\u00e3o\u00a0<\/strong><\/p>\n<p>O servi\u00e7o foi lan\u00e7ado em Lagoa Santa, como projeto piloto e, depois dos testes realizados, expandido para a capital e outros oito munic\u00edpios. A expans\u00e3o gradual j\u00e1 chegou na quarta fase, atingindo 61 munic\u00edpios. A escala gradativa busca garantir total seguran\u00e7a \u00e0 alta demanda gerada pelo acionamento dos trid\u00edgitos 190, 197 e 193. \u00a0<\/p>\n<p>Camila Leonel \u00e9 moradora de Itabirito, uma das cidades pertencentes \u00e0 quarta expans\u00e3o, e acredita que a novidade \u00e9 um avan\u00e7o na pol\u00edtica p\u00fablica. &#8220;Quanto mais f\u00e1cil for o acesso aos canais de emerg\u00eancia, mais chances temos de inibir o avan\u00e7o de um crime ou, at\u00e9 mesmo, de salvar uma poss\u00edvel v\u00edtima. A tecnologia tem que estar ao lado de todos, inclusive, da Seguran\u00e7a P\u00fablica&#8221;, ressalta.\u00a0<\/p>\n<p><strong>Prodemge<\/strong>\u00a0<\/p>\n<p>A Prodemge \u00e9 a empresa de tecnologia da informa\u00e7\u00e3o do governo de Minas Gerais, com uma trajet\u00f3ria na moderniza\u00e7\u00e3o do setor p\u00fablico. Um compromisso que se reflete no engajamento permanente de seu capital intelectual e de sua infraestrutura tecnol\u00f3gica na informatiza\u00e7\u00e3o da administra\u00e7\u00e3o p\u00fablica estadual.\u00a0<\/p>\n<\/p><\/div>\n","protected":false},"excerpt":{"rendered":"<p>Relacionadas O servi\u00e7o Emerg\u00eancia MG, coordenado pela Secretaria de Estado de Justi\u00e7a e Seguran\u00e7a P\u00fablica (Sejusp), \u00e9 vencedor do Pr\u00eamio Inova\u00e7\u00e3o 2024 e da terceira edi\u00e7\u00e3o do Selo de Transforma\u00e7\u00e3o Digital e Inova\u00e7\u00e3o, promovido pela Prodemge.\u00a0 A cerim\u00f4nia de premia\u00e7\u00e3o foi realizada na quinta-feira (4\/7), e contou com a presen\u00e7a de servidores da Superintend\u00eancia de [&hellip;]<\/p>\n","protected":false},"author":1,"featured_media":0,"comment_status":"","ping_status":"","sticky":false,"template":"","format":"standard","meta":{"footnotes":""},"categories":[1],"tags":[],"class_list":["post-24762","post","type-post","status-publish","format-standard","hentry","category-noticias"],"amp_enabled":true,"_links":{"self":[{"href":"https:\/\/novasdodia.com.br\/index.php\/wp-json\/wp\/v2\/posts\/24762","targetHints":{"allow":["GET"]}}],"collection":[{"href":"https:\/\/novasdodia.com.br\/index.php\/wp-json\/wp\/v2\/posts"}],"about":[{"href":"https:\/\/novasdodia.com.br\/index.php\/wp-json\/wp\/v2\/types\/post"}],"author":[{"embeddable":true,"href":"https:\/\/novasdodia.com.br\/index.php\/wp-json\/wp\/v2\/users\/1"}],"replies":[{"embeddable":true,"href":"https:\/\/novasdodia.com.br\/index.php\/wp-json\/wp\/v2\/comments?post=24762"}],"version-history":[{"count":0,"href":"https:\/\/novasdodia.com.br\/index.php\/wp-json\/wp\/v2\/posts\/24762\/revisions"}],"wp:attachment":[{"href":"https:\/\/novasdodia.com.br\/index.php\/wp-json\/wp\/v2\/media?parent=24762"}],"wp:term":[{"taxonomy":"category","embeddable":true,"href":"https:\/\/novasdodia.com.br\/index.php\/wp-json\/wp\/v2\/categories?post=24762"},{"taxonomy":"post_tag","embeddable":true,"href":"https:\/\/novasdodia.com.br\/index.php\/wp-json\/wp\/v2\/tags?post=24762"}],"curies":[{"name":"wp","href":"https:\/\/api.w.org\/{rel}","templated":true}]}}