{"id":24944,"date":"2024-07-11T19:40:37","date_gmt":"2024-07-11T22:40:37","guid":{"rendered":"https:\/\/novasdodia.com.br\/index.php\/2024\/07\/11\/agencia-minas-gerais-governador-destaca-melhorias-no-instituto-de-educacao-de-minas-gerais-realizadas-por-mostra-de-design\/"},"modified":"2024-07-11T19:40:37","modified_gmt":"2024-07-11T22:40:37","slug":"agencia-minas-gerais-governador-destaca-melhorias-no-instituto-de-educacao-de-minas-gerais-realizadas-por-mostra-de-design","status":"publish","type":"post","link":"https:\/\/novasdodia.com.br\/index.php\/2024\/07\/11\/agencia-minas-gerais-governador-destaca-melhorias-no-instituto-de-educacao-de-minas-gerais-realizadas-por-mostra-de-design\/","title":{"rendered":"Ag\u00eancia Minas Gerais | Governador destaca melhorias no Instituto de Educa\u00e7\u00e3o de Minas Gerais realizadas por mostra de design\u00a0"},"content":{"rendered":"<p><\/p>\n<div>\n<section class=\"news-related \/ col-md-4 col-lg-3 \/ margin-md-bottom-2 margin-left-1 \/ pull-right \/ hidden-xs hidden-sm\">\n<header>\n<p class=\"text-title-section \/ margin-bottom-1\">Relacionadas<\/p>\n<\/header>\n<p>\t\t\t\t\t\t\t<main><\/p>\n<hr class=\"row margin-md-bottom-2\"\/>\n\t\t\t\t\t\t\t<\/main><br \/>\n\t\t\t\t\t\t<\/section>\n<p>Na tarde desta quinta-feira (11\/7), o governador Romeu Zema esteve no Instituto de Educa\u00e7\u00e3o de Minas Gerais, em Belo Horizonte, acompanhado do secret\u00e1rio de Estado de Educa\u00e7\u00e3o, Igor de Alvarenga, para a nona edi\u00e7\u00e3o de Modernos Eternos, exposi\u00e7\u00e3o anual que re\u00fane arquitetura, design, arte, hist\u00f3ria, gastronomia e entretenimento.\u00a0<\/p>\n<p>Realizada na escola estadual, uma refer\u00eancia tamb\u00e9m na arquitetura de Belo Horizonte, a mostra conta 42 ambientes assinados por 45 profissionais da \u00e1rea, al\u00e9m de espa\u00e7os gastron\u00f4micos e mostra que destaca o artesanato mineiro com a presen\u00e7a de obras de mais de 30 artes\u00f5es de diversas regi\u00f5es do estado.<\/p>\n<p>\u201c\u00c9 uma satisfa\u00e7\u00e3o receber esse grande evento cultural aqui no Instituto de Educa\u00e7\u00e3o. Uma escola hist\u00f3rica como essa merece receber uma exposi\u00e7\u00e3o que traz o melhor da arquitetura, hist\u00f3ria, moda, arte e gastronomia\u201d, disse o governador.<\/p>\n<p>Zema tamb\u00e9m destacou a parceria com a organiza\u00e7\u00e3o do evento, que atraiu para a escola um investimento de mais R$ 1,2 milh\u00e3o.\u00a0<\/p>\n<p>As melhorias incluem pintura na fachada do pr\u00e9dio e em ambientes internos, al\u00e9m de novos pisos, dntre outros investimentos permanentes que ser\u00e3o aproveitados ao longo do tempo.<\/p>\n<p>\u00a0\u201cO evento traz melhorias que v\u00e3o se somar com as obras de moderniza\u00e7\u00e3o que vamos fazer aqui. Todo esse investimento ser\u00e1 muito ben\u00e9fico para os alunos\u201d, completa o governador.<\/p>\n<p><strong>Investimento recorde\u00a0<\/strong><\/p>\n<p>O centen\u00e1rio Instituto de Educa\u00e7\u00e3o de Minas Gerais vai receber investimento recorde. Ser\u00e3o destinados R$ 40 milh\u00f5es para a escola, montante que representa o maior investimento j\u00e1 realizado pelo estado em uma reforma escolar. A expectativa \u00e9 a de que as obras sejam conclu\u00eddas em tr\u00eas anos.\u00a0<\/p>\n<p>\u201cQuando os alunos voltarem para c\u00e1, ir\u00e3o encontrar o Instituto de Educa\u00e7\u00e3o mais confort\u00e1vel e com novos espa\u00e7os, entre eles, uma quadra para a pr\u00e1tica de atividades esportivas. Quando n\u00f3s melhoramos o ambiente escolar, as oportunidades aparecem para todos\u201d concluiu o governador Romeu Zema.<\/p>\n<p>Entre os servi\u00e7os que ser\u00e3o realizados est\u00e3o a requalifica\u00e7\u00e3o f\u00edsica do edif\u00edcio Kennedy para atender \u00e0s necessidades escolares, a reforma completa do telhado, a adequa\u00e7\u00e3o do espa\u00e7o f\u00edsico escolar \u00e0s normas de acessibilidade e \u00e0 execu\u00e7\u00e3o do sistema de combate a inc\u00eandio e p\u00e2nico conforme projeto aprovado pelo Corpo de Bombeiros.<br \/>&#13;<br \/>\n\u00a0<\/p>\n<\/p><\/div>\n","protected":false},"excerpt":{"rendered":"<p>Relacionadas Na tarde desta quinta-feira (11\/7), o governador Romeu Zema esteve no Instituto de Educa\u00e7\u00e3o de Minas Gerais, em Belo Horizonte, acompanhado do secret\u00e1rio de Estado de Educa\u00e7\u00e3o, Igor de Alvarenga, para a nona edi\u00e7\u00e3o de Modernos Eternos, exposi\u00e7\u00e3o anual que re\u00fane arquitetura, design, arte, hist\u00f3ria, gastronomia e entretenimento.\u00a0 Realizada na escola estadual, uma refer\u00eancia [&hellip;]<\/p>\n","protected":false},"author":1,"featured_media":0,"comment_status":"","ping_status":"","sticky":false,"template":"","format":"standard","meta":{"footnotes":""},"categories":[1],"tags":[],"class_list":["post-24944","post","type-post","status-publish","format-standard","hentry","category-noticias"],"amp_enabled":true,"_links":{"self":[{"href":"https:\/\/novasdodia.com.br\/index.php\/wp-json\/wp\/v2\/posts\/24944","targetHints":{"allow":["GET"]}}],"collection":[{"href":"https:\/\/novasdodia.com.br\/index.php\/wp-json\/wp\/v2\/posts"}],"about":[{"href":"https:\/\/novasdodia.com.br\/index.php\/wp-json\/wp\/v2\/types\/post"}],"author":[{"embeddable":true,"href":"https:\/\/novasdodia.com.br\/index.php\/wp-json\/wp\/v2\/users\/1"}],"replies":[{"embeddable":true,"href":"https:\/\/novasdodia.com.br\/index.php\/wp-json\/wp\/v2\/comments?post=24944"}],"version-history":[{"count":0,"href":"https:\/\/novasdodia.com.br\/index.php\/wp-json\/wp\/v2\/posts\/24944\/revisions"}],"wp:attachment":[{"href":"https:\/\/novasdodia.com.br\/index.php\/wp-json\/wp\/v2\/media?parent=24944"}],"wp:term":[{"taxonomy":"category","embeddable":true,"href":"https:\/\/novasdodia.com.br\/index.php\/wp-json\/wp\/v2\/categories?post=24944"},{"taxonomy":"post_tag","embeddable":true,"href":"https:\/\/novasdodia.com.br\/index.php\/wp-json\/wp\/v2\/tags?post=24944"}],"curies":[{"name":"wp","href":"https:\/\/api.w.org\/{rel}","templated":true}]}}