{"id":24962,"date":"2024-07-12T08:05:34","date_gmt":"2024-07-12T11:05:34","guid":{"rendered":"https:\/\/novasdodia.com.br\/index.php\/2024\/07\/12\/sarau-literario-estimula-leitura-como-meio-ressocializacao-em-navirai-agencia-de-noticias-do-governo-de-mato-grosso-do-sul\/"},"modified":"2024-07-12T08:05:34","modified_gmt":"2024-07-12T11:05:34","slug":"sarau-literario-estimula-leitura-como-meio-ressocializacao-em-navirai-agencia-de-noticias-do-governo-de-mato-grosso-do-sul","status":"publish","type":"post","link":"https:\/\/novasdodia.com.br\/index.php\/2024\/07\/12\/sarau-literario-estimula-leitura-como-meio-ressocializacao-em-navirai-agencia-de-noticias-do-governo-de-mato-grosso-do-sul\/","title":{"rendered":"Sarau Liter\u00e1rio estimula leitura como meio ressocializa\u00e7\u00e3o em Navira\u00ed \u2013 Ag\u00eancia de Noticias do Governo de Mato Grosso do Sul"},"content":{"rendered":"<p><\/p>\n<div>\n<p>A Agepen (Ag\u00eancia Estadual de Administra\u00e7\u00e3o do Sistema Penitenci\u00e1rio) e a UFMS (Universidade Federal de Mato Grosso do Sul), Campus de Navira\u00ed, t\u00eam desenvolvido junto \u00e0s pessoas em cumprimento de pena na cidade o Projeto de Extens\u00e3o \u201cLeitura e Cultura\u201d, que utiliza a literatura como ferramenta de transforma\u00e7\u00e3o pessoal e social.<\/p>\n<p>Iniciado h\u00e1 tr\u00eas anos, o projeto \u00e9 promovido por meio de professores e acad\u00eamicos da UFMS, e das equipes da Penitenci\u00e1ria de Seguran\u00e7a M\u00e1xima de Navira\u00ed e do Patronato Penitenci\u00e1rio da cidade. O objetivo principal \u00e9 oferecer aos custodiados a oportunidade de participar de atividades de leitura e reescrita de obras liter\u00e1rias, com a consequente possibilidade de remi\u00e7\u00e3o de pena.<\/p>\n<p>Dentro dessa a\u00e7\u00e3o, foi realizado, no \u00faltimo fim de semana, um \u201cSarau Liter\u00e1rio\u201d, voltado a egressos do sistema prisional, familiares e acad\u00eamicos, que celebrou n\u00e3o apenas as realiza\u00e7\u00f5es alcan\u00e7adas at\u00e9 o momento, mas tamb\u00e9m proporcionou um espa\u00e7o significativo de express\u00e3o cultural e art\u00edstica para os participantes, incluindo apresenta\u00e7\u00f5es musicais, teatrais, de dan\u00e7a etc.<\/p>\n<p>Durante o evento, organizado com o apoio da dire\u00e7\u00e3o do Patronato Penitenciario de Navira\u00ed, foram destacadas diversas produ\u00e7\u00f5es liter\u00e1rias criadas pelos pr\u00f3prios custodiados, demonstrando n\u00e3o apenas talento art\u00edstico, mas tamb\u00e9m o impacto positivo das atividades culturais na reintegra\u00e7\u00e3o social.<\/p>\n<p>Sob a coordena\u00e7\u00e3o da professora Roseli Maria Rosa de Almeida, o Projeto de Extens\u00e3o \u201cLeitura e Cultura\u201d iniciou suas atividades em 2021, na Penitenci\u00e1ria de Seguran\u00e7a M\u00e1xima de Navira\u00ed, por iniciativa da Policial Penal Valdirene G\u00f3es e dire\u00e7\u00e3o da unidade prisional. Posteriormente, foi estendido aos assistidos pelo Patronato Penitenci\u00e1rio, a pedido da diretora Neide de Oliveira Alves.<\/p>\n<p>\u201cAcreditamos firmemente que a cultura e a educa\u00e7\u00e3o podem ser catalisadoras poderosos de mudan\u00e7a\u201d, afirmou a diretora do Patronato Penitenci\u00e1rio de Navira\u00ed. \u201cEste projeto n\u00e3o s\u00f3 promove a educa\u00e7\u00e3o e a cultura entre os custodiados, mas tamb\u00e9m fortalece os la\u00e7os entre a universidade e o sistema penitenci\u00e1rio, criando uma comunidade mais inclusiva e engajada\u201d, complementou.<\/p>\n<p>De acordo com a professora Roseli Maria Rosa de Almeida, o \u201cLeitura e Cultura\u201d, com a\u00e7\u00f5es como Sarau Liter\u00e1rio, o projeto demostra que est\u00e1 comprometido em ampliar seu impacto positivo na comunidade, oferecendo novas oportunidades educacionais e culturais para aqueles que est\u00e3o no sistema penitenci\u00e1rio. A parceria entre a UFMS, o Patronato Penitenci\u00e1rio e a penitenci\u00e1ria continua a ser um exemplo de colabora\u00e7\u00e3o eficaz na promo\u00e7\u00e3o da transforma\u00e7\u00e3o social atrav\u00e9s da literatura\u201d, finaliza.<\/p>\n<\/p>\n<p><em>Comunica\u00e7\u00e3o Agepen<\/em><\/p>\n<\/div>\n","protected":false},"excerpt":{"rendered":"<p>A Agepen (Ag\u00eancia Estadual de Administra\u00e7\u00e3o do Sistema Penitenci\u00e1rio) e a UFMS (Universidade Federal de Mato Grosso do Sul), Campus de Navira\u00ed, t\u00eam desenvolvido junto \u00e0s pessoas em cumprimento de pena na cidade o Projeto de Extens\u00e3o \u201cLeitura e Cultura\u201d, que utiliza a literatura como ferramenta de transforma\u00e7\u00e3o pessoal e social. Iniciado h\u00e1 tr\u00eas anos, [&hellip;]<\/p>\n","protected":false},"author":1,"featured_media":0,"comment_status":"","ping_status":"","sticky":false,"template":"","format":"standard","meta":{"footnotes":""},"categories":[],"tags":[],"class_list":["post-24962","post","type-post","status-publish","format-standard","hentry"],"amp_enabled":true,"_links":{"self":[{"href":"https:\/\/novasdodia.com.br\/index.php\/wp-json\/wp\/v2\/posts\/24962","targetHints":{"allow":["GET"]}}],"collection":[{"href":"https:\/\/novasdodia.com.br\/index.php\/wp-json\/wp\/v2\/posts"}],"about":[{"href":"https:\/\/novasdodia.com.br\/index.php\/wp-json\/wp\/v2\/types\/post"}],"author":[{"embeddable":true,"href":"https:\/\/novasdodia.com.br\/index.php\/wp-json\/wp\/v2\/users\/1"}],"replies":[{"embeddable":true,"href":"https:\/\/novasdodia.com.br\/index.php\/wp-json\/wp\/v2\/comments?post=24962"}],"version-history":[{"count":0,"href":"https:\/\/novasdodia.com.br\/index.php\/wp-json\/wp\/v2\/posts\/24962\/revisions"}],"wp:attachment":[{"href":"https:\/\/novasdodia.com.br\/index.php\/wp-json\/wp\/v2\/media?parent=24962"}],"wp:term":[{"taxonomy":"category","embeddable":true,"href":"https:\/\/novasdodia.com.br\/index.php\/wp-json\/wp\/v2\/categories?post=24962"},{"taxonomy":"post_tag","embeddable":true,"href":"https:\/\/novasdodia.com.br\/index.php\/wp-json\/wp\/v2\/tags?post=24962"}],"curies":[{"name":"wp","href":"https:\/\/api.w.org\/{rel}","templated":true}]}}