{"id":24991,"date":"2024-07-13T10:56:05","date_gmt":"2024-07-13T13:56:05","guid":{"rendered":"https:\/\/novasdodia.com.br\/index.php\/2024\/07\/13\/festa-do-divino-espirito-santo-chega-a-129a-edicao-e-mantem-tradicao-e-celebra-a-fe-em-coxim\/"},"modified":"2024-07-13T10:56:05","modified_gmt":"2024-07-13T13:56:05","slug":"festa-do-divino-espirito-santo-chega-a-129a-edicao-e-mantem-tradicao-e-celebra-a-fe-em-coxim","status":"publish","type":"post","link":"https:\/\/novasdodia.com.br\/index.php\/2024\/07\/13\/festa-do-divino-espirito-santo-chega-a-129a-edicao-e-mantem-tradicao-e-celebra-a-fe-em-coxim\/","title":{"rendered":"Festa do Divino Esp\u00edrito Santo chega a 129\u00aa edi\u00e7\u00e3o e mant\u00e9m tradi\u00e7\u00e3o e celebra a f\u00e9 em Coxim"},"content":{"rendered":"<p><\/p>\n<div>\n<p>Considerada a mais antiga do Estado, a Festa do Divino Esp\u00edrito Santo mant\u00e9m a tradi\u00e7\u00e3o e a f\u00e9 dos devotos em Coxim. Esta grande celebra\u00e7\u00e3o tem o apoio do Governo do Mato Grosso do Sul. O governador Eduardo Riedel participou na sexta-feira (12) do in\u00edcio da 129\u00aa edi\u00e7\u00e3o da festa, prestigiando este momento que faz parte da hist\u00f3ria sul-mato-grossense.<\/p>\n<p>&#8220;Participar da Festa do Divino Esp\u00edrito Santo \u00e9 sempre algo especial. Uma festa tradicional do Estado, que conta um pouco da nossa hist\u00f3ria e ainda representa toda a nossa f\u00e9. Em Mato Grosso do Sul as celebra\u00e7\u00f5es come\u00e7aram aqui em Coxim&#8221;, disse o governador.<\/p>\n<p>A programa\u00e7\u00e3o em Coxim iniciou \u00e0s 6h, com a Alvorada, representada pela sa\u00edda da Casa dos Festeiros at\u00e9 a pra\u00e7a Zacarias Mour\u00e3o (P\u00e9 de Cedro) e prociss\u00e3o at\u00e9 a Catedral para o caf\u00e9 da manh\u00e3. \u00c0s 18h30, houve o hasteamento da bandeira do Divino Esp\u00edrito Santo e demais bandeiras, e depois ocorreu a missa presidida pelo Dom Otair Nicoletti e o Canto Lit\u00fargico.<\/p>\n<p>A Festa do Divino Esp\u00edrito Santo \u00e9 um culto ao Esp\u00edrito Santo, realizado em diversos estados brasileiros, em suas diversas manifesta\u00e7\u00f5es. Em Mato Grosso do Sul come\u00e7ou por Coxim.<\/p>\n<p><strong>Obras importantes<\/strong><\/p>\n<p>Na sexta \u00e0 tarde o governador Eduardo Riedel supervisionou obras importantes do Estado, que est\u00e3o sendo realizadas em Coxim por meio de uma gest\u00e3o municipalista. Entre elas a obra de controle de eros\u00e3o, asfalto e drenagem da Avenida Frei Cirino Jo\u00e3o Primon, conhecido como Burac\u00e3o. Ela \u00e9 emblem\u00e1tica para cidade.<\/p>\n<p>&#8220;Estamos olhando a necessidade de cada munic\u00edpio sul-mato-grossense e o Burac\u00e3o \u00e9 uma prioridade para Coxim. Esta \u00e9 uma obra emblem\u00e1tica, que vai mudar a realidade local e destravar v\u00e1rios empreendimentos&#8221;, afirma Eduardo Riedel.<\/p>\n<p>O governador sobrevoou a obra da estrada da Barranqueira, que \u00e9 dividida em dois lotes. Ela ter\u00e1 encascalhamento em 61,9 km e tem o investimento previsto de R$ 41,4 milh\u00f5es. A\u00a0pavimenta\u00e7\u00e3o dos bairros Viriato, Altos de S\u00e3o Pedro, Centro e das Flores tamb\u00e9m foi supervisionada.<\/p>\n<p><em>Leonardo Rocha, Comunica\u00e7\u00e3o Governo de MS<\/em><br \/><em>Fotos: Saul Schramm<\/em><\/p>\n<p>&#8212;<br \/><strong>Relacionada:<\/strong><\/p>\n<blockquote class=\"wp-embedded-content\" data-secret=\"vgKmYnIMdg\">\n<p>Novo polo de celulose ganha primeira etapa da obra que vai ligar Camapu\u00e3 a Ribas do Rio Pardo<\/p>\n<\/blockquote>\n<p><iframe loading=\"lazy\" class=\"wp-embedded-content\" sandbox=\"allow-scripts\" security=\"restricted\" style=\"position: absolute; clip: rect(1px, 1px, 1px, 1px);\" title=\"\u201cNovo polo de celulose ganha primeira etapa da obra que vai ligar Camapu\u00e3 a Ribas do Rio Pardo\u201d \u2014 Ag\u00eancia de Noticias do Governo de Mato Grosso do Sul\" src=\"https:\/\/agenciadenoticias.ms.gov.br\/novo-polo-de-celulose-ganha-primeira-etapa-da-obra-que-vai-ligar-camapua-a-ribas-do-rio-pardo\/embed\/#?secret=O3WVIFBY4U#?secret=vgKmYnIMdg\" data-secret=\"vgKmYnIMdg\" width=\"500\" height=\"282\" frameborder=\"0\" marginwidth=\"0\" marginheight=\"0\" scrolling=\"no\"><\/iframe><\/p>\n<\/div>\n","protected":false},"excerpt":{"rendered":"<p>Considerada a mais antiga do Estado, a Festa do Divino Esp\u00edrito Santo mant\u00e9m a tradi\u00e7\u00e3o e a f\u00e9 dos devotos em Coxim. Esta grande celebra\u00e7\u00e3o tem o apoio do Governo do Mato Grosso do Sul. O governador Eduardo Riedel participou na sexta-feira (12) do in\u00edcio da 129\u00aa edi\u00e7\u00e3o da festa, prestigiando este momento que faz [&hellip;]<\/p>\n","protected":false},"author":1,"featured_media":0,"comment_status":"","ping_status":"","sticky":false,"template":"","format":"standard","meta":{"footnotes":""},"categories":[],"tags":[],"class_list":["post-24991","post","type-post","status-publish","format-standard","hentry"],"amp_enabled":true,"_links":{"self":[{"href":"https:\/\/novasdodia.com.br\/index.php\/wp-json\/wp\/v2\/posts\/24991","targetHints":{"allow":["GET"]}}],"collection":[{"href":"https:\/\/novasdodia.com.br\/index.php\/wp-json\/wp\/v2\/posts"}],"about":[{"href":"https:\/\/novasdodia.com.br\/index.php\/wp-json\/wp\/v2\/types\/post"}],"author":[{"embeddable":true,"href":"https:\/\/novasdodia.com.br\/index.php\/wp-json\/wp\/v2\/users\/1"}],"replies":[{"embeddable":true,"href":"https:\/\/novasdodia.com.br\/index.php\/wp-json\/wp\/v2\/comments?post=24991"}],"version-history":[{"count":0,"href":"https:\/\/novasdodia.com.br\/index.php\/wp-json\/wp\/v2\/posts\/24991\/revisions"}],"wp:attachment":[{"href":"https:\/\/novasdodia.com.br\/index.php\/wp-json\/wp\/v2\/media?parent=24991"}],"wp:term":[{"taxonomy":"category","embeddable":true,"href":"https:\/\/novasdodia.com.br\/index.php\/wp-json\/wp\/v2\/categories?post=24991"},{"taxonomy":"post_tag","embeddable":true,"href":"https:\/\/novasdodia.com.br\/index.php\/wp-json\/wp\/v2\/tags?post=24991"}],"curies":[{"name":"wp","href":"https:\/\/api.w.org\/{rel}","templated":true}]}}