{"id":25518,"date":"2024-07-30T11:26:25","date_gmt":"2024-07-30T14:26:25","guid":{"rendered":"https:\/\/novasdodia.com.br\/index.php\/2024\/07\/30\/em-evento-na-fiems-governo-de-ms-formaliza-entrega-de-licenca-para-fabrica-da-suzano-agencia-de-noticias-do-governo-de-mato-grosso-do-sul\/"},"modified":"2024-07-30T11:26:25","modified_gmt":"2024-07-30T14:26:25","slug":"em-evento-na-fiems-governo-de-ms-formaliza-entrega-de-licenca-para-fabrica-da-suzano-agencia-de-noticias-do-governo-de-mato-grosso-do-sul","status":"publish","type":"post","link":"https:\/\/novasdodia.com.br\/index.php\/2024\/07\/30\/em-evento-na-fiems-governo-de-ms-formaliza-entrega-de-licenca-para-fabrica-da-suzano-agencia-de-noticias-do-governo-de-mato-grosso-do-sul\/","title":{"rendered":"Em evento na Fiems, Governo de MS formaliza entrega de licen\u00e7a para f\u00e1brica da Suzano \u2013 Ag\u00eancia de Noticias do Governo de Mato Grosso do Sul"},"content":{"rendered":"<p><\/p>\n<div>\n<p>O Governo de Mato Grosso do Sul formalizou a entrega da licen\u00e7a de opera\u00e7\u00e3o da nova unidade, em Ribas do Rio Pardo, da empresa Suzano, maior produtora mundial de celulose e refer\u00eancia global na fabrica\u00e7\u00e3o de bioprodutos desenvolvidos a partir do eucalipto.<\/p>\n<p>A cerim\u00f4nia de entrega oficial do documento ocorreu na sede da Fiems (Federa\u00e7\u00e3o da Ind\u00fastria de Mato Grosso do Sul), em Campo Grande, na noite de ontem (29), contou com a presen\u00e7a do governador Eduardo Riedel, do presidente da Suzano, Beto Abreu, vice-presidentes da companhia, secret\u00e1rios de Estado, parlamentares e demais autoridades estaduais.<\/p>\n<p>O governador Riedel destacou que o projeto \u00e9 marcante na hist\u00f3ria do Estado e sustentado nos pilares da sustentabilidade, prosperidade, inclus\u00e3o social e tecnologia.<\/p>\n<p>&#8220;Esse ambiente de neg\u00f3cio competitivo e positivo faz parte da harmonia que existe entre o governo, o poder p\u00fablico e a iniciativa privada. A licen\u00e7a entregue hoje talvez traduza um pouco disso tudo, beneficiando a popula\u00e7\u00e3o por meio de oportunidades de emprego e renda. Mato Grosso do Sul tem todo o seu desdobramento e planejamento estrat\u00e9gico elaborado num Estado pr\u00f3spero, verde, inclusivo e digital. S\u00e3o os quatro eixos que norteiam a nossa estrat\u00e9gia de pol\u00edtica p\u00fablica em qualquer \u00e1rea&#8221;, acrescentou.<\/p>\n<p>Para o presidente da Suzano, Beto Abreu, a nova f\u00e1brica \u00e9 fruto de um investimento muito relevante, com uma quantidade enorme de gera\u00e7\u00e3o de empregos direto e indireto, com muitos investimentos em infraestrutura e investimentos sociais. O dirigente enfatizou ainda que o desafio agora \u00e9 concentrar esfor\u00e7os entre os parceiros na qualifica\u00e7\u00e3o de pessoas.<\/p>\n<p>&#8220;Quase tr\u00eas anos de obra e na semana passada tivemos a felicidade de iniciar as opera\u00e7\u00f5es. \u00c9 de fato um projeto marcante n\u00e3o s\u00f3 para o Estado, mas para o Pa\u00eds. Temos uma oportunidade enorme como sociedade, empresas privadas, institui\u00e7\u00f5es e setor p\u00fablico para trabalharmos juntos no desenvolvimento da qualifica\u00e7\u00e3o profissional e inserir cada vez mais brasileiros no mercado de trabalho&#8221;, afirmou.<\/p>\n<p>A autoriza\u00e7\u00e3o ambiental \u00e9 resultado de tr\u00eas anos e meio de trabalho da empresa em conjunto com as autoridades de Mato Grosso do Sul, em especial com \u00f3rg\u00e3o ambiental, cuja atua\u00e7\u00e3o o posiciona como refer\u00eancia no setor de celulose no Brasil.<\/p>\n<p>Expedida pelo Imasul (Instituto de Meio Ambiente de Mato Grosso do Sul) em 9 de julho deste ano, a licen\u00e7a possibilitou o in\u00edcio das opera\u00e7\u00f5es da terceira f\u00e1brica da empresa no Estado, no \u00faltimo dia 21.<\/p>\n<p>A licen\u00e7a de opera\u00e7\u00e3o, emitida pelo Imasul, atesta o cumprimento de todas as condicionantes para instala\u00e7\u00e3o, o manejo sustent\u00e1vel e respeito da companhia com a conserva\u00e7\u00e3o dos recursos naturais e da biodiversidade no Estado. O documento tem validade por quatro anos e estabelece tamb\u00e9m as obriga\u00e7\u00f5es para funcionamento da unidade, assim como as medidas mitigat\u00f3rias e procedimentos de seguran\u00e7a que devem ser adotados ao longo da vig\u00eancia da licen\u00e7a.<\/p>\n<p><strong>Unidade Ribas do Rio Pardo<\/strong><\/p>\n<p>As opera\u00e7\u00f5es da maior linha \u00fanica de produ\u00e7\u00e3o de celulose do mundo, instalada no munic\u00edpio de Ribas do Rio Pardo (MS), iniciaram-se \u00e0s 20h15 do dia 21 de julho. Com capacidade para produzir 2,55 milh\u00f5es de toneladas por ano, o empreendimento \u00e9 resultado de um investimento total de R$ 22,2 bilh\u00f5es, dos quais R$ 15,9 bilh\u00f5es destinados \u00e0 constru\u00e7\u00e3o da f\u00e1brica e R$ 6,3 bilh\u00f5es a iniciativas como a forma\u00e7\u00e3o da base de plantio e a estrutura log\u00edstica para escoamento da celulose.<\/p>\n<p>Com o in\u00edcio das opera\u00e7\u00f5es da nova unidade, a capacidade instalada de produ\u00e7\u00e3o de celulose da Suzano salta de 10,9 milh\u00f5es para 13,5 milh\u00f5es de toneladas anuais, o que representa um aumento de mais de 20% na produ\u00e7\u00e3o atual da companhia. A constru\u00e7\u00e3o da Unidade Ribas do Rio Pardo foi anunciada em maio de 2021 e, no pico da obra, mais de 10 mil empregos diretos foram criados. Com o in\u00edcio das opera\u00e7\u00f5es, cerca de 3 mil pessoas, entre colaboradores(as) pr\u00f3prios(as) e terceiros(as), passam a trabalhar nas atividades industrial, florestal e de log\u00edstica da nova unidade.<\/p>\n<p><strong>Sobre a Suzano<\/strong><\/p>\n<p>A Suzano \u00e9 a maior produtora mundial de celulose, uma das maiores produtoras de pap\u00e9is da Am\u00e9rica Latina, l\u00edder no segmento de papel higi\u00eanico no Brasil e refer\u00eancia no desenvolvimento de solu\u00e7\u00f5es sustent\u00e1veis e inovadoras a partir de mat\u00e9ria-prima de fonte renov\u00e1vel. Os produtos e solu\u00e7\u00f5es da empresa est\u00e3o presentes na vida de mais de 2 bilh\u00f5es de pessoas, abastecem mais de 100 pa\u00edses e incluem celulose; pap\u00e9is para imprimir e escrever; pap\u00e9is para embalagens, copos e canudos; pap\u00e9is sanit\u00e1rios e produtos absorventes; al\u00e9m de novos bioprodutos desenvolvidos para atender a demanda global.<\/p>\n<\/p>\n<p><em>Alexandre Gonzaga, Comunica\u00e7\u00e3o do Governo de MS<\/em><\/p>\n<p><em>Fotos: Bruno Rezende<\/em><\/p>\n<\/div>\n","protected":false},"excerpt":{"rendered":"<p>O Governo de Mato Grosso do Sul formalizou a entrega da licen\u00e7a de opera\u00e7\u00e3o da nova unidade, em Ribas do Rio Pardo, da empresa Suzano, maior produtora mundial de celulose e refer\u00eancia global na fabrica\u00e7\u00e3o de bioprodutos desenvolvidos a partir do eucalipto. A cerim\u00f4nia de entrega oficial do documento ocorreu na sede da Fiems (Federa\u00e7\u00e3o [&hellip;]<\/p>\n","protected":false},"author":1,"featured_media":0,"comment_status":"","ping_status":"","sticky":false,"template":"","format":"standard","meta":{"footnotes":""},"categories":[],"tags":[],"class_list":["post-25518","post","type-post","status-publish","format-standard","hentry"],"amp_enabled":true,"_links":{"self":[{"href":"https:\/\/novasdodia.com.br\/index.php\/wp-json\/wp\/v2\/posts\/25518","targetHints":{"allow":["GET"]}}],"collection":[{"href":"https:\/\/novasdodia.com.br\/index.php\/wp-json\/wp\/v2\/posts"}],"about":[{"href":"https:\/\/novasdodia.com.br\/index.php\/wp-json\/wp\/v2\/types\/post"}],"author":[{"embeddable":true,"href":"https:\/\/novasdodia.com.br\/index.php\/wp-json\/wp\/v2\/users\/1"}],"replies":[{"embeddable":true,"href":"https:\/\/novasdodia.com.br\/index.php\/wp-json\/wp\/v2\/comments?post=25518"}],"version-history":[{"count":0,"href":"https:\/\/novasdodia.com.br\/index.php\/wp-json\/wp\/v2\/posts\/25518\/revisions"}],"wp:attachment":[{"href":"https:\/\/novasdodia.com.br\/index.php\/wp-json\/wp\/v2\/media?parent=25518"}],"wp:term":[{"taxonomy":"category","embeddable":true,"href":"https:\/\/novasdodia.com.br\/index.php\/wp-json\/wp\/v2\/categories?post=25518"},{"taxonomy":"post_tag","embeddable":true,"href":"https:\/\/novasdodia.com.br\/index.php\/wp-json\/wp\/v2\/tags?post=25518"}],"curies":[{"name":"wp","href":"https:\/\/api.w.org\/{rel}","templated":true}]}}