{"id":25603,"date":"2024-08-01T17:21:35","date_gmt":"2024-08-01T20:21:35","guid":{"rendered":"https:\/\/novasdodia.com.br\/index.php\/2024\/08\/01\/ms-anuncia-agencia-de-fomento-com-foco-no-desenvolvimento-economico-local-agencia-de-noticias-do-governo-de-mato-grosso-do-sul\/"},"modified":"2024-08-01T17:21:35","modified_gmt":"2024-08-01T20:21:35","slug":"ms-anuncia-agencia-de-fomento-com-foco-no-desenvolvimento-economico-local-agencia-de-noticias-do-governo-de-mato-grosso-do-sul","status":"publish","type":"post","link":"https:\/\/novasdodia.com.br\/index.php\/2024\/08\/01\/ms-anuncia-agencia-de-fomento-com-foco-no-desenvolvimento-economico-local-agencia-de-noticias-do-governo-de-mato-grosso-do-sul\/","title":{"rendered":"MS anuncia ag\u00eancia de fomento com foco no desenvolvimento econ\u00f4mico local \u2013 Ag\u00eancia de Noticias do Governo de Mato Grosso do Sul"},"content":{"rendered":"<p><\/p>\n<div>\n<p style=\"text-align: center;\"><em>Governador Eduardo Riedel, ao lado dos tamb\u00e9m governadores Carlos Massa e Eduardo Leite; na sequ\u00eancia, mais ao fundo, Jorginho Mello<\/em><\/p>\n<p>Mato Grosso do Sul ter\u00e1 em breve uma ag\u00eancia de fomento econ\u00f4mico. Importante ferramenta de desenvolvimento regional, a ag\u00eancia ser\u00e1 criada em parceria com o BRDE (Banco Regional de Desenvolvimento do Extremo Sul) e foi anunciada pelo Governo do Estado nesta quinta-feira (1\u00ba) durante a posse do governador sul-mato-grossense Eduardo Riedel na presid\u00eancia do Codesul (Conselho de Desenvolvimento e Integra\u00e7\u00e3o Sul), em Campo Grande.\u00a0<\/p>\n<p>Estudada h\u00e1 praticamente um ano, a cria\u00e7\u00e3o da ag\u00eancia vai possibilitar a entrada de Mato Grosso do Sul como s\u00f3cio do BRDE e, assim, viabilizar a obten\u00e7\u00e3o de recursos no mesmo. A previs\u00e3o \u00e9 que em seis meses a ag\u00eancia esteja criada e aprovada para opera\u00e7\u00e3o pelo Banco Central.<\/p>\n<p>&#8220;Estabelecer uma ag\u00eancia de fomento junto a um banco com expertise muito grande em gerir e liberar recursos de maneira adequada, com uma inadimpl\u00eancia menor que 0,5%, o que demonstra a experi\u00eancia em saber dar cr\u00e9dito, vai fomentar novos neg\u00f3cios com crit\u00e9rios bem definidos&#8221;, frisa o governador, que completa na sequ\u00eancia.<\/p>\n<p>&#8220;Nossa ag\u00eancia ser\u00e1 uma nova op\u00e7\u00e3o para o empresariado sul-mato-grossense desenvolver seus neg\u00f3cios, um fomento atrav\u00e9s das linhas de estrat\u00e9gia que n\u00f3s temos, acompanhando industrializa\u00e7\u00e3o, as cadeias produtivas competitivas e os novos neg\u00f3cios que tem surgido aqui. A ag\u00eancia de fomento vai proporcionar essa alternativa de financiamento projetos&#8221;.<\/p>\n<p>J\u00e1 o titular da Semadesc (Secretaria de Meio Ambiente, Desenvolvimento, Ci\u00eancia, Tecnologia e Inova\u00e7\u00e3o), Jaime Verruck, explica que a cria\u00e7\u00e3o da ag\u00eancia significa &#8220;permitir ao Mato Grosso do Sul ter o seu pr\u00f3prio banco de financiamento, atender aos pequenos empres\u00e1rios, utilizar recursos do FCO (Fundo Constitucional de Financiamento do Centro-Oeste) e alavancar um volume significativo de recursos para o desenvolvimento econ\u00f4mico do Estado&#8221;.<\/p>\n<div id=\"gallery-1\" class=\"gallery galleryid-485341 gallery-columns-1 gallery-size-large\">\n<figure class=\"gallery-item\">\n<div class=\"gallery-icon landscape\"><\/div><figcaption class=\"wp-caption-text gallery-caption\" id=\"gallery-1-485364\">\n\t\t\t\tJaime Verruck, centralizado na imagem, \u00e9 o secret\u00e1rio de Desenvolvimento de MS<br \/>\n\t\t\t\t<\/figcaption><\/figure>\n<\/p><\/div>\n<p>O evento desta quinta-feira contou com a presen\u00e7a dos governadores Eduardo Leite (Rio Grande do Sul), Jorginho Mello (Santa Catarina) e Carlos Massa, o Ratinho Junior (Paran\u00e1). Al\u00e9m da posse de Eduardo Riedel na presid\u00eancia do Codesul, eles acompanharam e ratificaram a entrada de Mato Grosso do Sul no Banco Regional de Desenvolvimento.<\/p>\n<p><strong>Formato inovador<\/strong><\/p>\n<p>Entre as possibilidades analisadas para entrar no banco, foi estudada a sociedade direta, o que logo foi descartado por causa dos custos elevados, segundo explica Verruck. &#8220;Caminhamos no segundo momento de como poder emparcerar, sendo definido e aprovado hoje pelos governadores do Codesul que o formato da ag\u00eancia de fomento ser\u00e1 atrav\u00e9s de uma parceria entre o Governo de Mato Grosso do Sul e o BRDE&#8221;, acrescenta Verruck.<\/p>\n<p>A ag\u00eancia de fomento dever\u00e1 contar com 51% de participa\u00e7\u00e3o do Estado de Mato Grosso do Sul e 49% do BRDE, em um formato inovador e que ampliar\u00e1 a capacidade de apoio ao empresariado, oferecendo cr\u00e9dito a micro e pequenos empreendedores, por exemplo.<\/p>\n<p>Conforme Verruck, ser\u00e1 a primeira experi\u00eancia brasileira sob essa forma. &#8220;\u00c9 um grande avan\u00e7o, uma grande defini\u00e7\u00e3o aqui em Campo Grande. Agora com a presid\u00eancia do governador Eduardo Riedel ganhamos mais uma grande ferramenta para o desenvolvimento econ\u00f4mico do Estado&#8221;.<\/p>\n<p><em>Rosana Siqueira, Comunica\u00e7\u00e3o Semadesc<\/em><br \/><em>Nyelder Rodrigues, Comunica\u00e7\u00e3o Governo de MS<\/em><br \/><em>Foto de capa: \u00c1lvaro Rezende\/Secom<br \/>Interna: Mairinco de Pauda\/Semadesc<\/em><\/p>\n<p><strong>ATEN\u00c7\u00c3O<\/strong>: confira <span style=\"color: #0000ff;\">aqui o pack imprensa<\/span> com imagens de apoio, coletiva, fotos e \u00e1udios do evento de posse de Eduardo Riedel como presidente do Codesul<\/p>\n<\/div>\n","protected":false},"excerpt":{"rendered":"<p>Governador Eduardo Riedel, ao lado dos tamb\u00e9m governadores Carlos Massa e Eduardo Leite; na sequ\u00eancia, mais ao fundo, Jorginho Mello Mato Grosso do Sul ter\u00e1 em breve uma ag\u00eancia de fomento econ\u00f4mico. Importante ferramenta de desenvolvimento regional, a ag\u00eancia ser\u00e1 criada em parceria com o BRDE (Banco Regional de Desenvolvimento do Extremo Sul) e foi [&hellip;]<\/p>\n","protected":false},"author":1,"featured_media":0,"comment_status":"","ping_status":"","sticky":false,"template":"","format":"standard","meta":{"footnotes":""},"categories":[],"tags":[],"class_list":["post-25603","post","type-post","status-publish","format-standard","hentry"],"amp_enabled":true,"_links":{"self":[{"href":"https:\/\/novasdodia.com.br\/index.php\/wp-json\/wp\/v2\/posts\/25603","targetHints":{"allow":["GET"]}}],"collection":[{"href":"https:\/\/novasdodia.com.br\/index.php\/wp-json\/wp\/v2\/posts"}],"about":[{"href":"https:\/\/novasdodia.com.br\/index.php\/wp-json\/wp\/v2\/types\/post"}],"author":[{"embeddable":true,"href":"https:\/\/novasdodia.com.br\/index.php\/wp-json\/wp\/v2\/users\/1"}],"replies":[{"embeddable":true,"href":"https:\/\/novasdodia.com.br\/index.php\/wp-json\/wp\/v2\/comments?post=25603"}],"version-history":[{"count":0,"href":"https:\/\/novasdodia.com.br\/index.php\/wp-json\/wp\/v2\/posts\/25603\/revisions"}],"wp:attachment":[{"href":"https:\/\/novasdodia.com.br\/index.php\/wp-json\/wp\/v2\/media?parent=25603"}],"wp:term":[{"taxonomy":"category","embeddable":true,"href":"https:\/\/novasdodia.com.br\/index.php\/wp-json\/wp\/v2\/categories?post=25603"},{"taxonomy":"post_tag","embeddable":true,"href":"https:\/\/novasdodia.com.br\/index.php\/wp-json\/wp\/v2\/tags?post=25603"}],"curies":[{"name":"wp","href":"https:\/\/api.w.org\/{rel}","templated":true}]}}