{"id":25857,"date":"2024-08-08T21:04:24","date_gmt":"2024-08-09T00:04:24","guid":{"rendered":"https:\/\/novasdodia.com.br\/index.php\/2024\/08\/08\/eleicoes-para-reitor-e-diretores-gerais-do-ifsp-consup-deflagra-processo-eleitoral-ifsp\/"},"modified":"2024-08-08T21:04:24","modified_gmt":"2024-08-09T00:04:24","slug":"eleicoes-para-reitor-e-diretores-gerais-do-ifsp-consup-deflagra-processo-eleitoral-ifsp","status":"publish","type":"post","link":"https:\/\/novasdodia.com.br\/index.php\/2024\/08\/08\/eleicoes-para-reitor-e-diretores-gerais-do-ifsp-consup-deflagra-processo-eleitoral-ifsp\/","title":{"rendered":"Elei\u00e7\u00f5es para reitor e diretores-gerais do IFSP: Consup deflagra processo eleitoral &#8211; IFSP"},"content":{"rendered":"<p><\/p>\n<div>\n<div class=\"subtitle\">\n<p><span data-contrast=\"none\">Processo ir\u00e1 reger a escolha de gestores para o per\u00edodo de 2025 a 2029<\/span><span data-ccp-props=\"{&quot;134233117&quot;:false,&quot;134233118&quot;:false,&quot;201341983&quot;:0,&quot;335551550&quot;:0,&quot;335551620&quot;:0,&quot;335557856&quot;:16777215,&quot;335559738&quot;:0,&quot;335559739&quot;:150,&quot;335559740&quot;:279}\">\u00a0<\/span><\/p>\n<\/div>\n<p><!-- fim .content-header-options-1 --><\/p>\n<p><span data-contrast=\"none\">O Conselho Superior do IFSP (Consup) deflagrou na tarde de hoje, 8 de agosto, o processo eleitoral para a escolha de reitor e de diretores-gerais do IFSP, para mandatos dos pr\u00f3ximos quatro anos, de 2025 a 2029. O processo tem 90 dias para ser conclu\u00eddo, a partir da data de deflagra\u00e7\u00e3o.<\/span><span data-ccp-props=\"{&quot;134233117&quot;:false,&quot;134233118&quot;:false,&quot;201341983&quot;:0,&quot;335551550&quot;:0,&quot;335551620&quot;:0,&quot;335557856&quot;:16777215,&quot;335559738&quot;:0,&quot;335559739&quot;:150,&quot;335559740&quot;:279}\">\u00a0<\/span><\/p>\n<p><span data-contrast=\"none\">Na reuni\u00e3o de ontem, ficou definido que a elei\u00e7\u00e3o ter\u00e1 dois turnos. Agora, o pr\u00f3ximo passo \u00e9 a forma\u00e7\u00e3o das comiss\u00f5es eleitorais locais, o que deve acontecer at\u00e9 o dia 22 de agosto. Na sequ\u00eancia, em 23 de agosto, ser\u00e1 formada a Comiss\u00e3o Eleitoral Central, respons\u00e1vel pela elabora\u00e7\u00e3o do c\u00f3digo eleitoral; a partir da formata\u00e7\u00e3o do c\u00f3digo, define-se todo o cronograma do processo.<\/span><span data-ccp-props=\"{&quot;134233117&quot;:false,&quot;134233118&quot;:false,&quot;201341983&quot;:0,&quot;335551550&quot;:0,&quot;335551620&quot;:0,&quot;335557856&quot;:16777215,&quot;335559738&quot;:0,&quot;335559739&quot;:150,&quot;335559740&quot;:279}\">\u00a0<\/span><\/p>\n<p><span data-contrast=\"none\">As elei\u00e7\u00f5es se dar\u00e3o em conformidade com o que prev\u00ea a lei de cria\u00e7\u00e3o dos Institutos Federais (<\/span><span data-contrast=\"none\">11892\/08<\/span><span data-contrast=\"none\">) e o decreto\u00a0<\/span><span data-contrast=\"none\">6986\/09<\/span><span data-contrast=\"none\">, que disciplina os artigos dessa lei que tratam do processo de escolha dos dirigentes dos institutos.<\/span><span data-ccp-props=\"{&quot;134233117&quot;:false,&quot;134233118&quot;:false,&quot;201341983&quot;:0,&quot;335551550&quot;:0,&quot;335551620&quot;:0,&quot;335557856&quot;:16777215,&quot;335559738&quot;:0,&quot;335559739&quot;:150,&quot;335559740&quot;:279}\">\u00a0<\/span><\/p>\n<p><span data-ccp-props=\"{&quot;201341983&quot;:0,&quot;335559739&quot;:160,&quot;335559740&quot;:279}\">\u00a0<\/span><\/p>\n<\/div>\n<p><script>(function(d, s, id) {\n  var js, fjs = d.getElementsByTagName(s)[0];\n  if (d.getElementById(id)) return;\n  js = d.createElement(s); js.id = id;\n  js.src = \"\/\/connect.facebook.net\/pt_BR\/all.js#xfbml=1&appId=509544779073047\";\n  fjs.parentNode.insertBefore(js, fjs);\n }(document, 'script', 'facebook-jssdk'));<\/script><\/p>\n","protected":false},"excerpt":{"rendered":"<p>Processo ir\u00e1 reger a escolha de gestores para o per\u00edodo de 2025 a 2029\u00a0 O Conselho Superior do IFSP (Consup) deflagrou na tarde de hoje, 8 de agosto, o processo eleitoral para a escolha de reitor e de diretores-gerais do IFSP, para mandatos dos pr\u00f3ximos quatro anos, de 2025 a 2029. O processo tem 90 [&hellip;]<\/p>\n","protected":false},"author":1,"featured_media":0,"comment_status":"","ping_status":"","sticky":false,"template":"","format":"standard","meta":{"footnotes":""},"categories":[1],"tags":[],"class_list":["post-25857","post","type-post","status-publish","format-standard","hentry","category-noticias"],"amp_enabled":true,"_links":{"self":[{"href":"https:\/\/novasdodia.com.br\/index.php\/wp-json\/wp\/v2\/posts\/25857","targetHints":{"allow":["GET"]}}],"collection":[{"href":"https:\/\/novasdodia.com.br\/index.php\/wp-json\/wp\/v2\/posts"}],"about":[{"href":"https:\/\/novasdodia.com.br\/index.php\/wp-json\/wp\/v2\/types\/post"}],"author":[{"embeddable":true,"href":"https:\/\/novasdodia.com.br\/index.php\/wp-json\/wp\/v2\/users\/1"}],"replies":[{"embeddable":true,"href":"https:\/\/novasdodia.com.br\/index.php\/wp-json\/wp\/v2\/comments?post=25857"}],"version-history":[{"count":0,"href":"https:\/\/novasdodia.com.br\/index.php\/wp-json\/wp\/v2\/posts\/25857\/revisions"}],"wp:attachment":[{"href":"https:\/\/novasdodia.com.br\/index.php\/wp-json\/wp\/v2\/media?parent=25857"}],"wp:term":[{"taxonomy":"category","embeddable":true,"href":"https:\/\/novasdodia.com.br\/index.php\/wp-json\/wp\/v2\/categories?post=25857"},{"taxonomy":"post_tag","embeddable":true,"href":"https:\/\/novasdodia.com.br\/index.php\/wp-json\/wp\/v2\/tags?post=25857"}],"curies":[{"name":"wp","href":"https:\/\/api.w.org\/{rel}","templated":true}]}}