{"id":25966,"date":"2024-08-11T22:34:32","date_gmt":"2024-08-12T01:34:32","guid":{"rendered":"https:\/\/novasdodia.com.br\/index.php\/2024\/08\/11\/a-tradicao-de-pai-filhos-e-netos-na-policia\/"},"modified":"2024-08-11T22:34:32","modified_gmt":"2024-08-12T01:34:32","slug":"a-tradicao-de-pai-filhos-e-netos-na-policia","status":"publish","type":"post","link":"https:\/\/novasdodia.com.br\/index.php\/2024\/08\/11\/a-tradicao-de-pai-filhos-e-netos-na-policia\/","title":{"rendered":"a tradi\u00e7\u00e3o de pai, filhos e netos na pol\u00edcia"},"content":{"rendered":"<p><img decoding=\"async\" src=\"https:\/\/www.saopaulo.sp.gov.br\/wp-content\/uploads\/2024\/08\/Gabriel-e-Roberto-policiais.jpeg\" \/><\/p>\n<div id=\"\">&#13;<br \/>\n                                <!-- Title -->&#13;<br \/>\n                                &#13;<br \/>\n&#13;<br \/>\n                                <!-- Excerpt -->&#13;<\/p>\n<p class=\"excerpt\">Jos\u00e9 Ceoloni, que passou 48 anos na pol\u00edcia, afirma que \u00e9 preciso coragem para ser policial e se orgulha da fam\u00edlia que construiu&#13;\n<\/p>\n<p>&#13;<br \/>\n&#13;<br \/>\n                                &#13;\n                            <\/p><\/div>\n<div id=\"\">&#13;<br \/>\n                                &#13;<\/p>\n<figure id=\"attachment_5930608\" style=\"width: 100%;max-width: 1280px\" class=\"wp-caption alignnone\"><figcaption class=\"wp-caption-text\">Gabriel e Roberto seguiram o exemplo do pai e do av\u00f4 e tamb\u00e9m se tornaram policiais<\/figcaption><\/figure>\n<p>&#13;<\/p>\n<p>De pai para os filhos. Dos filhos para os netos. E, talvez, dos netos para os bisnetos. O legado criado pelo policial aposentado Jos\u00e9 Ceoloni, de 70 anos, ultrapassa gera\u00e7\u00f5es. Ele revelou que nunca precisou, de fato, incentivar os filhos a entrarem na corpora\u00e7\u00e3o, mas os tr\u00eas passaram a admirar a profiss\u00e3o a partir das viv\u00eancias do pai \u2014 e, depois que entraram, foi a vez dos netos.\u00a0<\/p>\n<p>&#13;<\/p>\n<p>Ceoloni entrou para a Pol\u00edcia Militar de S\u00e3o Paulo em 1974. Ap\u00f3s 14 anos, ele decidiu prestar concurso para a Pol\u00edcia Civil e passou a atuar como investigador. Ao todo, foram 48 anos nas duas for\u00e7as de seguran\u00e7a do estado at\u00e9 se aposentar. \u201cN\u00e3o escolheria outra profiss\u00e3o\u201d, afirma.<\/p>\n<p>&#13;<\/p>\n<p>A trajet\u00f3ria de Ceoloni na pol\u00edcia foi t\u00e3o significante que inspirou os tr\u00eas filhos a seguir carreira militar. O ca\u00e7ula do trio, major Ricardo Ceoloni, se empolga ao falar do pai: \u201cA gente sempre via ele fardado, saindo e voltando do trabalho, refer\u00eancia na cidade e, todo mundo que o conhecia, falava dele de uma forma t\u00e3o inspiradora. Acabamos nos espelhando nele\u201d, conta.\u00a0<\/p>\n<p>&#13;<\/p>\n<p>Como se n\u00e3o bastasse o pai e os irm\u00e3os, o major ainda \u00e9 casado com uma capit\u00e3 m\u00e9dica, e o sogro dele \u00e9 coronel aposentado.<\/p>\n<p>&#13;<\/p>\n<p>O plano para este domingo (11) \u00e9 reunir todo mundo na casa do pai, em S\u00e3o Roque, no interior de S\u00e3o Paulo. \u201cO assunto no almo\u00e7o \u00e9 diferente aqui\u201d, brinca Ricardo. A fam\u00edlia inteira \u00e9 conhecida na regi\u00e3o, n\u00e3o s\u00f3 por ser quase toda da pol\u00edcia e a popula\u00e7\u00e3o ter uma admira\u00e7\u00e3o enorme, mas porque eles j\u00e1 atuaram em diversas causas sociais.<\/p>\n<p>&#13;<\/p>\n<p>O major \u00e9 pai de dois meninos, de 11 e 7 anos. Mesmo novos, os dois afirmam que tamb\u00e9m querem entrar para a pol\u00edcia. \u201cEles ainda s\u00e3o crian\u00e7as, n\u00e3o sei se v\u00e3o permanecer com esse desejo, mas vou apoi\u00e1-los no que decidirem ser\u201d, admite.<\/p>\n<p>&#13;<\/p>\n<h2 class=\"wp-block-heading\">De av\u00f4 para o neto<\/h2>\n<p>&#13;<br \/>\n&#13;<br \/>\n&#13;<br \/>\n&#13;<\/p>\n<p>Neto de Ceoloni, o tenente Gabriel Ceoloni conta que ouviu muitas hist\u00f3rias do av\u00f4, dos tios e do pai sobre a pol\u00edcia. \u201cDesde que me entendo por gente, em toda reuni\u00e3o de fam\u00edlia eles falam do dia a dia, da rotina da pol\u00edcia. Aquilo foi se inserindo no meu meio, eu gostava. Quando cresci, quis vivenciar tudo aquilo na pr\u00e1tica.\u201d<\/p>\n<p>&#13;<br \/>\n&#13;<br \/>\n&#13;<br \/>\n&#13;<\/p>\n<p>Os relatos n\u00e3o influenciaram apenas Gabriel, mas tamb\u00e9m o seu irm\u00e3o, Roberto, que hoje \u00e9 soldado. Os dois s\u00e3o filhos do sargento Roberto Ceoloni, segundo filho do policial aposentado.<\/p>\n<p>&#13;<br \/>\n&#13;<br \/>\n&#13;<br \/>\n&#13;<\/p>\n<p>O tenente tamb\u00e9m \u00e9 pai de um menino de 5 anos. Ele revela que a crian\u00e7a adora ir ao quartel ver as viaturas e tamb\u00e9m diz que quer ser policial. \u201cN\u00e3o tem jeito, acho que est\u00e1 no sangue.\u201d<\/p>\n<p>&#13;<br \/>\n&#13;<br \/>\n&#13;<br \/>\n&#13;<\/p>\n<p>O av\u00f4 fala que n\u00e3o imaginava que sua hist\u00f3ria na corpora\u00e7\u00e3o fosse repercutir tanto a ponto de chegar aos netos. \u201cForam os tr\u00eas filhos, os dois netos e vai saber se os bisnetos tamb\u00e9m n\u00e3o v\u00e3o querer. \u00c9 uma profiss\u00e3o que exige coragem, ent\u00e3o tenho muito orgulho deles e sou extremamente feliz com isso\u201d, diz Ceoloni.<\/p>\n<p>&#13;<br \/>\n&#13;<br \/>\n&#13;<br \/>\n&#13;<\/p>\n<p>Os familiares afirmam que levam li\u00e7\u00f5es de vida que aprenderam na corpora\u00e7\u00e3o. O legado que os filhos e netos continuam carregando: car\u00e1ter, lealdade, honra, respeito, dedica\u00e7\u00e3o e postura.<\/p>\n<p>&#13;<\/p>\n<p>Siga o canal \u201cGoverno de S\u00e3o Paulo\u201d no WhatsApp: https:\/\/bit.ly\/govspnozap<\/p>\n<p>&#13;\n                            <\/p><\/div>\n","protected":false},"excerpt":{"rendered":"<p>&#13; &#13; &#13; &#13; &#13; Jos\u00e9 Ceoloni, que passou 48 anos na pol\u00edcia, afirma que \u00e9 preciso coragem para ser policial e se orgulha da fam\u00edlia que construiu&#13; &#13; &#13; &#13; &#13; &#13; Gabriel e Roberto seguiram o exemplo do pai e do av\u00f4 e tamb\u00e9m se tornaram policiais &#13; De pai para os filhos. [&hellip;]<\/p>\n","protected":false},"author":1,"featured_media":0,"comment_status":"","ping_status":"","sticky":false,"template":"","format":"standard","meta":{"footnotes":""},"categories":[1],"tags":[],"class_list":["post-25966","post","type-post","status-publish","format-standard","hentry","category-noticias"],"amp_enabled":true,"_links":{"self":[{"href":"https:\/\/novasdodia.com.br\/index.php\/wp-json\/wp\/v2\/posts\/25966","targetHints":{"allow":["GET"]}}],"collection":[{"href":"https:\/\/novasdodia.com.br\/index.php\/wp-json\/wp\/v2\/posts"}],"about":[{"href":"https:\/\/novasdodia.com.br\/index.php\/wp-json\/wp\/v2\/types\/post"}],"author":[{"embeddable":true,"href":"https:\/\/novasdodia.com.br\/index.php\/wp-json\/wp\/v2\/users\/1"}],"replies":[{"embeddable":true,"href":"https:\/\/novasdodia.com.br\/index.php\/wp-json\/wp\/v2\/comments?post=25966"}],"version-history":[{"count":0,"href":"https:\/\/novasdodia.com.br\/index.php\/wp-json\/wp\/v2\/posts\/25966\/revisions"}],"wp:attachment":[{"href":"https:\/\/novasdodia.com.br\/index.php\/wp-json\/wp\/v2\/media?parent=25966"}],"wp:term":[{"taxonomy":"category","embeddable":true,"href":"https:\/\/novasdodia.com.br\/index.php\/wp-json\/wp\/v2\/categories?post=25966"},{"taxonomy":"post_tag","embeddable":true,"href":"https:\/\/novasdodia.com.br\/index.php\/wp-json\/wp\/v2\/tags?post=25966"}],"curies":[{"name":"wp","href":"https:\/\/api.w.org\/{rel}","templated":true}]}}