{"id":26201,"date":"2024-08-18T14:55:24","date_gmt":"2024-08-18T17:55:24","guid":{"rendered":"https:\/\/novasdodia.com.br\/index.php\/2024\/08\/18\/obras-de-manutencao-alteram-circulacao-no-fim-de-semana\/"},"modified":"2024-08-18T14:55:24","modified_gmt":"2024-08-18T17:55:24","slug":"obras-de-manutencao-alteram-circulacao-no-fim-de-semana","status":"publish","type":"post","link":"https:\/\/novasdodia.com.br\/index.php\/2024\/08\/18\/obras-de-manutencao-alteram-circulacao-no-fim-de-semana\/","title":{"rendered":"obras de manuten\u00e7\u00e3o alteram circula\u00e7\u00e3o no fim de semana"},"content":{"rendered":"<p><img decoding=\"async\" src=\"https:\/\/www.saopaulo.sp.gov.br\/wp-content\/uploads\/2024\/05\/arquivo5-1.jpg\" \/><\/p>\n<div id=\"\">&#13;<br \/>\n                                <!-- Title -->&#13;<br \/>\n                                &#13;<br \/>\n&#13;<br \/>\n                                <!-- Excerpt -->&#13;<\/p>\n<p class=\"excerpt\">Altera\u00e7\u00f5es afetam o Servi\u00e7o 710 e as linhas 11-Coral, 7-Rubi e 10-Turquesa; haver\u00e1 ainda monitoramento devido ao Concurso Nacional Unificado<\/p>\n<p>&#13;<br \/>\n&#13;<br \/>\n                                &#13;\n                            <\/p><\/div>\n<div id=\"\">&#13;<\/p>\n<p>Neste final de semana dos dias 17 e 18 de agosto haver\u00e1 duas importantes mudan\u00e7as na circula\u00e7\u00e3o do Servi\u00e7o 710 e de plataforma na Linha 11-Coral, ambos administrados pela CPTM, para a realiza\u00e7\u00e3o de obras de manuten\u00e7\u00e3o e moderniza\u00e7\u00e3o, com o objetivo de sempre melhorar o conforto e a seguran\u00e7a dos passageiros.<\/p>\n<p>A partir das 21h de s\u00e1bado (17), os trens que seguem em dire\u00e7\u00e3o a Rio Grande da Serra n\u00e3o ir\u00e3o parar na Esta\u00e7\u00e3o Utinga, na Linha 10-Turquesa. Desta forma, os passageiros que querem embarcar nesta esta\u00e7\u00e3o devem seguir at\u00e9 a Esta\u00e7\u00e3o S\u00e3o Caetano e trocar de plataforma para prosseguir a viagem.<\/p>\n<p>J\u00e1 quem quer desembarcar no local deve ir at\u00e9 Prefeito Saladino e retornar para Utinga. A altera\u00e7\u00e3o permanecer\u00e1 at\u00e9 as 21h de domingo (18). Ser\u00e3o realizados servi\u00e7os como instala\u00e7\u00e3o de postes met\u00e1licos e lan\u00e7amento de cabos. Al\u00e9m disso, obras no Viaduto Independ\u00eancia, em S\u00e3o Caetano, tornar\u00e3o necess\u00e1rio o desligamento de parte da rede a\u00e9rea, fazendo com que os trens utilizem a plataforma 1 nas Esta\u00e7\u00f5es Prefeito Saladino e Capuava, plataforma 3 em Santo Andr\u00e9 e Mau\u00e1 (somente no s\u00e1bado) e plataforma 4 em S\u00e3o Caetano.<\/p>\n<p>J\u00e1 no domingo, entre 8h e 17h, os trens que seguem em dire\u00e7\u00e3o a Jundia\u00ed, na Linha 7-Rubi, n\u00e3o ir\u00e3o parar na Esta\u00e7\u00e3o Piqueri, na Linha 7-Rubi. Os passageiros que chegam \u00e0 esta\u00e7\u00e3o e querem seguir sentido Jundia\u00ed devem retornar at\u00e9 a Esta\u00e7\u00e3o Lapa e embarcar novamente. Quem quer desembarcar em Piqueri deve seguir at\u00e9 Pirituba e retornar sentido Rio Grande da Serra. Essa altera\u00e7\u00e3o na circula\u00e7\u00e3o permitir\u00e1 que a CPTM realize a demoli\u00e7\u00e3o de Aparelhos de Mudan\u00e7a de Via (AMVs) desativados, al\u00e9m da execu\u00e7\u00e3o de al\u00edvio de tens\u00e3o, soldas e limpeza de faixa.<\/p>\n<p>Durante toda a opera\u00e7\u00e3o comercial de domingo (18), os trens da Linha 11-Coral que chegam e partem da Esta\u00e7\u00e3o Mogi das Cruzes utilizar\u00e3o a plataforma 5. Neste per\u00edodo, ser\u00e1 realizada a manuten\u00e7\u00e3o preventiva da rede a\u00e9rea e a substitui\u00e7\u00e3o de dormentes de madeira por dormentes de concreto nas proximidades da plataforma 1 da esta\u00e7\u00e3o.<\/p>\n<h2>CPTM e o Concurso P\u00fablico Nacional Unificado<\/h2>\n<p>No domingo, a equipe operacional da CPTM vai monitorar a movimenta\u00e7\u00e3o de passageiros e manter\u00e1 trens de prontid\u00e3o para atender eventual aumento de fluxo para atender aos candidatos do Concurso P\u00fablico Nacional Unificado.<\/p>\n<p>Os colaboradores estar\u00e3o \u00e0 disposi\u00e7\u00e3o para auxiliar os passageiros nos seus deslocamentos. Todas as mudan\u00e7as na opera\u00e7\u00e3o est\u00e3o sendo informadas aos passageiros por avisos sonoros, pain\u00e9is eletr\u00f4nicos e sinaliza\u00e7\u00e3o no local. \u00c9 poss\u00edvel tamb\u00e9m acompanhar pelas redes sociais da companhia e esclarecer d\u00favidas pelos canais de atendimento: Central de Relacionamento no 0800 055 0121 ou pelo WhatsApp (11) 99767-7030.<\/p>\n<\/p><\/div>\n","protected":false},"excerpt":{"rendered":"<p>&#13; &#13; &#13; &#13; &#13; Altera\u00e7\u00f5es afetam o Servi\u00e7o 710 e as linhas 11-Coral, 7-Rubi e 10-Turquesa; haver\u00e1 ainda monitoramento devido ao Concurso Nacional Unificado &#13; &#13; &#13; &#13; Neste final de semana dos dias 17 e 18 de agosto haver\u00e1 duas importantes mudan\u00e7as na circula\u00e7\u00e3o do Servi\u00e7o 710 e de plataforma na Linha 11-Coral, [&hellip;]<\/p>\n","protected":false},"author":1,"featured_media":0,"comment_status":"","ping_status":"","sticky":false,"template":"","format":"standard","meta":{"footnotes":""},"categories":[1],"tags":[],"class_list":["post-26201","post","type-post","status-publish","format-standard","hentry","category-noticias"],"amp_enabled":true,"_links":{"self":[{"href":"https:\/\/novasdodia.com.br\/index.php\/wp-json\/wp\/v2\/posts\/26201","targetHints":{"allow":["GET"]}}],"collection":[{"href":"https:\/\/novasdodia.com.br\/index.php\/wp-json\/wp\/v2\/posts"}],"about":[{"href":"https:\/\/novasdodia.com.br\/index.php\/wp-json\/wp\/v2\/types\/post"}],"author":[{"embeddable":true,"href":"https:\/\/novasdodia.com.br\/index.php\/wp-json\/wp\/v2\/users\/1"}],"replies":[{"embeddable":true,"href":"https:\/\/novasdodia.com.br\/index.php\/wp-json\/wp\/v2\/comments?post=26201"}],"version-history":[{"count":0,"href":"https:\/\/novasdodia.com.br\/index.php\/wp-json\/wp\/v2\/posts\/26201\/revisions"}],"wp:attachment":[{"href":"https:\/\/novasdodia.com.br\/index.php\/wp-json\/wp\/v2\/media?parent=26201"}],"wp:term":[{"taxonomy":"category","embeddable":true,"href":"https:\/\/novasdodia.com.br\/index.php\/wp-json\/wp\/v2\/categories?post=26201"},{"taxonomy":"post_tag","embeddable":true,"href":"https:\/\/novasdodia.com.br\/index.php\/wp-json\/wp\/v2\/tags?post=26201"}],"curies":[{"name":"wp","href":"https:\/\/api.w.org\/{rel}","templated":true}]}}