{"id":26346,"date":"2024-08-22T12:38:29","date_gmt":"2024-08-22T15:38:29","guid":{"rendered":"https:\/\/novasdodia.com.br\/index.php\/2024\/08\/22\/oficiais-do-exercito-sao-recebidos-pelo-governo-de-ms-e-conhecem-desafios-e-perpectivas-do-estado\/"},"modified":"2024-08-22T12:38:29","modified_gmt":"2024-08-22T15:38:29","slug":"oficiais-do-exercito-sao-recebidos-pelo-governo-de-ms-e-conhecem-desafios-e-perpectivas-do-estado","status":"publish","type":"post","link":"https:\/\/novasdodia.com.br\/index.php\/2024\/08\/22\/oficiais-do-exercito-sao-recebidos-pelo-governo-de-ms-e-conhecem-desafios-e-perpectivas-do-estado\/","title":{"rendered":"Oficiais do Ex\u00e9rcito s\u00e3o recebidos pelo Governo de MS e conhecem desafios e perpectivas do Estado"},"content":{"rendered":"<p><\/p>\n<div>\n<p>Militares-alunos da Escola de Comando e Estado Maior do Ex\u00e9rcito (Eceme) est\u00e3o em visita t\u00e9cnica ao Estado e foram recebidos nesta quinta-feira (22) pelo governador Eduardo Riedel, acompanhado por secret\u00e1rios e gestores estaduais. A viagem de estudos dos oficiais faz parte da conclus\u00e3o final do curso de forma\u00e7\u00e3o da Eceme, que percorrem todas as regi\u00f5es do Brasil, com objetivo de assimilar conhecimento nas \u00e1reas militar, pol\u00edtica, econ\u00f4mica, psicossocial e cient\u00edfico-tecnol\u00f3gica.<\/p>\n<p>O governador Eduardo Riedel destacou aos militares uma vis\u00e3o estrat\u00e9gica do Estado, abordando as caracter\u00edsticas s\u00f3cio-econ\u00f4micas de Mato Grosso do Sul, al\u00e9m das potencialidades, principais desafios e perspectivas para os pr\u00f3ximos anos. Riedel ainda afirmou que o papel do governo \u00e9 oferecer ao setor privado um ambiente de neg\u00f3cios, atraindo investimentos e opera\u00e7\u00f5es robustas dentro do Estado, como nos setores de celulose, agroind\u00fastria e bioenergia.<\/p>\n<p>&#8220;Procuramos fazer com que o ambiente de neg\u00f3cio se torne atrativo, porque \u00e9 ele que vai impactar diretamente no social, gera\u00e7\u00e3o de emprego, renda, oportunidade de trabalho. Claro que ele tem que vir acompanhado por um processo muito robusto de educa\u00e7\u00e3o e qualifica\u00e7\u00e3o profissional&#8221;, salientou.<\/p>\n<p>Ao falar sobre infraestura e log\u00edstica, Riedel abordou o esfor\u00e7o do governo para melhorar a malha vi\u00e1ria em Mato Grosso do Sul, em especial, com novas concess\u00f5es em rodovias, hidrovias, ferrovias e a implanta\u00e7\u00e3o do novo corredor econ\u00f4mico (Rota Bioce\u00e2nica), ligando Mato Grosso do Sul aos mercados asi\u00e1ticos.<\/p>\n<p>&#8220;Tudo isso est\u00e1 relacionado a partir de uma vis\u00e3o de desenvolvimento, criando competitividade para as empresas instaladas com acessos ao mercado consumidor. O que tem acontecido \u00e9 uma transforma\u00e7\u00e3o, levando o Estado a estar sempre entre os tr\u00eas maiores crescimentos do Brasil em termos de Produto Interno Bruto. Estamos falando entre 5% e 7% ao ano de crescimento, com uma taxa de 3,8% de desemprego, a terceira menor do Pa\u00eds&#8221;.<\/p>\n<p>O grupo de militares fica no Estado at\u00e9 amanh\u00e3 (23), e ainda deve percorrer \u00e1reas de abrang\u00eancia do Comando Militar do Oeste, em especial os munic\u00edpios de Dourados, Corumb\u00e1 e Lad\u00e1rio.<\/p>\n<p>Como parte da programa\u00e7\u00e3o, os alunos-oficiais assistir\u00e3o ainda hoje palestras de gestores estaduais sobre economia, log\u00edstica e seguran\u00e7a p\u00fablica, al\u00e9m de encontros com representantes da Fiems e Famasul.<\/p>\n<p>A recep\u00e7\u00e3o do grupo em Mato Grosso do Sul \u00e9 coordenada pelo Comando Miliar do Oeste (CMO) e ter\u00e1 como proposta apresentar um panorama conjuntural do Estado, com informa\u00e7\u00f5es estrat\u00e9gicas, especialmente as que tem impacto nas \u00e1reas de seguran\u00e7a e defesa, visando preparar os oficiais alunos para futuros trabalhos de comando e assessoria militar na regi\u00e3o.<\/p>\n<p>Estiveram presentes na solenidade de recep\u00e7\u00e3o aos militares-alunos, os secret\u00e1rios Rodrigo Perez (Governo e Gest\u00e3o Estrat\u00e9gica), Jaime Verruck (Meio Ambiente, Desenvolvimento, Ci\u00eancia, Tecnologia e Inova\u00e7\u00e3o), Wagner Ferreira da Silva (Secretaria-Executiva da Sejusp), al\u00e9m do comandante Militar do Oeste (CMO), general Luiz Fernando Estorrilho Baganha.<\/p>\n<p><strong>Eceme<\/strong> &#8211; A Escola de Comando e Estado-Maior do Ex\u00e9rcito, situada no bairro da Praia Vermelha, no Rio de Janeiro (RJ), \u00e9 um estabelecimento de ensino tradicional do Ex\u00e9rcito Brasileiro. Sua miss\u00e3o \u00e9 a de preparar oficiais superiores para o exerc\u00edcio de fun\u00e7\u00f5es de Estado-Maior, Comando, Chefia, Dire\u00e7\u00e3o e de Assessoramento aos mais elevados escal\u00f5es da For\u00e7a Terrestre. Al\u00e9m disso, coopera com os \u00f3rg\u00e3os de Dire\u00e7\u00e3o Geral e Setorial no desenvolvimento da doutrina militar para o preparo e o emprego da For\u00e7a Terrestre.<\/p>\n<p><em>Alexandre Gonzaga, Comunica\u00e7\u00e3o do Governo de MS<\/em><br \/><em>Fotos: Saul Schramm<\/em><\/p>\n<p><strong>ATEN\u00c7\u00c3O<\/strong>: confira <span style=\"color: #0000ff;\">aqui o pack imprensa<\/span> com as imagens de apoio e entrevista do governador<\/p>\n<\/div>\n","protected":false},"excerpt":{"rendered":"<p>Militares-alunos da Escola de Comando e Estado Maior do Ex\u00e9rcito (Eceme) est\u00e3o em visita t\u00e9cnica ao Estado e foram recebidos nesta quinta-feira (22) pelo governador Eduardo Riedel, acompanhado por secret\u00e1rios e gestores estaduais. A viagem de estudos dos oficiais faz parte da conclus\u00e3o final do curso de forma\u00e7\u00e3o da Eceme, que percorrem todas as regi\u00f5es [&hellip;]<\/p>\n","protected":false},"author":1,"featured_media":0,"comment_status":"","ping_status":"","sticky":false,"template":"","format":"standard","meta":{"footnotes":""},"categories":[],"tags":[],"class_list":["post-26346","post","type-post","status-publish","format-standard","hentry"],"amp_enabled":true,"_links":{"self":[{"href":"https:\/\/novasdodia.com.br\/index.php\/wp-json\/wp\/v2\/posts\/26346","targetHints":{"allow":["GET"]}}],"collection":[{"href":"https:\/\/novasdodia.com.br\/index.php\/wp-json\/wp\/v2\/posts"}],"about":[{"href":"https:\/\/novasdodia.com.br\/index.php\/wp-json\/wp\/v2\/types\/post"}],"author":[{"embeddable":true,"href":"https:\/\/novasdodia.com.br\/index.php\/wp-json\/wp\/v2\/users\/1"}],"replies":[{"embeddable":true,"href":"https:\/\/novasdodia.com.br\/index.php\/wp-json\/wp\/v2\/comments?post=26346"}],"version-history":[{"count":0,"href":"https:\/\/novasdodia.com.br\/index.php\/wp-json\/wp\/v2\/posts\/26346\/revisions"}],"wp:attachment":[{"href":"https:\/\/novasdodia.com.br\/index.php\/wp-json\/wp\/v2\/media?parent=26346"}],"wp:term":[{"taxonomy":"category","embeddable":true,"href":"https:\/\/novasdodia.com.br\/index.php\/wp-json\/wp\/v2\/categories?post=26346"},{"taxonomy":"post_tag","embeddable":true,"href":"https:\/\/novasdodia.com.br\/index.php\/wp-json\/wp\/v2\/tags?post=26346"}],"curies":[{"name":"wp","href":"https:\/\/api.w.org\/{rel}","templated":true}]}}