{"id":26411,"date":"2024-08-24T11:38:25","date_gmt":"2024-08-24T14:38:25","guid":{"rendered":"https:\/\/novasdodia.com.br\/index.php\/2024\/08\/24\/agencia-minas-gerais-programa-jovens-embaixadores-2025-abre-selecao-para-intercambio-nos-eua\/"},"modified":"2024-08-24T11:38:25","modified_gmt":"2024-08-24T14:38:25","slug":"agencia-minas-gerais-programa-jovens-embaixadores-2025-abre-selecao-para-intercambio-nos-eua","status":"publish","type":"post","link":"https:\/\/novasdodia.com.br\/index.php\/2024\/08\/24\/agencia-minas-gerais-programa-jovens-embaixadores-2025-abre-selecao-para-intercambio-nos-eua\/","title":{"rendered":"Ag\u00eancia Minas Gerais | Programa Jovens Embaixadores 2025 abre sele\u00e7\u00e3o para interc\u00e2mbio nos EUA"},"content":{"rendered":"<p><\/p>\n<div>\n<p>Jovens estudantes da rede p\u00fablica de ensino de todo o Brasil podem ter a oportunidade de realizar um interc\u00e2mbio de duas semanas nos Estados Unidos por meio do Programa Jovens Embaixadores 2025, que est\u00e1 com inscri\u00e7\u00f5es abertas at\u00e9 o dia 3\/9.\u00a0<\/p>\n<p>O programa busca jovens que se destaque nas\u202frespectivas\u202fcomunidades\u202fpela atitude positiva, bom desempenho acad\u00eamico, conhecimento da l\u00edngua inglesa, perfil de lideran\u00e7a\u202fe empreendedorismo.<\/p>\n<p>A iniciativa\u00a0 tem como p\u00fablico-alvo jovens com idade entre 15 e 18 anos durante o per\u00edodo do interc\u00e2mbio, que tenham esp\u00edrito empreendedor e que por meio de iniciativas e a\u00e7\u00f5es criativas e inovadoras, sejam elas pequenas ou grandes, geram benef\u00edcios e ajudam a promover o bem-estar social no seu meio.<\/p>\n<p>Alinhada com a 30\u00aa Confer\u00eancia da ONU sobre Mudan\u00e7as Clim\u00e1ticas (COP 30), que ser\u00e1 sediada no Brasil em 2025, o Programa Jovens Embaixadores 2025 &#8211; 30 pela COP 30, nesta edi\u00e7\u00e3o, selecionar\u00e1 30 estudantes que estejam engajados em a\u00e7\u00f5es de impacto social voltadas para o combate \u00e0s mudan\u00e7as clim\u00e1ticas.<\/p>\n<p>\u201cO programa oferece uma perspectiva global para a pr\u00f3xima gera\u00e7\u00e3o de l\u00edderes brasileiros. Os selecionados n\u00e3o apenas ter\u00e3o a oportunidade de aprimorar educa\u00e7\u00e3o e habilidades de lideran\u00e7a, como tamb\u00e9m contribuir\u00e3o para discuss\u00f5es importantes sobre sustentabilidade ambiental, \u201d destacou Luke Ortega, porta-voz da Embaixada e Consulado dos EUA.<\/p>\n<p><strong>Atividades e inscri\u00e7\u00f5es<\/strong><\/p>\n<p>O programa ser\u00e1 realizado entre 7 e 25\/1\/2025, com in\u00edcio em Bras\u00edlia para uma semana de orienta\u00e7\u00e3o. Durante o per\u00edodo, os selecionados participar\u00e3o de atividades enriquecedoras, incluindo desenvolvimento de habilidades de lideran\u00e7a e comunica\u00e7\u00e3o, engajamento em projetos de impacto social, interc\u00e2mbio cultural com estudantes norte-americanos, al\u00e9m de visitas a locais hist\u00f3ricos.<\/p>\n<p>Para participar do Programa Jovens Embaixadores 2025, estudantes interessados dever\u00e3o possuir todos os pr\u00e9-requisitos exigidos, que podem ser consultados no edital dispon\u00edvel no site oficial, o mesmo endere\u00e7o para realiza\u00e7\u00e3o da inscri\u00e7\u00e3o.<\/p>\n<p><strong>O programa<\/strong><\/p>\n<p>A iniciativa \u00e9 promovida pelo Departamento de Estado dos EUA e, no Brasil, \u00e9 coordenada pela Embaixada e Consulado dos Estados Unidos da Am\u00e9rica e implementada pela Associa\u00e7\u00e3o Grupo Mais Unidos.\u00a0<\/p>\n<p>Atualmente, o Programa Jovens Embaixadores \u00e9 realizado por todo o continente americano e conta, ainda, com programa inverso para jovens norte-americanos representarem os EUA na Am\u00e9rica Latina. Desde sua cria\u00e7\u00e3o, 798 jovens brasileiros j\u00e1 participaram do programa.<br \/>&#13;<br \/>\n\u00a0<\/p>\n<\/p><\/div>\n","protected":false},"excerpt":{"rendered":"<p>Jovens estudantes da rede p\u00fablica de ensino de todo o Brasil podem ter a oportunidade de realizar um interc\u00e2mbio de duas semanas nos Estados Unidos por meio do Programa Jovens Embaixadores 2025, que est\u00e1 com inscri\u00e7\u00f5es abertas at\u00e9 o dia 3\/9.\u00a0 O programa busca jovens que se destaque nas\u202frespectivas\u202fcomunidades\u202fpela atitude positiva, bom desempenho acad\u00eamico, conhecimento [&hellip;]<\/p>\n","protected":false},"author":1,"featured_media":0,"comment_status":"","ping_status":"","sticky":false,"template":"","format":"standard","meta":{"footnotes":""},"categories":[1],"tags":[],"class_list":["post-26411","post","type-post","status-publish","format-standard","hentry","category-noticias"],"amp_enabled":true,"_links":{"self":[{"href":"https:\/\/novasdodia.com.br\/index.php\/wp-json\/wp\/v2\/posts\/26411","targetHints":{"allow":["GET"]}}],"collection":[{"href":"https:\/\/novasdodia.com.br\/index.php\/wp-json\/wp\/v2\/posts"}],"about":[{"href":"https:\/\/novasdodia.com.br\/index.php\/wp-json\/wp\/v2\/types\/post"}],"author":[{"embeddable":true,"href":"https:\/\/novasdodia.com.br\/index.php\/wp-json\/wp\/v2\/users\/1"}],"replies":[{"embeddable":true,"href":"https:\/\/novasdodia.com.br\/index.php\/wp-json\/wp\/v2\/comments?post=26411"}],"version-history":[{"count":0,"href":"https:\/\/novasdodia.com.br\/index.php\/wp-json\/wp\/v2\/posts\/26411\/revisions"}],"wp:attachment":[{"href":"https:\/\/novasdodia.com.br\/index.php\/wp-json\/wp\/v2\/media?parent=26411"}],"wp:term":[{"taxonomy":"category","embeddable":true,"href":"https:\/\/novasdodia.com.br\/index.php\/wp-json\/wp\/v2\/categories?post=26411"},{"taxonomy":"post_tag","embeddable":true,"href":"https:\/\/novasdodia.com.br\/index.php\/wp-json\/wp\/v2\/tags?post=26411"}],"curies":[{"name":"wp","href":"https:\/\/api.w.org\/{rel}","templated":true}]}}