{"id":26716,"date":"2024-09-03T10:31:23","date_gmt":"2024-09-03T13:31:23","guid":{"rendered":"https:\/\/novasdodia.com.br\/index.php\/2024\/09\/03\/agencia-minas-gerais-saude-na-porta-vai-mostrar-avancos-e-entregas-na-assistencia-em-todas-as-regioes-do-estado\/"},"modified":"2024-09-03T10:31:23","modified_gmt":"2024-09-03T13:31:23","slug":"agencia-minas-gerais-saude-na-porta-vai-mostrar-avancos-e-entregas-na-assistencia-em-todas-as-regioes-do-estado","status":"publish","type":"post","link":"https:\/\/novasdodia.com.br\/index.php\/2024\/09\/03\/agencia-minas-gerais-saude-na-porta-vai-mostrar-avancos-e-entregas-na-assistencia-em-todas-as-regioes-do-estado\/","title":{"rendered":"Ag\u00eancia Minas Gerais | Sa\u00fade na Porta vai mostrar avan\u00e7os e entregas na assist\u00eancia em todas as regi\u00f5es do estado"},"content":{"rendered":"<p><\/p>\n<div>\n<p>J\u00e1 no ar e veiculada at\u00e9 o m\u00eas de outubro, a nova campanha &#8220;Sa\u00fade na Porta. Em Minas, sa\u00fade \u00e9 o que mais importa&#8221; vai mostrar avan\u00e7os em assist\u00eancia e investimentos na \u00e1rea realizados em todas as regi\u00f5es do estado desde o in\u00edcio da gest\u00e3o estadual, em 2019, at\u00e9 aqui.\u00a0<\/p>\n<p>A ideia central e principal conceito \u00e9 apresentar aos mineiros, das mais diversas regi\u00f5es, de que forma o Governo de Minas tem investido para preencher vazios assistenciais e levar servi\u00e7os da sa\u00fade &#8211; dos mais b\u00e1sicos aos mais complexos &#8211; de Norte a Sul, Leste a Oeste do estado.<\/p>\n<p><strong>Identifica\u00e7\u00e3o<\/strong><\/p>\n<p>Na campanha, portas s\u00e3o usadas como o fio condutor da narrativa, justamente para mostrar \u00e0 popula\u00e7\u00e3o que quando algo chega \u00e0 sua porta est\u00e1 mais perto de voc\u00ea.<\/p>\n<p>A trilha sonora escolhida para embalar as pe\u00e7as de r\u00e1dio e TV foi a m\u00fasica Espumas ao Vento, de Acioly Neto (\u201cDe uma coisa fique certa amor, a porta vai estar sempre aberta amor&#8230;\u201d).<\/p>\n<p>Al\u00e9m de mostrar o empenho da gest\u00e3o estadual de descentralizar o acesso \u00a0e levar servi\u00e7os de sa\u00fade mais pr\u00f3ximos aos munic\u00edpios de todas as regi\u00f5es mineiras &#8211; mesmo as mais distantes dos grandes centros -, o objetivo da campanha \u00e9 prestar contas \u00e0 popula\u00e7\u00e3o do trabalho que o Governo de Minas tem realizado para melhorar os servi\u00e7os de sa\u00fade para cada um, em realidades individuais.<\/p>\n<p><strong>Entregas\u00a0 <\/strong><\/p>\n<p>Como o p\u00fablico vai escutar e ver nos pr\u00f3ximos meses, as pe\u00e7as da campanha mostram as principais entregas do Governo de Minas para levar a sa\u00fade na porta dos mineiros.<\/p>\n<p>Exemplos s\u00e3o\u00a0 a aquisi\u00e7\u00e3o de mais de 400 \u00f4nibus para levar pacientes, com conforto e seguran\u00e7a, a consultas e exames em outros munic\u00edpios; o recorde de cirurgias eletivas em 2023; a compra de novos tom\u00f3grafos e mam\u00f3grafos para a realiza\u00e7\u00e3o de mais exames em todas as regi\u00f5es; a amplia\u00e7\u00e3o dos servi\u00e7os do Samu, j\u00e1 presente em nove de cada dez munic\u00edpios; a retomada de 78 obras e a constru\u00e7\u00e3o de 254 novas UBS em todo o estado; e a aquisi\u00e7\u00e3o de vacim\u00f3veis para ajudar na cobertura vacinal em todo o territ\u00f3rio mineiro.<\/p>\n<p>Os meios previstos para veicula\u00e7\u00e3o s\u00e3o internet (portais, redes sociais), r\u00e1dio, TV, m\u00eddia exterior (paineis, carros de aplicativos, outdoor social, abrigo de passageiros) e cinema.<\/p>\n<p>A estrat\u00e9gia de veicula\u00e7\u00e3o tamb\u00e9m \u00e9 uma novidade: al\u00e9m de uma comunica\u00e7\u00e3o geral para todo o estado, informando as entregas comuns a todas as regi\u00f5es, a campanha ter\u00e1 comunica\u00e7\u00e3o regionalizada, via internet, para que cada regi\u00e3o e munic\u00edpio contemplado pelas entregas de novos tom\u00f3grafos, mam\u00f3grafos e UBS fique ciente dos servi\u00e7os oferecidos perto de suas localidades.\u00a0<\/p>\n<p>\u00a0<\/p>\n<\/p><\/div>\n","protected":false},"excerpt":{"rendered":"<p>J\u00e1 no ar e veiculada at\u00e9 o m\u00eas de outubro, a nova campanha &#8220;Sa\u00fade na Porta. Em Minas, sa\u00fade \u00e9 o que mais importa&#8221; vai mostrar avan\u00e7os em assist\u00eancia e investimentos na \u00e1rea realizados em todas as regi\u00f5es do estado desde o in\u00edcio da gest\u00e3o estadual, em 2019, at\u00e9 aqui.\u00a0 A ideia central e principal [&hellip;]<\/p>\n","protected":false},"author":1,"featured_media":0,"comment_status":"","ping_status":"","sticky":false,"template":"","format":"standard","meta":{"footnotes":""},"categories":[1],"tags":[],"class_list":["post-26716","post","type-post","status-publish","format-standard","hentry","category-noticias"],"amp_enabled":true,"_links":{"self":[{"href":"https:\/\/novasdodia.com.br\/index.php\/wp-json\/wp\/v2\/posts\/26716","targetHints":{"allow":["GET"]}}],"collection":[{"href":"https:\/\/novasdodia.com.br\/index.php\/wp-json\/wp\/v2\/posts"}],"about":[{"href":"https:\/\/novasdodia.com.br\/index.php\/wp-json\/wp\/v2\/types\/post"}],"author":[{"embeddable":true,"href":"https:\/\/novasdodia.com.br\/index.php\/wp-json\/wp\/v2\/users\/1"}],"replies":[{"embeddable":true,"href":"https:\/\/novasdodia.com.br\/index.php\/wp-json\/wp\/v2\/comments?post=26716"}],"version-history":[{"count":0,"href":"https:\/\/novasdodia.com.br\/index.php\/wp-json\/wp\/v2\/posts\/26716\/revisions"}],"wp:attachment":[{"href":"https:\/\/novasdodia.com.br\/index.php\/wp-json\/wp\/v2\/media?parent=26716"}],"wp:term":[{"taxonomy":"category","embeddable":true,"href":"https:\/\/novasdodia.com.br\/index.php\/wp-json\/wp\/v2\/categories?post=26716"},{"taxonomy":"post_tag","embeddable":true,"href":"https:\/\/novasdodia.com.br\/index.php\/wp-json\/wp\/v2\/tags?post=26716"}],"curies":[{"name":"wp","href":"https:\/\/api.w.org\/{rel}","templated":true}]}}