{"id":26720,"date":"2024-09-03T12:36:26","date_gmt":"2024-09-03T15:36:26","guid":{"rendered":"https:\/\/novasdodia.com.br\/index.php\/2024\/09\/03\/ifsp-seleciona-tecnico-especializado-em-linguagem-de-sinais-ifsp\/"},"modified":"2024-09-03T12:36:26","modified_gmt":"2024-09-03T15:36:26","slug":"ifsp-seleciona-tecnico-especializado-em-linguagem-de-sinais-ifsp","status":"publish","type":"post","link":"https:\/\/novasdodia.com.br\/index.php\/2024\/09\/03\/ifsp-seleciona-tecnico-especializado-em-linguagem-de-sinais-ifsp\/","title":{"rendered":"IFSP seleciona t\u00e9cnico especializado em linguagem de sinais &#8211; IFSP"},"content":{"rendered":"<p><\/p>\n<div>\n<div class=\"subtitle\">\n<p>A vaga \u00e9 para o Campus Sert\u00e3ozinho; o prazo de inscri\u00e7\u00e3o vai at\u00e9 18 de setembro<\/p>\n<\/div>\n<p><!-- fim .content-header-options-1 --><\/p>\n<p>Est\u00e3o abertas as inscri\u00e7\u00f5es do\u00a0processo seletivo para a contrata\u00e7\u00e3o, por tempo determinado, de profissionais t\u00e9cnicos especializados em linguagem de sinais. As inscri\u00e7\u00f5es podem ser realizadas at\u00e9 18 de setembro,\u00a0por meio do site\u00a0concursopublico.ifsp.edu.br.\u00a0<\/p>\n<p>A vaga \u00e9 ofertada pelo Campus Sert\u00e3ozinho; o selecionado trabalhar\u00e1 em regime de 40 horas semanais, com vencimentos no valor de R$ 4.556,92.<\/p>\n<p>Todos os pr\u00e9-requisitos, atribui\u00e7\u00f5es do cargo, remunera\u00e7\u00e3o e regras da sele\u00e7\u00e3o est\u00e3o dispon\u00edveis no edital no\u00a0Edital n\u00ba74\/2024.<\/p>\n<p>Acompanhe todas as fases e informes na p\u00e1gina de\u00a0processos seletivos.<\/p>\n<p>\u00a0<\/p>\n<\/div>\n<p><script>(function(d, s, id) {\n  var js, fjs = d.getElementsByTagName(s)[0];\n  if (d.getElementById(id)) return;\n  js = d.createElement(s); js.id = id;\n  js.src = \"\/\/connect.facebook.net\/pt_BR\/all.js#xfbml=1&appId=509544779073047\";\n  fjs.parentNode.insertBefore(js, fjs);\n }(document, 'script', 'facebook-jssdk'));<\/script><\/p>\n","protected":false},"excerpt":{"rendered":"<p>A vaga \u00e9 para o Campus Sert\u00e3ozinho; o prazo de inscri\u00e7\u00e3o vai at\u00e9 18 de setembro Est\u00e3o abertas as inscri\u00e7\u00f5es do\u00a0processo seletivo para a contrata\u00e7\u00e3o, por tempo determinado, de profissionais t\u00e9cnicos especializados em linguagem de sinais. As inscri\u00e7\u00f5es podem ser realizadas at\u00e9 18 de setembro,\u00a0por meio do site\u00a0concursopublico.ifsp.edu.br.\u00a0 A vaga \u00e9 ofertada pelo Campus Sert\u00e3ozinho; [&hellip;]<\/p>\n","protected":false},"author":1,"featured_media":0,"comment_status":"","ping_status":"","sticky":false,"template":"","format":"standard","meta":{"footnotes":""},"categories":[1],"tags":[],"class_list":["post-26720","post","type-post","status-publish","format-standard","hentry","category-noticias"],"amp_enabled":true,"_links":{"self":[{"href":"https:\/\/novasdodia.com.br\/index.php\/wp-json\/wp\/v2\/posts\/26720","targetHints":{"allow":["GET"]}}],"collection":[{"href":"https:\/\/novasdodia.com.br\/index.php\/wp-json\/wp\/v2\/posts"}],"about":[{"href":"https:\/\/novasdodia.com.br\/index.php\/wp-json\/wp\/v2\/types\/post"}],"author":[{"embeddable":true,"href":"https:\/\/novasdodia.com.br\/index.php\/wp-json\/wp\/v2\/users\/1"}],"replies":[{"embeddable":true,"href":"https:\/\/novasdodia.com.br\/index.php\/wp-json\/wp\/v2\/comments?post=26720"}],"version-history":[{"count":0,"href":"https:\/\/novasdodia.com.br\/index.php\/wp-json\/wp\/v2\/posts\/26720\/revisions"}],"wp:attachment":[{"href":"https:\/\/novasdodia.com.br\/index.php\/wp-json\/wp\/v2\/media?parent=26720"}],"wp:term":[{"taxonomy":"category","embeddable":true,"href":"https:\/\/novasdodia.com.br\/index.php\/wp-json\/wp\/v2\/categories?post=26720"},{"taxonomy":"post_tag","embeddable":true,"href":"https:\/\/novasdodia.com.br\/index.php\/wp-json\/wp\/v2\/tags?post=26720"}],"curies":[{"name":"wp","href":"https:\/\/api.w.org\/{rel}","templated":true}]}}