{"id":26796,"date":"2024-09-05T12:01:29","date_gmt":"2024-09-05T15:01:29","guid":{"rendered":"https:\/\/novasdodia.com.br\/index.php\/2024\/09\/05\/autorizacao-da-dispensa-n-38-2024-contratacao-de-empresa-especializada-para-locacao-de-som-e-iluminacao-para-atender-a-demanda-da-feira-do-produtor-do-municipio-de-bonito-ms-prefeitur"},"modified":"2024-09-05T12:01:29","modified_gmt":"2024-09-05T15:01:29","slug":"autorizacao-da-dispensa-n-38-2024-contratacao-de-empresa-especializada-para-locacao-de-som-e-iluminacao-para-atender-a-demanda-da-feira-do-produtor-do-municipio-de-bonito-ms-prefeitura-municipal","status":"publish","type":"post","link":"https:\/\/novasdodia.com.br\/index.php\/2024\/09\/05\/autorizacao-da-dispensa-n-38-2024-contratacao-de-empresa-especializada-para-locacao-de-som-e-iluminacao-para-atender-a-demanda-da-feira-do-produtor-do-municipio-de-bonito-ms-prefeitura-municipal\/","title":{"rendered":"AUTORIZA\u00c7\u00c3O DA DISPENSA N.38\/2024 &#8211; CONTRATA\u00c7\u00c3O DE EMPRESA ESPECIALIZADA PARA LOCA\u00c7\u00c3O DE SOM E ILUMINA\u00c7\u00c3O PARA ATENDER A DEMANDA DA FEIRA DO PRODUTOR DO MUNIC\u00cdPIO DE BONITO\/MS. &#8211; Prefeitura Municipal de Bonito"},"content":{"rendered":"<p><\/p>\n<div data-td-block-uid=\"tdi_64\">\n<div class=\"tdb-block-inner td-fix-index\">\n<p>Autorizo a Dispensa de Licita\u00e7\u00e3o, fundamentada no art. 75, II da Lei Federal n\u00ba 14.133\/2021, conforme solicita\u00e7\u00e3o, justificativa e parecer jur\u00eddico constante no processo abaixo, tendo como objeto aCONTRATA\u00c7\u00c3O DE EMPRESA ESPECIALIZADA PARA LOCA\u00c7\u00c3O DE SOM E ILUMINA\u00c7\u00c3O PARA ATENDER A DEMANDA DA FEIRA DO PRODUTOR DO MUNIC\u00cdPIO DE BONITO\/MS.<\/p>\n<p>AUTORIZO a Dispensa em cumprimento \u00e0s determina\u00e7\u00f5es contidas no art. 72, VIII da Lei retro mencionada.<\/p>\n<p><strong>DISPENSA DE LICITA\u00c7\u00c3O N\u00ba 38\/2024<\/strong><\/p>\n<p><strong>PROCESSO ADMINISTRATIVO N\u00ba 121\/2024<\/strong><\/p>\n<p><strong>FAVORECIDO<\/strong>: JULIANE MORALES ANTUNES<\/p>\n<p><strong>CNPJ n\u00ba<\/strong> 41.890.446\/0001-16<\/p>\n<p><strong>VALOR:<\/strong> R$ 14.060,00 (quatorze mil e sessenta reais).<\/p>\n<p><strong>PRAZO:<\/strong> 6 MESES.<\/p>\n<p>Bonito-MS, 05 de setembro de 2024.<\/p>\n<p><strong>Josmail Rodrigues,<\/strong><\/p>\n<p>Prefeito Municipal.<\/p>\n<\/div>\n<\/div>\n","protected":false},"excerpt":{"rendered":"<p>Autorizo a Dispensa de Licita\u00e7\u00e3o, fundamentada no art. 75, II da Lei Federal n\u00ba 14.133\/2021, conforme solicita\u00e7\u00e3o, justificativa e parecer jur\u00eddico constante no processo abaixo, tendo como objeto aCONTRATA\u00c7\u00c3O DE EMPRESA ESPECIALIZADA PARA LOCA\u00c7\u00c3O DE SOM E ILUMINA\u00c7\u00c3O PARA ATENDER A DEMANDA DA FEIRA DO PRODUTOR DO MUNIC\u00cdPIO DE BONITO\/MS. AUTORIZO a Dispensa em cumprimento [&hellip;]<\/p>\n","protected":false},"author":1,"featured_media":0,"comment_status":"","ping_status":"","sticky":false,"template":"","format":"standard","meta":{"footnotes":""},"categories":[],"tags":[],"class_list":["post-26796","post","type-post","status-publish","format-standard","hentry"],"amp_enabled":true,"_links":{"self":[{"href":"https:\/\/novasdodia.com.br\/index.php\/wp-json\/wp\/v2\/posts\/26796","targetHints":{"allow":["GET"]}}],"collection":[{"href":"https:\/\/novasdodia.com.br\/index.php\/wp-json\/wp\/v2\/posts"}],"about":[{"href":"https:\/\/novasdodia.com.br\/index.php\/wp-json\/wp\/v2\/types\/post"}],"author":[{"embeddable":true,"href":"https:\/\/novasdodia.com.br\/index.php\/wp-json\/wp\/v2\/users\/1"}],"replies":[{"embeddable":true,"href":"https:\/\/novasdodia.com.br\/index.php\/wp-json\/wp\/v2\/comments?post=26796"}],"version-history":[{"count":0,"href":"https:\/\/novasdodia.com.br\/index.php\/wp-json\/wp\/v2\/posts\/26796\/revisions"}],"wp:attachment":[{"href":"https:\/\/novasdodia.com.br\/index.php\/wp-json\/wp\/v2\/media?parent=26796"}],"wp:term":[{"taxonomy":"category","embeddable":true,"href":"https:\/\/novasdodia.com.br\/index.php\/wp-json\/wp\/v2\/categories?post=26796"},{"taxonomy":"post_tag","embeddable":true,"href":"https:\/\/novasdodia.com.br\/index.php\/wp-json\/wp\/v2\/tags?post=26796"}],"curies":[{"name":"wp","href":"https:\/\/api.w.org\/{rel}","templated":true}]}}