{"id":26809,"date":"2024-09-05T18:19:48","date_gmt":"2024-09-05T21:19:48","guid":{"rendered":"https:\/\/novasdodia.com.br\/index.php\/2024\/09\/05\/com-boa-recepcao-do-mercado-proximo-passo-e-lancamento-do-edital-agencia-de-noticias-do-governo-de-mato-grosso-do-sul\/"},"modified":"2024-09-05T18:19:48","modified_gmt":"2024-09-05T21:19:48","slug":"com-boa-recepcao-do-mercado-proximo-passo-e-lancamento-do-edital-agencia-de-noticias-do-governo-de-mato-grosso-do-sul","status":"publish","type":"post","link":"https:\/\/novasdodia.com.br\/index.php\/2024\/09\/05\/com-boa-recepcao-do-mercado-proximo-passo-e-lancamento-do-edital-agencia-de-noticias-do-governo-de-mato-grosso-do-sul\/","title":{"rendered":"com boa recep\u00e7\u00e3o do mercado, pr\u00f3ximo passo \u00e9 lan\u00e7amento do edital \u2013 Ag\u00eancia de Noticias do Governo de Mato Grosso do Sul"},"content":{"rendered":"<p><\/p>\n<div>\n<p>Com a boa recep\u00e7\u00e3o dos investidores e mercado financeiro, o projeto \u201cRota da Celulose\u201d, que prev\u00ea a concess\u00e3o de trechos das rodovias BR-262, BR-267, MS-040, MS-338 e MS-395 tem como pr\u00f3ximos passos o lan\u00e7amento do edital e a realiza\u00e7\u00e3o do leil\u00e3o em 12 de dezembro na B3 (Bolsa de Valores do Brasil), em S\u00e3o Paulo.<\/p>\n<p>\u201cTivemos a presen\u00e7a em peso dos grandes players do mercado e investidores dos grandes bancos, que participaram da apresenta\u00e7\u00e3o do projeto. Muitas empresas demonstraram interesse em participar do leil\u00e3o\u201d, afirmou o governador Eduardo Riedel.<\/p>\n<p>O Governo do Mato Grosso do Sul apresentou o projeto \u201cRota da Celulose\u201d na \u00faltima ter\u00e7a-feira (3) em S\u00e3o Paulo, durante o evento \u201cRoad Show Concess\u00e3o de Rodovias\u201d, realizado na Bolsa de Valores. \u201cMais de 12 grupos estiveram presente, o projeto foi muito elogiado e atraiu a aten\u00e7\u00e3o do mercado em geral\u201d.<\/p>\n<p>Termina nesta sexta-feira (6) o prazo da consulta p\u00fablica, onde a popula\u00e7\u00e3o poder\u00e1 apresentar sugest\u00f5es ao projeto. Depois o pr\u00f3ximo passo \u00e9 a abertura do edital (concess\u00f5es) na segunda quinzena de setembro e a realiza\u00e7\u00e3o do leil\u00e3o no dia 12 de dezembro.<\/p>\n<p>\u201c\u00c9 um projeto de investimento alto, que precisa de grande aporte de capital no mercado financeiro. Uma obra de engenharia, que vem agregado com alta tecnologia, com o Free Flow, pesagem eletr\u00f4nica, entre outros\u201d, destacou o governador.<\/p>\n<figure id=\"attachment_489384\" aria-describedby=\"caption-attachment-489384\" style=\"width: 1024px\" class=\"wp-caption aligncenter\"><figcaption id=\"caption-attachment-489384\" class=\"wp-caption-text\"><em>Governador durante apresenta\u00e7\u00e3o do projeto em S\u00e3o Paulo (Foto: Bruno Chaves)<\/em><\/figcaption><\/figure>\n<p><strong>Bloco de rodovias<\/strong><\/p>\n<p>O bloco de rodovias que vai para o leil\u00e3o passa por nove munic\u00edpios do Estado, entre eles Campo Grande, Ribas do Rio Pardo, Santa Rita do Pardo, Bataguassu, \u00c1gua Clara, Tr\u00eas Lagoas, Nova Alvorada do Sul, Nova Andradina e Anauril\u00e2ndia. A concess\u00e3o ser\u00e1 de 30 anos, em um trecho de 870 km de rodovias (estaduais e federais).<\/p>\n<p>Compreende os seguintes trechos: MS-040, de Campo Grande a Santa Rita do Pardo (226,3 Km); MS-338, que liga Santa Rita do Pardo e o entroncamento com a MS-395 (60,1 Km); e MS-395, de Bataguassu ao entroncamento com a MS-338 (7,7 Km); al\u00e9m da BR-262, ligando Campo Grande a Tr\u00eas Lagoas (328,2 Km) e BR-267, de Bataguassu a Nova Alvorada do Sul (248,1 Km).<\/p>\n<p>Neste pacote est\u00e3o previstos 114,5 km de duplica\u00e7\u00f5es, 457 km de acostamentos, 251 km de terceiras faixas, 12 km de via marginal e 82 dispositivos, que v\u00e3o proporcionar mais seguran\u00e7a. Ainda ter\u00e1 a presta\u00e7\u00e3o de servi\u00e7os aos usu\u00e1rios por meio de 50 ve\u00edculos operacionais, entre ambul\u00e2ncias, guinchos, combate a inc\u00eandios, desobstru\u00e7\u00e3o de pistas e inspe\u00e7\u00e3o para controle do tr\u00e1fego.<\/p>\n<figure id=\"attachment_487971\" aria-describedby=\"caption-attachment-487971\" style=\"width: 1024px\" class=\"wp-caption aligncenter\"><figcaption id=\"caption-attachment-487971\" class=\"wp-caption-text\">Rodovia MS-338 ter\u00e1 trechos inclu\u00eddos na concess\u00e3o (Foto: Edemir Rodrigues)<\/figcaption><\/figure>\n<p><em>Leonardo Rocha, Comunica\u00e7\u00e3o do Governo de MS<\/em><br \/><em>Foto da capa: Edemir Rodrigues<\/em><\/p>\n<\/div>\n","protected":false},"excerpt":{"rendered":"<p>Com a boa recep\u00e7\u00e3o dos investidores e mercado financeiro, o projeto \u201cRota da Celulose\u201d, que prev\u00ea a concess\u00e3o de trechos das rodovias BR-262, BR-267, MS-040, MS-338 e MS-395 tem como pr\u00f3ximos passos o lan\u00e7amento do edital e a realiza\u00e7\u00e3o do leil\u00e3o em 12 de dezembro na B3 (Bolsa de Valores do Brasil), em S\u00e3o Paulo. [&hellip;]<\/p>\n","protected":false},"author":1,"featured_media":0,"comment_status":"","ping_status":"","sticky":false,"template":"","format":"standard","meta":{"footnotes":""},"categories":[],"tags":[],"class_list":["post-26809","post","type-post","status-publish","format-standard","hentry"],"amp_enabled":true,"_links":{"self":[{"href":"https:\/\/novasdodia.com.br\/index.php\/wp-json\/wp\/v2\/posts\/26809","targetHints":{"allow":["GET"]}}],"collection":[{"href":"https:\/\/novasdodia.com.br\/index.php\/wp-json\/wp\/v2\/posts"}],"about":[{"href":"https:\/\/novasdodia.com.br\/index.php\/wp-json\/wp\/v2\/types\/post"}],"author":[{"embeddable":true,"href":"https:\/\/novasdodia.com.br\/index.php\/wp-json\/wp\/v2\/users\/1"}],"replies":[{"embeddable":true,"href":"https:\/\/novasdodia.com.br\/index.php\/wp-json\/wp\/v2\/comments?post=26809"}],"version-history":[{"count":0,"href":"https:\/\/novasdodia.com.br\/index.php\/wp-json\/wp\/v2\/posts\/26809\/revisions"}],"wp:attachment":[{"href":"https:\/\/novasdodia.com.br\/index.php\/wp-json\/wp\/v2\/media?parent=26809"}],"wp:term":[{"taxonomy":"category","embeddable":true,"href":"https:\/\/novasdodia.com.br\/index.php\/wp-json\/wp\/v2\/categories?post=26809"},{"taxonomy":"post_tag","embeddable":true,"href":"https:\/\/novasdodia.com.br\/index.php\/wp-json\/wp\/v2\/tags?post=26809"}],"curies":[{"name":"wp","href":"https:\/\/api.w.org\/{rel}","templated":true}]}}