{"id":27125,"date":"2024-09-16T06:20:36","date_gmt":"2024-09-16T09:20:36","guid":{"rendered":"https:\/\/novasdodia.com.br\/index.php\/2024\/09\/16\/equipes-de-rh-contratam-funcionarios-no-feirao-da-empregabilidade-da-funtrab-na-terca-agencia-de-noticias-do-governo-de-mato-grosso-do-sul\/"},"modified":"2024-09-16T06:20:36","modified_gmt":"2024-09-16T09:20:36","slug":"equipes-de-rh-contratam-funcionarios-no-feirao-da-empregabilidade-da-funtrab-na-terca-agencia-de-noticias-do-governo-de-mato-grosso-do-sul","status":"publish","type":"post","link":"https:\/\/novasdodia.com.br\/index.php\/2024\/09\/16\/equipes-de-rh-contratam-funcionarios-no-feirao-da-empregabilidade-da-funtrab-na-terca-agencia-de-noticias-do-governo-de-mato-grosso-do-sul\/","title":{"rendered":"Equipes de RH contratam funcion\u00e1rios no Feir\u00e3o da Empregabilidade da Funtrab na ter\u00e7a \u2013 Ag\u00eancia de Noticias do Governo de Mato Grosso do Sul"},"content":{"rendered":"<p><\/p>\n<div>\n<p><span lang=\"PT-BR\">Nesta ter\u00e7a-feira (17), a Funtrab (Funda\u00e7\u00e3o do Trabalho de Mato Grosso do Sul) organiza mais um Feir\u00e3o da Empregabilidade, que disponibiliza 103 vagas com encaminhamento mais \u00e1gil para o mercado de trabalho. <\/span>Trata-se de um evento para promover a conex\u00e3o entre empresas em busca de profissionais e trabalhadores em busca de oportunidades.<\/p>\n<p>O Feir\u00e3o desempenha um papel crucial na integra\u00e7\u00e3o de trabalhadores\u00a0qualificados com as necessidades crescentes das empresas locais.<\/p>\n<p><span lang=\"PT-BR\">Representantes de sete empresas dos segmentos de rede de lojas de material de constru\u00e7\u00e3o e decora\u00e7\u00e3o; supermercado; servi\u00e7os de monitoramento de qualidade do ar, \u00e1gua e efluentes; limpeza terceirizada; rede atacadista (Bairro Tiradentes) e cervejaria estar\u00e3o presentes no Feir\u00e3o.<\/span><\/p>\n<p><span lang=\"PT-BR\">Em destaque, as fun\u00e7\u00f5es de:\u00a0<\/span><span lang=\"PT-BR\">assistente de vendas, atendente de lojas e mercados, repositor de mercadorias, auxiliar de limpeza, fiscal de preven\u00e7\u00e3o de perdas, ajudante de carga e descarga de mercadoria, qu\u00edmico ambiental, t\u00e9cnico ambiental, laboratorista qu\u00edmico, atendente do setor de frios e latic\u00ednios, operador de caixa, auxiliar nos servi\u00e7os de alimenta\u00e7\u00e3o, motorista de caminh\u00e3o, recepcionista-atendente e cozinheiro geral.\u00a0<\/span><span lang=\"PT-BR\">Vale lembrar que o atendimento ser\u00e1 somente no per\u00edodo da manh\u00e3 das 8h \u00e0s 11h.<\/span><\/p>\n<p><span lang=\"PT-BR\">Vinculada \u00e0 Semadesc (Secretaria de Meio Ambiente, Desenvolvimento, Ci\u00eancia, Tecnologia e Inova\u00e7\u00e3o), a Funtrab tem intensificado a intermedia\u00e7\u00e3o de m\u00e3o de obra e qualifica\u00e7\u00e3o profissional, pois programas voltados para a capacita\u00e7\u00e3o e reintegra\u00e7\u00e3o de trabalhadores ao mercado formal contribuem diretamente para a redu\u00e7\u00e3o da desocupa\u00e7\u00e3o e fortalecimento da economia local.<\/span><\/p>\n<p><span lang=\"PT-BR\">Os\u00a0candidatos devem se dirigir \u00e0 sede da Funtrab, localizada na Rua 13 de Maio, 2.773 \u2013 Centro (entre ruas Dom Aquino e C\u00e2ndido Mariano).\u00a0\u00c9 necess\u00e1rio levar\u00a0RG, CPF e Carteira de Trabalho.<\/span><\/p>\n<p><em>Cl\u00e1udia Yuri, Comunica\u00e7\u00e3o Funtrab<\/em><\/p>\n<\/div>\n","protected":false},"excerpt":{"rendered":"<p>Nesta ter\u00e7a-feira (17), a Funtrab (Funda\u00e7\u00e3o do Trabalho de Mato Grosso do Sul) organiza mais um Feir\u00e3o da Empregabilidade, que disponibiliza 103 vagas com encaminhamento mais \u00e1gil para o mercado de trabalho. Trata-se de um evento para promover a conex\u00e3o entre empresas em busca de profissionais e trabalhadores em busca de oportunidades. O Feir\u00e3o desempenha [&hellip;]<\/p>\n","protected":false},"author":1,"featured_media":0,"comment_status":"","ping_status":"","sticky":false,"template":"","format":"standard","meta":{"footnotes":""},"categories":[],"tags":[],"class_list":["post-27125","post","type-post","status-publish","format-standard","hentry"],"amp_enabled":true,"_links":{"self":[{"href":"https:\/\/novasdodia.com.br\/index.php\/wp-json\/wp\/v2\/posts\/27125","targetHints":{"allow":["GET"]}}],"collection":[{"href":"https:\/\/novasdodia.com.br\/index.php\/wp-json\/wp\/v2\/posts"}],"about":[{"href":"https:\/\/novasdodia.com.br\/index.php\/wp-json\/wp\/v2\/types\/post"}],"author":[{"embeddable":true,"href":"https:\/\/novasdodia.com.br\/index.php\/wp-json\/wp\/v2\/users\/1"}],"replies":[{"embeddable":true,"href":"https:\/\/novasdodia.com.br\/index.php\/wp-json\/wp\/v2\/comments?post=27125"}],"version-history":[{"count":0,"href":"https:\/\/novasdodia.com.br\/index.php\/wp-json\/wp\/v2\/posts\/27125\/revisions"}],"wp:attachment":[{"href":"https:\/\/novasdodia.com.br\/index.php\/wp-json\/wp\/v2\/media?parent=27125"}],"wp:term":[{"taxonomy":"category","embeddable":true,"href":"https:\/\/novasdodia.com.br\/index.php\/wp-json\/wp\/v2\/categories?post=27125"},{"taxonomy":"post_tag","embeddable":true,"href":"https:\/\/novasdodia.com.br\/index.php\/wp-json\/wp\/v2\/tags?post=27125"}],"curies":[{"name":"wp","href":"https:\/\/api.w.org\/{rel}","templated":true}]}}