{"id":27126,"date":"2024-09-16T07:02:29","date_gmt":"2024-09-16T10:02:29","guid":{"rendered":"https:\/\/novasdodia.com.br\/index.php\/2024\/09\/16\/sem-gastos-com-luz-familias-de-ms-investem-em-alimentacao-e-bem-estar-das-criancas-agencia-de-noticias-do-governo-de-mato-grosso-do-sul\/"},"modified":"2024-09-16T07:02:29","modified_gmt":"2024-09-16T10:02:29","slug":"sem-gastos-com-luz-familias-de-ms-investem-em-alimentacao-e-bem-estar-das-criancas-agencia-de-noticias-do-governo-de-mato-grosso-do-sul","status":"publish","type":"post","link":"https:\/\/novasdodia.com.br\/index.php\/2024\/09\/16\/sem-gastos-com-luz-familias-de-ms-investem-em-alimentacao-e-bem-estar-das-criancas-agencia-de-noticias-do-governo-de-mato-grosso-do-sul\/","title":{"rendered":"sem gastos com luz, fam\u00edlias de MS investem em alimenta\u00e7\u00e3o e bem-estar das crian\u00e7as \u2013 Ag\u00eancia de Noticias do Governo de Mato Grosso do Sul"},"content":{"rendered":"<p><\/p>\n<div>\n<p>O programa \u2018Energia Social: Conta de Luz Zero\u2019 tem se mostrado um programa inovador que vem aliviando o or\u00e7amento de mais de 128 mil fam\u00edlias em Mato Grosso do Sul nos 79 munic\u00edpios do estado. Gra\u00e7as \u00e0 iniciativa do governo estadual, moradores que antes tinham o or\u00e7amento reduzido pelos gastos com a conta de luz, agora veem suas contas zeradas, permitindo que o dinheiro seja investido em outras necessidades, como a melhora da alimenta\u00e7\u00e3o e em benef\u00edcio das crian\u00e7as.<\/p>\n<p>Entre as benefici\u00e1rias do programa est\u00e1 \u00c9rica Cabrera, de 32 anos, que vive com seus dois filhos, Eduardo e Cleber. Moradora da zona rural, em Porto Murtinho, \u00c9rica destaca como a isen\u00e7\u00e3o da conta de energia tem impactado positivamente sua vida. &#8220;\u00c9 \u00f3timo, porque agora eu consigo comprar as coisas para meus filhos. Isso ajuda muito&#8221;, conta. Antes da implementa\u00e7\u00e3o do programa, \u00c9rica pagava mais de R$ 200 por m\u00eas apenas em energia el\u00e9trica. \u201cAgora, esse valor \u00e9 livre todo m\u00eas, o que \u00e9 uma grande ajuda\u201d, afirma.<\/p>\n<p>Com a economia, \u00c9rica consegue comprar roupas, cal\u00e7ados e at\u00e9 economizar para cobrir outras despesas que surgem no in\u00edcio do m\u00eas. Al\u00e9m disso, ela faz quest\u00e3o de ressaltar o apoio que o governo tem dado \u00e0 popula\u00e7\u00e3o, incentivando o recadastramento para manter os benef\u00edcios. \u201cFui l\u00e1, fiz meu cadastramento e deixei tudo em dia, gra\u00e7as a Deus\u201d, agradece.<\/p>\n<p>A mesma realidade \u00e9 vivida por Rosemeire Lugus, que, aos 30 anos, tamb\u00e9m \u00e9 m\u00e3e e cuida de dois filhos, de 9 e 11 anos, ainda em Porto Murtinho. Antes da isen\u00e7\u00e3o da conta de luz, Rosemeire pagava valores que variavam entre R$ 150 e R$ 200 por m\u00eas. Hoje, o dinheiro que ela costumava gastar com a energia vai para as necessidades dos filhos. &#8220;Eu compro coisas para meus filhos, roupas, alimentos. Isso me salvou muito&#8221;, diz Rosemeire.<\/p>\n<p>Rosemeire possui em casa duas geladeiras, dois ventiladores e uma televis\u00e3o, e destaca como a ajuda veio em boa hora. &#8220;Se n\u00e3o fosse esse programa do governo, seria muito mais complicado pagar a luz&#8221;, ressalta. Ela considera o impacto do programa, principalmente em uma cidade que est\u00e1 longe dos grandes centros como Campo Grande, muito positivo. A dona de casa tamb\u00e9m faz quest\u00e3o de reconhecer o esfor\u00e7o do governo, por meio da Sead (Secretaria de Estado de Assist\u00eancia Social e dos Direitos Humanos) em atuar e garantir que as fam\u00edlias em vulnerabilidade social continuem a receber esse benef\u00edcio. &#8220;O governo est\u00e1 ajudando muito, principalmente as pessoas que precisam&#8221;, conta, citando o exemplo de sua irm\u00e3, deficiente visual, que tamb\u00e9m foi beneficiada.<\/p>\n<figure id=\"attachment_490422\" aria-describedby=\"caption-attachment-490422\" style=\"width: 1024px\" class=\"wp-caption aligncenter\"><figcaption id=\"caption-attachment-490422\" class=\"wp-caption-text\">Equipes da Sead est\u00e3o auxiliando as benefici\u00e1rias do &#8216;Energia Social: Conta de Luz Zero&#8217; no recadastramento<\/figcaption><\/figure>\n<p><strong>Recadastramento<\/strong><\/p>\n<p>Para manter o benef\u00edcio e garantir que ele atinja realmente quem precisa, as fam\u00edlias devem estar atentas ao recadastramento, um procedimento que ambas as entrevistadas j\u00e1 realizaram com sucesso. Ele segue at\u00e9 o dia 31 de dezembro deste ano e pode ser realizado por meio do site <span style=\"color: #0000ff;\">www.energiasocial.ms.gov.br<\/span>.<\/p>\n<p>Tamb\u00e9m no site da Sead (<span style=\"color: #0000ff;\">www.sead.ms.gov.br<\/span>) \u00e9 poss\u00edvel tirar d\u00favidas e saber mais sobre os crit\u00e9rios do recadastramento.<\/p>\n<p>\u201cPor meio do programa \u2018Energia Social: Conta de Luz Zero\u2019, estamos promovendo um impacto positivo e transformador na vida de milhares de fam\u00edlias em vulnerabilidade social de Mato Grosso do Sul. Esse benef\u00edcio assegura mais dignidade e qualidade de vida. Sabemos o quanto a conta de luz pode pesar no or\u00e7amento familiar, e ao garantir que essas fam\u00edlias n\u00e3o tenham esse gasto, estamos permitindo que elas direcionem seus recursos para outras necessidades essenciais, como alimenta\u00e7\u00e3o e o bem-estar de suas crian\u00e7as. O governo estadual est\u00e1 comprometido em fazer a diferen\u00e7a, e o Energia Social \u00e9 uma prova concreta disso\u201d, ressalta a titular da Sead, Patr\u00edcia Cozzolino.<\/p>\n<p><strong>Energia Social: Conta de Luz Zero<\/strong><\/p>\n<p>O Programa \u2018Energia Social: Conta de Luz Zero\u2019 tem como objetivo cobrir os custos mensais de consumo de energia el\u00e9trica para fam\u00edlias em vulnerabilidade social residentes em Mato Grosso do Sul.<\/p>\n<p>Este benef\u00edcio \u00e9 destinado a im\u00f3veis utilizados exclusivamente para fins residenciais, sejam eles em \u00e1reas urbanas ou rurais, desde que preencham alguns requisitos.<\/p>\n<p>Dentre os crit\u00e9rios, o im\u00f3vel deve pertencer \u00e0 classe de consumo &#8220;residencial&#8221; com consumo mensal de at\u00e9 220 kWh, respeitando a periodicidade de leitura estabelecida pelo \u00f3rg\u00e3o regulador. Al\u00e9m disso, o benefici\u00e1rio n\u00e3o pode ser propriet\u00e1rio de mais de um im\u00f3vel residencial, seja urbano ou rural, deve estar inscrito no Programa Tarifa Social de Energia El\u00e9trica, conforme a Lei Federal n\u00ba 12.212, de 20 de janeiro de 2010, e ter renda familiar mensal per capita igual ou inferior a meio sal\u00e1rio m\u00ednimo nacional, com renda familiar total de at\u00e9 dois sal\u00e1rios m\u00ednimos.<\/p>\n<p><em>Leomar Alves Rosa, Comunica\u00e7\u00e3o Sead<br \/><\/em><em>Fotos: Monique Alves<\/em><\/p>\n<\/div>\n","protected":false},"excerpt":{"rendered":"<p>O programa \u2018Energia Social: Conta de Luz Zero\u2019 tem se mostrado um programa inovador que vem aliviando o or\u00e7amento de mais de 128 mil fam\u00edlias em Mato Grosso do Sul nos 79 munic\u00edpios do estado. Gra\u00e7as \u00e0 iniciativa do governo estadual, moradores que antes tinham o or\u00e7amento reduzido pelos gastos com a conta de luz, [&hellip;]<\/p>\n","protected":false},"author":1,"featured_media":0,"comment_status":"","ping_status":"","sticky":false,"template":"","format":"standard","meta":{"footnotes":""},"categories":[],"tags":[],"class_list":["post-27126","post","type-post","status-publish","format-standard","hentry"],"amp_enabled":true,"_links":{"self":[{"href":"https:\/\/novasdodia.com.br\/index.php\/wp-json\/wp\/v2\/posts\/27126","targetHints":{"allow":["GET"]}}],"collection":[{"href":"https:\/\/novasdodia.com.br\/index.php\/wp-json\/wp\/v2\/posts"}],"about":[{"href":"https:\/\/novasdodia.com.br\/index.php\/wp-json\/wp\/v2\/types\/post"}],"author":[{"embeddable":true,"href":"https:\/\/novasdodia.com.br\/index.php\/wp-json\/wp\/v2\/users\/1"}],"replies":[{"embeddable":true,"href":"https:\/\/novasdodia.com.br\/index.php\/wp-json\/wp\/v2\/comments?post=27126"}],"version-history":[{"count":0,"href":"https:\/\/novasdodia.com.br\/index.php\/wp-json\/wp\/v2\/posts\/27126\/revisions"}],"wp:attachment":[{"href":"https:\/\/novasdodia.com.br\/index.php\/wp-json\/wp\/v2\/media?parent=27126"}],"wp:term":[{"taxonomy":"category","embeddable":true,"href":"https:\/\/novasdodia.com.br\/index.php\/wp-json\/wp\/v2\/categories?post=27126"},{"taxonomy":"post_tag","embeddable":true,"href":"https:\/\/novasdodia.com.br\/index.php\/wp-json\/wp\/v2\/tags?post=27126"}],"curies":[{"name":"wp","href":"https:\/\/api.w.org\/{rel}","templated":true}]}}