{"id":27181,"date":"2024-09-17T19:26:30","date_gmt":"2024-09-17T22:26:30","guid":{"rendered":"https:\/\/novasdodia.com.br\/index.php\/2024\/09\/17\/governo-de-ms-discute-com-ministerio-publico-parcerias-para-levar-beneficios-a-sociedade-agencia-de-noticias-do-governo-de-mato-grosso-do-sul\/"},"modified":"2024-09-17T19:26:30","modified_gmt":"2024-09-17T22:26:30","slug":"governo-de-ms-discute-com-ministerio-publico-parcerias-para-levar-beneficios-a-sociedade-agencia-de-noticias-do-governo-de-mato-grosso-do-sul","status":"publish","type":"post","link":"https:\/\/novasdodia.com.br\/index.php\/2024\/09\/17\/governo-de-ms-discute-com-ministerio-publico-parcerias-para-levar-beneficios-a-sociedade-agencia-de-noticias-do-governo-de-mato-grosso-do-sul\/","title":{"rendered":"Governo de MS discute com Minist\u00e9rio P\u00fablico parcerias para levar benef\u00edcios \u00e0 sociedade \u2013 Ag\u00eancia de Noticias do Governo de Mato Grosso do Sul"},"content":{"rendered":"<p><\/p>\n<div id=\"post-490879\">\n<div class=\"text-center\"><\/div>\n<div class=\"entry\">\n<p>Para discutir temas importantes da sociedade, o governador Eduardo Riedel recebeu nesta ter\u00e7a-feira (17) a visita do Corregedor Nacional do Minist\u00e9rio P\u00fablico, \u00c2ngelo Fabiano Farias da Costa. Eles trataram de a\u00e7\u00f5es conjuntas e parcerias que podem trazer benef\u00edcios diretos aos cidad\u00e3os, na \u00e1rea da seguran\u00e7a p\u00fablica, inclus\u00e3o e acessibilidade.<\/p>\n<p>\u201c\u00c9 sempre importante a vis\u00e3o do Minist\u00e9rio P\u00fablico, principalmente nas causas relacionadas aos indicadores que o Brasil tem de viol\u00eancia contra a mulher, de prote\u00e7\u00e3o crian\u00e7a e adolescente. Podemos trocar informa\u00e7\u00f5es. \u00c9 um grande parceiro nestas a\u00e7\u00f5es junto aos munic\u00edpios e o pr\u00f3prio Estado\u201d, afirmou o governador.<\/p>\n<p>Riedel destacou que esta parceria pode ajudar muito na realiza\u00e7\u00e3o de pol\u00edticas p\u00fablicas importantes ao Estado. \u201c\u00c9 sempre positivo e com conversas construtivas, assim como n\u00f3s tivemos hoje\u201d, declarou.<\/p>\n<div id=\"gallery-1\" class=\"gallery galleryid-490879 gallery-columns-2 gallery-size-large\">\n<figure class=\"gallery-item\">\n<div class=\"gallery-icon landscape\"><\/div>\n<\/figure>\n<figure class=\"gallery-item\">\n<div class=\"gallery-icon landscape\"><\/div>\n<\/figure><\/div>\n<p>O corregedor nacional \u00c2ngelo Fabiano ressaltou que a reuni\u00e3o foi positiva. \u201cFomos muito bem recebidos pelo governador. Tratamos de temas como combate a viol\u00eancia contra as mulheres, refor\u00e7o nos investimentos nas delegacias especializadas (atendimento \u00e0 mulher), assim como melhor estrutura para realiza\u00e7\u00e3o das investiga\u00e7\u00f5es e acolhimento \u00e0s v\u00edtimas\u201d.<\/p>\n<p>Ele tamb\u00e9m citou a import\u00e2ncia das a\u00e7\u00f5es de prote\u00e7\u00e3o as crian\u00e7as e adolescentes. \u201cTemos muitos crimes graves que precisam do olhar especial do poder p\u00fablico, dando prioridade para que estas quest\u00f5es sejam prevenidas e sejam reprimidas, com apura\u00e7\u00e3o e responsabiliza\u00e7\u00e3o das pessoas que cometem tais crimes\u201d.<\/p>\n<p>Tamb\u00e9m participaram da reuni\u00e3o o secret\u00e1rio Rodrigo Perez (Segov), a procuradora-geral do Estado, Ana Carolina Ali Garcia, o procurador-geral de Justi\u00e7a de MS, Rom\u00e3o \u00c1vila, assim como membros do Conselho Nacional do Minist\u00e9rio P\u00fablico.<\/p>\n<figure id=\"attachment_490861\" aria-describedby=\"caption-attachment-490861\" style=\"width: 1024px\" class=\"wp-caption aligncenter\"><figcaption id=\"caption-attachment-490861\" class=\"wp-caption-text\">Corregedor \u00c2ngelo Fabiano cumprimenta o governador<\/figcaption><\/figure>\n<p><em>Leonardo Rocha, Comunica\u00e7\u00e3o do Governo de MS<\/em><br \/><em>Fotos: Bruno Rezende<\/em><\/p>\n<\/div><\/div>\n","protected":false},"excerpt":{"rendered":"<p>Para discutir temas importantes da sociedade, o governador Eduardo Riedel recebeu nesta ter\u00e7a-feira (17) a visita do Corregedor Nacional do Minist\u00e9rio P\u00fablico, \u00c2ngelo Fabiano Farias da Costa. Eles trataram de a\u00e7\u00f5es conjuntas e parcerias que podem trazer benef\u00edcios diretos aos cidad\u00e3os, na \u00e1rea da seguran\u00e7a p\u00fablica, inclus\u00e3o e acessibilidade. \u201c\u00c9 sempre importante a vis\u00e3o do [&hellip;]<\/p>\n","protected":false},"author":1,"featured_media":0,"comment_status":"","ping_status":"","sticky":false,"template":"","format":"standard","meta":{"footnotes":""},"categories":[],"tags":[],"class_list":["post-27181","post","type-post","status-publish","format-standard","hentry"],"amp_enabled":true,"_links":{"self":[{"href":"https:\/\/novasdodia.com.br\/index.php\/wp-json\/wp\/v2\/posts\/27181","targetHints":{"allow":["GET"]}}],"collection":[{"href":"https:\/\/novasdodia.com.br\/index.php\/wp-json\/wp\/v2\/posts"}],"about":[{"href":"https:\/\/novasdodia.com.br\/index.php\/wp-json\/wp\/v2\/types\/post"}],"author":[{"embeddable":true,"href":"https:\/\/novasdodia.com.br\/index.php\/wp-json\/wp\/v2\/users\/1"}],"replies":[{"embeddable":true,"href":"https:\/\/novasdodia.com.br\/index.php\/wp-json\/wp\/v2\/comments?post=27181"}],"version-history":[{"count":0,"href":"https:\/\/novasdodia.com.br\/index.php\/wp-json\/wp\/v2\/posts\/27181\/revisions"}],"wp:attachment":[{"href":"https:\/\/novasdodia.com.br\/index.php\/wp-json\/wp\/v2\/media?parent=27181"}],"wp:term":[{"taxonomy":"category","embeddable":true,"href":"https:\/\/novasdodia.com.br\/index.php\/wp-json\/wp\/v2\/categories?post=27181"},{"taxonomy":"post_tag","embeddable":true,"href":"https:\/\/novasdodia.com.br\/index.php\/wp-json\/wp\/v2\/tags?post=27181"}],"curies":[{"name":"wp","href":"https:\/\/api.w.org\/{rel}","templated":true}]}}