{"id":27251,"date":"2024-09-20T07:05:37","date_gmt":"2024-09-20T10:05:37","guid":{"rendered":"https:\/\/novasdodia.com.br\/index.php\/2024\/09\/20\/agepen-promove-integracao-entre-diretores-para-fortalecer-boas-praticas-no-sistema-penitenciario\/"},"modified":"2024-09-20T07:05:37","modified_gmt":"2024-09-20T10:05:37","slug":"agepen-promove-integracao-entre-diretores-para-fortalecer-boas-praticas-no-sistema-penitenciario","status":"publish","type":"post","link":"https:\/\/novasdodia.com.br\/index.php\/2024\/09\/20\/agepen-promove-integracao-entre-diretores-para-fortalecer-boas-praticas-no-sistema-penitenciario\/","title":{"rendered":"Agepen promove integra\u00e7\u00e3o entre diretores para fortalecer boas pr\u00e1ticas no sistema penitenci\u00e1rio"},"content":{"rendered":"<p><\/p>\n<div>\n<p>Com foco no trabalho integrado, a Agepen (Ag\u00eancia Estadual de Administra\u00e7\u00e3o do Sistema Penitenci\u00e1rio) est\u00e1 dando mais passo em dire\u00e7\u00e3o \u00e0 melhoria do sistema prisional ao reunir dirigentes em uma s\u00e9rie de visitas \u00e0s estruturas prisionais.<\/p>\n<p>A a\u00e7\u00e3o, idealizada pelo diretor-presidente Rodrigo Rossi Maiorchini como parte do &#8216;Gest\u00e3o Presente&#8217;, busca promover a troca de experi\u00eancias e a multiplica\u00e7\u00e3o de boas pr\u00e1ticas entre as unidades, refor\u00e7ando o esp\u00edrito de uni\u00e3o e colabora\u00e7\u00e3o.<\/p>\n<p>O primeiro destino dos diretores foi o IPCG (Instituto Penal de Campo Grande), que atualmente est\u00e1 passando por uma s\u00e9rie de reestrutura\u00e7\u00f5es na seguran\u00e7a, incluindo telamentos, controle de acesso e a implanta\u00e7\u00e3o de uma linha de tiro.<\/p>\n<p>Essas melhorias visam n\u00e3o apenas aumentar a seguran\u00e7a, mas tamb\u00e9m criar um ambiente mais prop\u00edcio para a ressocializa\u00e7\u00e3o dos internos.<\/p>\n<p>&#8220;Transformar e aperfei\u00e7oar o sistema prisional \u00e9 um desafio que requer um trabalho conjunto. A ideia \u00e9 que as experi\u00eancias bem-sucedidas em uma unidade possam ser replicadas em outras, fortalecendo nossa capacidade de resposta e inova\u00e7\u00e3o&#8221;, afirmou o diretor-presidente. &#8220;Estamos dialogando sobre solu\u00e7\u00f5es econ\u00f4micas e inteligentes que fazem a diferen\u00e7a na rotina das unidades&#8221;.<\/p>\n<p>Segundo o dirigente, esse interc\u00e2mbio de conhecimentos tamb\u00e9m favorece para identificar como materiais que n\u00e3o t\u00eam mais utilidade em uma unidade podem ser reaproveitados em outra, contribuindo para a seguran\u00e7a e as a\u00e7\u00f5es de ressocializa\u00e7\u00e3o. &#8220;Reafirmamos nosso compromisso com a melhoria cont\u00ednua do sistema prisional, promovendo um ambiente de aprendizado e colabora\u00e7\u00e3o que, sem d\u00favida, beneficiar\u00e1 todos os envolvidos&#8221;.<\/p>\n<p>Durante a visita, estiveram presentes n\u00e3o apenas os diretores das unidades penais, mas tamb\u00e9m representantes das diretorias de Opera\u00e7\u00f5es, Administra\u00e7\u00e3o e Finan\u00e7as, Assist\u00eancia Penitenci\u00e1ria, Corregedoria, Controladoria, Ouvidoria e Gerencia de Intelig\u00eancia, entre outros.<\/p>\n<p>Neste primeiro momento, as visitas com a participa\u00e7\u00e3o de todos os diretores ser\u00e3o na capital.<\/p>\n<\/p>\n<p><em>Comunica\u00e7\u00e3o Agepen<\/em><\/p>\n<\/div>\n","protected":false},"excerpt":{"rendered":"<p>Com foco no trabalho integrado, a Agepen (Ag\u00eancia Estadual de Administra\u00e7\u00e3o do Sistema Penitenci\u00e1rio) est\u00e1 dando mais passo em dire\u00e7\u00e3o \u00e0 melhoria do sistema prisional ao reunir dirigentes em uma s\u00e9rie de visitas \u00e0s estruturas prisionais. A a\u00e7\u00e3o, idealizada pelo diretor-presidente Rodrigo Rossi Maiorchini como parte do &#8216;Gest\u00e3o Presente&#8217;, busca promover a troca de experi\u00eancias [&hellip;]<\/p>\n","protected":false},"author":1,"featured_media":0,"comment_status":"","ping_status":"","sticky":false,"template":"","format":"standard","meta":{"footnotes":""},"categories":[1],"tags":[],"class_list":["post-27251","post","type-post","status-publish","format-standard","hentry","category-noticias"],"amp_enabled":true,"_links":{"self":[{"href":"https:\/\/novasdodia.com.br\/index.php\/wp-json\/wp\/v2\/posts\/27251","targetHints":{"allow":["GET"]}}],"collection":[{"href":"https:\/\/novasdodia.com.br\/index.php\/wp-json\/wp\/v2\/posts"}],"about":[{"href":"https:\/\/novasdodia.com.br\/index.php\/wp-json\/wp\/v2\/types\/post"}],"author":[{"embeddable":true,"href":"https:\/\/novasdodia.com.br\/index.php\/wp-json\/wp\/v2\/users\/1"}],"replies":[{"embeddable":true,"href":"https:\/\/novasdodia.com.br\/index.php\/wp-json\/wp\/v2\/comments?post=27251"}],"version-history":[{"count":0,"href":"https:\/\/novasdodia.com.br\/index.php\/wp-json\/wp\/v2\/posts\/27251\/revisions"}],"wp:attachment":[{"href":"https:\/\/novasdodia.com.br\/index.php\/wp-json\/wp\/v2\/media?parent=27251"}],"wp:term":[{"taxonomy":"category","embeddable":true,"href":"https:\/\/novasdodia.com.br\/index.php\/wp-json\/wp\/v2\/categories?post=27251"},{"taxonomy":"post_tag","embeddable":true,"href":"https:\/\/novasdodia.com.br\/index.php\/wp-json\/wp\/v2\/tags?post=27251"}],"curies":[{"name":"wp","href":"https:\/\/api.w.org\/{rel}","templated":true}]}}