{"id":27277,"date":"2024-09-21T00:35:25","date_gmt":"2024-09-21T03:35:25","guid":{"rendered":"https:\/\/novasdodia.com.br\/index.php\/2024\/09\/21\/homologada-candidaturas-para-reitor-eleicao-segue-para-campanha-ifsp\/"},"modified":"2024-09-21T00:35:25","modified_gmt":"2024-09-21T03:35:25","slug":"homologada-candidaturas-para-reitor-eleicao-segue-para-campanha-ifsp","status":"publish","type":"post","link":"https:\/\/novasdodia.com.br\/index.php\/2024\/09\/21\/homologada-candidaturas-para-reitor-eleicao-segue-para-campanha-ifsp\/","title":{"rendered":"Homologada candidaturas para reitor: elei\u00e7\u00e3o segue para campanha &#8211; IFSP"},"content":{"rendered":"<p><\/p>\n<div>\n<div class=\"subtitle\">\n<p><span style=\"font-weight: 400;\">Campanha eleitoral ser\u00e1 realizada de 21 de setembro a 15 de outubro de 2024<\/span><\/p>\n<\/div>\n<p><!-- fim .content-header-options-1 --><\/p>\n<p><span style=\"font-weight: 400;\">A Comiss\u00e3o Eleitoral Central (CEC) do Instituto Federal de Educa\u00e7\u00e3o, Ci\u00eancia e Tecnologia de S\u00e3o Paulo anunciou a homologa\u00e7\u00e3o das candidaturas ao cargo de reitor para o mandato 2025-2029. A decis\u00e3o foi oficializada atrav\u00e9s do Comunicado n.\u00ba 7\/2024 &#8211; CEC2024-IFSP\/RET\/IFSP, publicado em conformidade com o C\u00f3digo Eleitoral do processo de consulta.<\/span><\/p>\n<p><span style=\"font-weight: 400;\">A campanha eleitoral ter\u00e1 in\u00edcio no dia 21 de setembro e se estender\u00e1 at\u00e9 15 de outubro de 2024. Durante esse per\u00edodo, os candidatos poder\u00e3o divulgar seus nomes e propostas por meio de diversas plataformas, sempre respeitando as restri\u00e7\u00f5es impostas pelo regulamento. As atividades de campanha dentro dos campi ser\u00e3o permitidas, desde que n\u00e3o causem danos \u00e0s instala\u00e7\u00f5es e respeitem as normas de conduta estabelecidas.<\/span><\/p>\n<p><span style=\"font-weight: 400;\">A Comiss\u00e3o Eleitoral Central ser\u00e1 respons\u00e1vel pela fiscaliza\u00e7\u00e3o de eventuais infra\u00e7\u00f5es e pela organiza\u00e7\u00e3o de debates, garantindo a isonomia entre os participantes.<\/span><\/p>\n<p><span style=\"font-weight: 400;\">Informa\u00e7\u00f5es detalhadas sobre os candidatos e suas propostas ser\u00e3o disponibilizadas na p\u00e1gina do pleito, conforme o cronograma eleitoral. A divulga\u00e7\u00e3o de materiais de campanha tamb\u00e9m ser\u00e1 permitida em redes sociais e em espa\u00e7os f\u00edsicos destinados nos campi.<\/span><\/p>\n<p><span style=\"font-weight: 400;\">Os eleitores poder\u00e3o acompanhar o andamento da campanha e acessar as propostas de gest\u00e3o dos candidatos na p\u00e1gina das elei\u00e7\u00f5es.<\/span><\/p>\n<p><span style=\"font-weight: 400;\">Candidaturas homologadas:<\/span><\/p>\n<table>\n<tbody>\n<tr>\n<td><strong>Nome completo<\/strong><\/td>\n<td><strong>Nome eleitoral<\/strong><\/td>\n<td><strong>Resultado<\/strong><\/td>\n<\/tr>\n<tr>\n<td>Adelino Francisco de Oliveira<\/td>\n<td>Professor Adelino<\/td>\n<td>Homologado<\/td>\n<\/tr>\n<tr>\n<td>Alexandre Pereira Chahad<\/td>\n<td>Alexandre Chahad<\/td>\n<td>Sob an\u00e1lise da Procuradoria Geral Federal<\/td>\n<\/tr>\n<tr>\n<td>Ant\u00f4nio Augusto Teixeira Pinto de Moraes<\/td>\n<td>Ant\u00f4nio<\/td>\n<td>Homologado<\/td>\n<\/tr>\n<tr>\n<td>L\u00facia Scott Franco de Camargo Azzi Collet<\/td>\n<td>L\u00facia Collet<\/td>\n<td>Homologado<\/td>\n<\/tr>\n<tr>\n<td>Maur\u00edcio Fran\u00e7a Silva<\/td>\n<td>Fran\u00e7a<\/td>\n<td>Homologado<\/td>\n<\/tr>\n<tr>\n<td>Silm\u00e1rio Batista dos Santos<\/td>\n<td>Silm\u00e1rio Santos<\/td>\n<td>Homologado<\/td>\n<\/tr>\n<tr>\n<td>Whisner Fraga Mamede<\/td>\n<td>Whisner Fraga Mamede<\/td>\n<td>Homologado<\/td>\n<\/tr>\n<\/tbody>\n<\/table>\n<p>\u00a0<\/p>\n<\/div>\n","protected":false},"excerpt":{"rendered":"<p>Campanha eleitoral ser\u00e1 realizada de 21 de setembro a 15 de outubro de 2024 A Comiss\u00e3o Eleitoral Central (CEC) do Instituto Federal de Educa\u00e7\u00e3o, Ci\u00eancia e Tecnologia de S\u00e3o Paulo anunciou a homologa\u00e7\u00e3o das candidaturas ao cargo de reitor para o mandato 2025-2029. A decis\u00e3o foi oficializada atrav\u00e9s do Comunicado n.\u00ba 7\/2024 &#8211; CEC2024-IFSP\/RET\/IFSP, publicado [&hellip;]<\/p>\n","protected":false},"author":1,"featured_media":0,"comment_status":"","ping_status":"","sticky":false,"template":"","format":"standard","meta":{"footnotes":""},"categories":[1],"tags":[],"class_list":["post-27277","post","type-post","status-publish","format-standard","hentry","category-noticias"],"amp_enabled":true,"_links":{"self":[{"href":"https:\/\/novasdodia.com.br\/index.php\/wp-json\/wp\/v2\/posts\/27277","targetHints":{"allow":["GET"]}}],"collection":[{"href":"https:\/\/novasdodia.com.br\/index.php\/wp-json\/wp\/v2\/posts"}],"about":[{"href":"https:\/\/novasdodia.com.br\/index.php\/wp-json\/wp\/v2\/types\/post"}],"author":[{"embeddable":true,"href":"https:\/\/novasdodia.com.br\/index.php\/wp-json\/wp\/v2\/users\/1"}],"replies":[{"embeddable":true,"href":"https:\/\/novasdodia.com.br\/index.php\/wp-json\/wp\/v2\/comments?post=27277"}],"version-history":[{"count":0,"href":"https:\/\/novasdodia.com.br\/index.php\/wp-json\/wp\/v2\/posts\/27277\/revisions"}],"wp:attachment":[{"href":"https:\/\/novasdodia.com.br\/index.php\/wp-json\/wp\/v2\/media?parent=27277"}],"wp:term":[{"taxonomy":"category","embeddable":true,"href":"https:\/\/novasdodia.com.br\/index.php\/wp-json\/wp\/v2\/categories?post=27277"},{"taxonomy":"post_tag","embeddable":true,"href":"https:\/\/novasdodia.com.br\/index.php\/wp-json\/wp\/v2\/tags?post=27277"}],"curies":[{"name":"wp","href":"https:\/\/api.w.org\/{rel}","templated":true}]}}