{"id":27333,"date":"2024-09-24T02:06:45","date_gmt":"2024-09-24T05:06:45","guid":{"rendered":"https:\/\/novasdodia.com.br\/index.php\/2024\/09\/24\/sessao-da-tarde-exibe-hoje-segunda-23-09-na-globo-lisbela-e-o-prisioneiro\/"},"modified":"2024-09-24T02:06:45","modified_gmt":"2024-09-24T05:06:45","slug":"sessao-da-tarde-exibe-hoje-segunda-23-09-na-globo-lisbela-e-o-prisioneiro","status":"publish","type":"post","link":"https:\/\/novasdodia.com.br\/index.php\/2024\/09\/24\/sessao-da-tarde-exibe-hoje-segunda-23-09-na-globo-lisbela-e-o-prisioneiro\/","title":{"rendered":"Sess\u00e3o da Tarde exibe Hoje Segunda (23\/09) na Globo &#8211; Lisbela E O Prisioneiro"},"content":{"rendered":"<p> Por MRNews<br \/>\n<\/p>\n<div>\n<p>COnfira a programa\u00e7\u00e3o da Globo\u00a0 <strong>hoje, 23\/09\/<\/strong><strong>2024 e que horas come\u00e7am os filmes de hoje.\u00a0<\/strong><\/p>\n<p>Segunda-feira, 23\/09\/2024<\/p>\n<p>04:00 Hora Um<\/p>\n<p>06:00 Bom Dia Pra\u00e7a<\/p>\n<p>08:30 Bom Dia Brasil<\/p>\n<p>09:30 Encontro Com Patr\u00edcia Poeta<\/p>\n<p>10:40 Mais Voc\u00ea<\/p>\n<p>11:45 Pra\u00e7a TV \u2013 1\u00aa Edi\u00e7\u00e3o<\/p>\n<p>13:00 Hor\u00e1rio Pol\u00edtico 2024<\/p>\n<p>13:10 Pra\u00e7a TV \u2013 1\u00aa Edi\u00e7\u00e3o<\/p>\n<p>13:20 Globo Esporte<\/p>\n<p>13:45 Jornal Hoje<\/p>\n<p>14:45 Edi\u00e7\u00e3o Especial \u2013 Cabocla<\/p>\n<p>15:20 <a href=\"https:\/\/revistashape.com.br\">Sessao Da Tarde<\/a> \u2013 <a href=\"https:\/\/cassilandiajornal.com.br\">Lisbela E O Prisioneiro<\/a><\/p>\n<p>17:05 Vale a Pena Ver de Novo \u2013 Alma G\u00eamea<\/p>\n<p>18:25 No Rancho Fundo<\/p>\n<p>19:10 Pra\u00e7a TV \u2013 2\u00aa Edi\u00e7\u00e3o<\/p>\n<p>19:40 Fam\u00edlia \u00e9 Tudo<\/p>\n<p>20:30 Hor\u00e1rio Pol\u00edtico 2024<\/p>\n<p>20:40 Jornal Nacional<\/p>\n<p>21:30 Mania de Voc\u00ea<\/p>\n<p>22:40 <a href=\"http:\/\/Revistapreview.com.br\">Estrela da Casa<\/a><\/p>\n<p>23:25 Falas De Acesso<\/p>\n<p>00:15 Jornal da Globo<\/p>\n<p>01:05 Conversa com Bial<\/p>\n<p>01:45 Fam\u00edlia \u00e9 Tudo<\/p>\n<p>02:30 Com\u00e9dia Na Madruga I<\/p>\n<p>03:20 Com\u00e9dia Na Madruga II<\/p>\n<p><a href=\"https:\/\/mrnews.com.br\/index.php\/2024\/09\/23\/programacao-globo-hoje-terca-24-09-e-amanha-que-horas-comeca-mania-de-voce-e-estrela-da-casa\/\">Programa\u00e7\u00e3o Globo HOJE TER\u00c7A (24\/09) E AMANH\u00c3: QUE HORAS COME\u00c7A Mania de Voc\u00ea E Estrela da Casa?<\/a><\/p>\n<h2>Sess\u00e3o da Tarde \u2013 Segunda-feira, 23\/09\/2024<\/h2>\n<p>\u00a0<\/p>\n<h3>Filme: Lisbela e o Prisioneiro<\/h3>\n<p>\u2013 **T\u00edtulo Original**: Lisbela e o Prisioneiro<\/p>\n<p>\u2013 **Pa\u00eds de Origem**: Brasil<\/p>\n<p>\u2013 **Ano de Produ\u00e7\u00e3o**: 2003<\/p>\n<p>\u2013 **Dire\u00e7\u00e3o**: Guel Arraes<\/p>\n<p>\u2013 **Elenco**: Selton Mello, D\u00e9bora Falabella, Marco Nanini, Virginia Cavendish, Bruno Garcia, Andr\u00e9 Mattos<\/p>\n<p>\u2013 **G\u00eanero**: Com\u00e9dia, Romance<\/p>\n<p>\u00a0<\/p>\n<p>Nesta segunda-feira, o cl\u00e1ssico do cinema brasileiro, *Lisbela e o Prisioneiro*, ser\u00e1 exibido na **Sess\u00e3o da Tarde**, trazendo muita leveza e humor para a sua tarde. O filme, dirigido por **Guel Arraes**, \u00e9 baseado na pe\u00e7a hom\u00f4nima de **Osman Lins** e conta uma bela hist\u00f3ria de amor e aventura, repleta de personagens carism\u00e1ticos.<\/p>\n<p>\u00a0<\/p>\n<h3>Enredo<\/h3>\n<p>Lisbela (D\u00e9bora Falabella) \u00e9 uma jovem sonhadora, apaixonada por filmes de aventura e ansiosa por grandes emo\u00e7\u00f5es. Ela est\u00e1 prestes a se casar, mas sua vida muda completamente quando conhece Leleu (Selton Mello), um malandro simp\u00e1tico e sedutor que vive fugindo de encrencas. Apesar de estar noiva, Lisbela se v\u00ea dividida entre seu compromisso e os sentimentos que come\u00e7a a desenvolver por Leleu.<\/p>\n<p>\u00a0<\/p>\n<p>Enquanto os dois se apaixonam, o filme apresenta uma s\u00e9rie de reviravoltas c\u00f4micas e rom\u00e2nticas, com a presen\u00e7a de um matador de aluguel, Frederico Evandro (Marco Nanini), que est\u00e1 atr\u00e1s de Leleu. No meio desse tri\u00e2ngulo amoroso e do perigo iminente, os protagonistas enfrentam suas d\u00favidas e problemas familiares, criando situa\u00e7\u00f5es que garantem boas risadas e momentos emocionantes.<\/p>\n<p>\u00a0<\/p>\n<h3>Destaques do Filme<\/h3>\n<p>A com\u00e9dia rom\u00e2ntica \u00e9 embalada por um roteiro leve, cen\u00e1rios nordestinos encantadores e uma trilha sonora marcante. O elenco de peso, com **Selton Mello** e **D\u00e9bora Falabella**, brilha nas telas, enquanto o veterano **Marco Nanini** rouba a cena como o hil\u00e1rio vil\u00e3o.<\/p>\n<p>\u00a0<\/p>\n<h3>Curiosidades<\/h3>\n<p>\u00a0<\/p>\n<p>\u2013 *Lisbela e o Prisioneiro* foi um grande sucesso de bilheteria no Brasil, sendo uma das com\u00e9dias mais adoradas pelo p\u00fablico.<\/p>\n<p>\u2013 A dire\u00e7\u00e3o de **Guel Arraes** mistura teatro e cinema, trazendo uma narrativa \u00fanica que cativa tanto pela est\u00e9tica quanto pela atua\u00e7\u00e3o.<\/p>\n<p>\u00a0<\/p>\n<p>N\u00e3o perca essa oportunidade de se divertir e se emocionar com *Lisbela e o Prisioneiro*, uma das com\u00e9dias rom\u00e2nticas mais ic\u00f4nicas do cinema brasileiro. **Sess\u00e3o da Tarde** vai ao ar \u00e0s **15h20**!<\/p>\n<\/div>\n","protected":false},"excerpt":{"rendered":"<p>Por MRNews COnfira a programa\u00e7\u00e3o da Globo\u00a0 hoje, 23\/09\/2024 e que horas come\u00e7am os filmes de hoje.\u00a0 Segunda-feira, 23\/09\/2024 04:00 Hora Um 06:00 Bom Dia Pra\u00e7a 08:30 Bom Dia Brasil 09:30 Encontro Com Patr\u00edcia Poeta 10:40 Mais Voc\u00ea 11:45 Pra\u00e7a TV \u2013 1\u00aa Edi\u00e7\u00e3o 13:00 Hor\u00e1rio Pol\u00edtico 2024 13:10 Pra\u00e7a TV \u2013 1\u00aa Edi\u00e7\u00e3o 13:20 [&hellip;]<\/p>\n","protected":false},"author":3,"featured_media":0,"comment_status":"","ping_status":"","sticky":false,"template":"","format":"standard","meta":{"footnotes":""},"categories":[1],"tags":[],"class_list":["post-27333","post","type-post","status-publish","format-standard","hentry","category-noticias"],"amp_enabled":true,"_links":{"self":[{"href":"https:\/\/novasdodia.com.br\/index.php\/wp-json\/wp\/v2\/posts\/27333","targetHints":{"allow":["GET"]}}],"collection":[{"href":"https:\/\/novasdodia.com.br\/index.php\/wp-json\/wp\/v2\/posts"}],"about":[{"href":"https:\/\/novasdodia.com.br\/index.php\/wp-json\/wp\/v2\/types\/post"}],"author":[{"embeddable":true,"href":"https:\/\/novasdodia.com.br\/index.php\/wp-json\/wp\/v2\/users\/3"}],"replies":[{"embeddable":true,"href":"https:\/\/novasdodia.com.br\/index.php\/wp-json\/wp\/v2\/comments?post=27333"}],"version-history":[{"count":0,"href":"https:\/\/novasdodia.com.br\/index.php\/wp-json\/wp\/v2\/posts\/27333\/revisions"}],"wp:attachment":[{"href":"https:\/\/novasdodia.com.br\/index.php\/wp-json\/wp\/v2\/media?parent=27333"}],"wp:term":[{"taxonomy":"category","embeddable":true,"href":"https:\/\/novasdodia.com.br\/index.php\/wp-json\/wp\/v2\/categories?post=27333"},{"taxonomy":"post_tag","embeddable":true,"href":"https:\/\/novasdodia.com.br\/index.php\/wp-json\/wp\/v2\/tags?post=27333"}],"curies":[{"name":"wp","href":"https:\/\/api.w.org\/{rel}","templated":true}]}}