{"id":27365,"date":"2024-09-25T07:22:42","date_gmt":"2024-09-25T10:22:42","guid":{"rendered":"https:\/\/novasdodia.com.br\/index.php\/2024\/09\/25\/acao-da-snt-em-anastacio-revela-historia-emocionante-de-amor-inclusao-e-amizade-em-escola-municipal\/"},"modified":"2024-09-25T07:22:42","modified_gmt":"2024-09-25T10:22:42","slug":"acao-da-snt-em-anastacio-revela-historia-emocionante-de-amor-inclusao-e-amizade-em-escola-municipal","status":"publish","type":"post","link":"https:\/\/novasdodia.com.br\/index.php\/2024\/09\/25\/acao-da-snt-em-anastacio-revela-historia-emocionante-de-amor-inclusao-e-amizade-em-escola-municipal\/","title":{"rendered":"A\u00e7\u00e3o da SNT em Anast\u00e1cio revela hist\u00f3ria emocionante de amor, inclus\u00e3o e amizade em escola municipal"},"content":{"rendered":"<p><\/p>\n<div>\n<p>A iniciativa de uma professora de apoio da Escola Municipal Josefa Maria da Concei\u00e7\u00e3o &#8220;Dona Zefa&#8221; no munic\u00edpio de Anast\u00e1cio, chamou a aten\u00e7\u00e3o da equipe de fiscaliza\u00e7\u00e3o do Detran-MS (Departamento Estadual de Tr\u00e2nsito de Mato Grosso do Sul) de Aquidauana, que esteve na institui\u00e7\u00e3o para a\u00e7\u00e3o educativa as crian\u00e7as durante a Semana Nacional do Tr\u00e2nsito (SNT).\u00a0<\/p>\n<p>Aluna do pr\u00e9 I B, Maria \u00cdsis de 4 anos, \u00e9 cadeirante, e ganhou um carro adaptado para participar da a\u00e7\u00e3o educativa junto com os colegas da escola. \u201cEla e o irm\u00e3o Gabriel, que estuda na mesma escola, chegaram na maior alegria em casa. Foi o assunto do final de semana com as primas\u201d, conta a m\u00e3e, Ruth Bezerra Chaves.\u00a0<\/p>\n<figure id=\"attachment_491632\" aria-describedby=\"caption-attachment-491632\" style=\"width: 1024px\" class=\"wp-caption aligncenter\"><figcaption id=\"caption-attachment-491632\" class=\"wp-caption-text\">Crian\u00e7as participam da a\u00e7\u00e3o da SNT<\/figcaption><\/figure>\n<p>A ideia foi da professora de apoio da menina, Lidia Aparecida Cabral do Nascimento, que consultou a equipe pedag\u00f3gica da escola e tamb\u00e9m os pais. Al\u00e9m de sempre buscar formas l\u00fadicas de incluir a Maria Isis nas atividades escolares, de modo que a limita\u00e7\u00e3o f\u00edsica seja pequena diante das viv\u00eancias e do aprendizado.\u00a0<\/p>\n<p>\u201cQuando soube da atividade para o Projeto de Tr\u00e2nsito na Escola, pensei em como poderia incluir Maria \u00cdsis no projeto. Temos em sala de aula uma cadeirinha pequena de uso da Educa\u00e7\u00e3o Infantil, j\u00e1 adaptada com rodinhas pra ela. Ent\u00e3o conversei com a professora regente, C\u00e9lia Oliveira, sobre a ideia da seguinte forma: professora vamos fazer da cadeira da Maria \u00cdsis um carro para ela possa participar do projeto, ent\u00e3o veio a ideia de pegar uma caixa de papel\u00e3o e encaixar a cadeira dentro. Ent\u00e3o come\u00e7amos a prepara\u00e7\u00e3o com caixas de papel\u00e3o, tinta guache, e as crian\u00e7as da sala participaram da pintura inclusive a Maria \u00cdsis\u201d, conta a professora.\u00a0<\/p>\n<figure id=\"attachment_491628\" aria-describedby=\"caption-attachment-491628\" style=\"width: 225px\" class=\"wp-caption alignleft\"><figcaption id=\"caption-attachment-491628\" class=\"wp-caption-text\">Maria Isis com o irm\u00e3o Gabriel<\/figcaption><\/figure>\n<p>Para a m\u00e3e, Ruth, ver a filha participar das atividades \u00e9 gratificante.<\/p>\n<p>\u201cNo come\u00e7o do ano letivo, conversei com a professora L\u00eddia para que me ajudasse no desenvolvimento da Maria Isis. Sempre disse a ela que seria capaz de realizar toda e qualquer atividade que pode n\u00e3o ser como n\u00f3s fazemos, mas que seria do jeitinho dela. Eu costumo dizer a ela que a limita\u00e7\u00e3o pode ser f\u00edsica mas jamais na mente, e que ningu\u00e9m pode dizer ao contr\u00e1rio. Eu amo ouvir ela descrever o que faz na escolinha, ver o brilho nos olhinhos dela \u00e9 indescrit\u00edvel\u201d.<\/p>\n<p>A Agente da Autoridade de Tr\u00e2nsito do Detran-MS de Aquidauana, Michelle Escolhant Fanaia, que esteve com as crian\u00e7as na atividade da Semana Nacional do Tr\u00e2nsito, destacou a delicadeza da comunidade escolar com a iniciativa.<\/p>\n<p>\u201c\u00c9 de admirar o trabalho e a sensibilidade da professora L\u00eddia, que n\u00e3o mediu esfor\u00e7os para incluir a Maria Isis em todas as atividades propostas na a\u00e7\u00e3o. A ideia de adaptar o carrinho na cadeira de rodas foi genial e garantiu a participa\u00e7\u00e3o e a intera\u00e7\u00e3o efetiva da Maria. S\u00e3o essas experi\u00eancias que tornam nosso trabalho ainda mais gratificante\u201d.\u00a0<\/p>\n<p>Essa experi\u00eancia mostra que a inclus\u00e3o vai al\u00e9m da simples presen\u00e7a, mas tamb\u00e9m de criar um ambiente onde a crian\u00e7a se sinta valorizada e capaz de contribuir com a sociedade.\u00a0<\/p>\n<figure id=\"attachment_491629\" aria-describedby=\"caption-attachment-491629\" style=\"width: 1024px\" class=\"wp-caption aligncenter\"><figcaption id=\"caption-attachment-491629\" class=\"wp-caption-text\">Confec\u00e7\u00e3o do carrinho<\/figcaption><\/figure>\n<p>Al\u00e9m da Semana Nacional do Tr\u00e2nsito que promove a conscientiza\u00e7\u00e3o por um tr\u00e2nsito mais seguro para todos, a hist\u00f3ria da Maria \u00cdsis com a professora L\u00eddia, tamb\u00e9m marca outras duas datas importantes: o dia 21 de setembro, que celebrou o Dia Nacional de Luta da Pessoa com Defici\u00eancia, e o Dia do Professor, que ser\u00e1 comemorado no dia 15 de outubro.\u00a0<\/p>\n<p><em>Mireli Obando, Comunica\u00e7\u00e3o Detran-MS<br \/><\/em><em>Fotos: Arquivo pessoal<\/em><\/p>\n<\/div>\n","protected":false},"excerpt":{"rendered":"<p>A iniciativa de uma professora de apoio da Escola Municipal Josefa Maria da Concei\u00e7\u00e3o &#8220;Dona Zefa&#8221; no munic\u00edpio de Anast\u00e1cio, chamou a aten\u00e7\u00e3o da equipe de fiscaliza\u00e7\u00e3o do Detran-MS (Departamento Estadual de Tr\u00e2nsito de Mato Grosso do Sul) de Aquidauana, que esteve na institui\u00e7\u00e3o para a\u00e7\u00e3o educativa as crian\u00e7as durante a Semana Nacional do Tr\u00e2nsito [&hellip;]<\/p>\n","protected":false},"author":1,"featured_media":0,"comment_status":"","ping_status":"","sticky":false,"template":"","format":"standard","meta":{"footnotes":""},"categories":[],"tags":[],"class_list":["post-27365","post","type-post","status-publish","format-standard","hentry"],"amp_enabled":true,"_links":{"self":[{"href":"https:\/\/novasdodia.com.br\/index.php\/wp-json\/wp\/v2\/posts\/27365","targetHints":{"allow":["GET"]}}],"collection":[{"href":"https:\/\/novasdodia.com.br\/index.php\/wp-json\/wp\/v2\/posts"}],"about":[{"href":"https:\/\/novasdodia.com.br\/index.php\/wp-json\/wp\/v2\/types\/post"}],"author":[{"embeddable":true,"href":"https:\/\/novasdodia.com.br\/index.php\/wp-json\/wp\/v2\/users\/1"}],"replies":[{"embeddable":true,"href":"https:\/\/novasdodia.com.br\/index.php\/wp-json\/wp\/v2\/comments?post=27365"}],"version-history":[{"count":0,"href":"https:\/\/novasdodia.com.br\/index.php\/wp-json\/wp\/v2\/posts\/27365\/revisions"}],"wp:attachment":[{"href":"https:\/\/novasdodia.com.br\/index.php\/wp-json\/wp\/v2\/media?parent=27365"}],"wp:term":[{"taxonomy":"category","embeddable":true,"href":"https:\/\/novasdodia.com.br\/index.php\/wp-json\/wp\/v2\/categories?post=27365"},{"taxonomy":"post_tag","embeddable":true,"href":"https:\/\/novasdodia.com.br\/index.php\/wp-json\/wp\/v2\/tags?post=27365"}],"curies":[{"name":"wp","href":"https:\/\/api.w.org\/{rel}","templated":true}]}}