{"id":27712,"date":"2024-10-08T20:19:02","date_gmt":"2024-10-08T23:19:02","guid":{"rendered":"https:\/\/novasdodia.com.br\/index.php\/2024\/10\/08\/escola-da-inclusao-abre-inscricoes-para-curso-de-introducao-em-libras\/"},"modified":"2024-10-08T20:19:02","modified_gmt":"2024-10-08T23:19:02","slug":"escola-da-inclusao-abre-inscricoes-para-curso-de-introducao-em-libras","status":"publish","type":"post","link":"https:\/\/novasdodia.com.br\/index.php\/2024\/10\/08\/escola-da-inclusao-abre-inscricoes-para-curso-de-introducao-em-libras\/","title":{"rendered":"Escola da Inclus\u00e3o abre inscri\u00e7\u00f5es para curso de Introdu\u00e7\u00e3o em Libras"},"content":{"rendered":"<p><img decoding=\"async\" src=\"https:\/\/www.saopaulo.sp.gov.br\/wp-content\/uploads\/2024\/10\/mulheres-adultas-se-comunicando-atraves-da-linguagem-gestual_23-2148590307-1.jpg\" \/><\/p>\n<div id=\"\">&#13;<br \/>\n                                <!-- Title -->&#13;<br \/>\n                                &#13;<br \/>\n&#13;<br \/>\n                                <!-- Excerpt -->&#13;<\/p>\n<p class=\"excerpt\">Com 1,5 mil vagas, aulas gratuitas s\u00e3o disponibilizadas em ambiente virtual desenvolvido em parceria com a Univesp<\/p>\n<p>&#13;<br \/>\n&#13;<br \/>\n                                &#13;\n                            <\/p><\/div>\n<div id=\"\">&#13;<\/p>\n<figure id=\"attachment_6361407\" style=\"width: 100%;max-width: 747px\" class=\"wp-caption alignnone\"><figcaption class=\"wp-caption-text\">Alunos poder\u00e3o acessar aulas ministradas por professores surdos com forma\u00e7\u00e3o espec\u00edfica na \u00e1rea. Foto: Divulga\u00e7\u00e3o\/Governo de SP<\/figcaption><\/figure>\n<p>A Secretaria de Estado dos Direitos da Pessoa com Defici\u00eancia (SEDPcD) abre nesta ter\u00e7a (8) as inscri\u00e7\u00f5es para o curso \u201cIntrodu\u00e7\u00e3o \u00e0 Libras\u201d. Com 1,5 mil vagas dispon\u00edveis, as aulas online integram a Escola da Inclus\u00e3o, ambiente virtual dedicado \u00e0 promo\u00e7\u00e3o e \u00e0 dissemina\u00e7\u00e3o do conhecimento sobre inclus\u00e3o de pessoas com defici\u00eancia na sociedade. A iniciativa \u00e9 resultado da parceria entre a SEDPcD e a Universidade Virtual do Estado de S\u00e3o Paulo (Univesp).<\/p>\n<p>Os alunos matriculados poder\u00e3o acessar os conte\u00fados e aulas ministrados por professores surdos com forma\u00e7\u00e3o espec\u00edfica na \u00e1rea e, ao final do curso, receber\u00e3o o certificado de conclus\u00e3o.<\/p>\n<p><strong>Leia reportagem completa na Ag\u00eancia SP<\/strong><\/p>\n<\/p><\/div>\n","protected":false},"excerpt":{"rendered":"<p>&#13; &#13; &#13; &#13; &#13; Com 1,5 mil vagas, aulas gratuitas s\u00e3o disponibilizadas em ambiente virtual desenvolvido em parceria com a Univesp &#13; &#13; &#13; &#13; Alunos poder\u00e3o acessar aulas ministradas por professores surdos com forma\u00e7\u00e3o espec\u00edfica na \u00e1rea. Foto: Divulga\u00e7\u00e3o\/Governo de SP A Secretaria de Estado dos Direitos da Pessoa com Defici\u00eancia (SEDPcD) abre [&hellip;]<\/p>\n","protected":false},"author":1,"featured_media":0,"comment_status":"","ping_status":"","sticky":false,"template":"","format":"standard","meta":{"footnotes":""},"categories":[1],"tags":[],"class_list":["post-27712","post","type-post","status-publish","format-standard","hentry","category-noticias"],"amp_enabled":true,"_links":{"self":[{"href":"https:\/\/novasdodia.com.br\/index.php\/wp-json\/wp\/v2\/posts\/27712","targetHints":{"allow":["GET"]}}],"collection":[{"href":"https:\/\/novasdodia.com.br\/index.php\/wp-json\/wp\/v2\/posts"}],"about":[{"href":"https:\/\/novasdodia.com.br\/index.php\/wp-json\/wp\/v2\/types\/post"}],"author":[{"embeddable":true,"href":"https:\/\/novasdodia.com.br\/index.php\/wp-json\/wp\/v2\/users\/1"}],"replies":[{"embeddable":true,"href":"https:\/\/novasdodia.com.br\/index.php\/wp-json\/wp\/v2\/comments?post=27712"}],"version-history":[{"count":0,"href":"https:\/\/novasdodia.com.br\/index.php\/wp-json\/wp\/v2\/posts\/27712\/revisions"}],"wp:attachment":[{"href":"https:\/\/novasdodia.com.br\/index.php\/wp-json\/wp\/v2\/media?parent=27712"}],"wp:term":[{"taxonomy":"category","embeddable":true,"href":"https:\/\/novasdodia.com.br\/index.php\/wp-json\/wp\/v2\/categories?post=27712"},{"taxonomy":"post_tag","embeddable":true,"href":"https:\/\/novasdodia.com.br\/index.php\/wp-json\/wp\/v2\/tags?post=27712"}],"curies":[{"name":"wp","href":"https:\/\/api.w.org\/{rel}","templated":true}]}}