{"id":27837,"date":"2024-10-11T23:14:58","date_gmt":"2024-10-12T02:14:58","guid":{"rendered":"https:\/\/novasdodia.com.br\/index.php\/2024\/10\/11\/complexo-hospitalar-souza-aguiar-promove-acoes-e-brincadeiras-pelo-dia-das-criancas-com-pequenos-pacientes-prefeitura-da-cidade-do-rio-de-janeiro\/"},"modified":"2024-10-11T23:14:58","modified_gmt":"2024-10-12T02:14:58","slug":"complexo-hospitalar-souza-aguiar-promove-acoes-e-brincadeiras-pelo-dia-das-criancas-com-pequenos-pacientes-prefeitura-da-cidade-do-rio-de-janeiro","status":"publish","type":"post","link":"https:\/\/novasdodia.com.br\/index.php\/2024\/10\/11\/complexo-hospitalar-souza-aguiar-promove-acoes-e-brincadeiras-pelo-dia-das-criancas-com-pequenos-pacientes-prefeitura-da-cidade-do-rio-de-janeiro\/","title":{"rendered":"Complexo Hospitalar Souza Aguiar promove a\u00e7\u00f5es e brincadeiras pelo Dia das Crian\u00e7as com pequenos pacientes &#8211; Prefeitura da Cidade do Rio de Janeiro"},"content":{"rendered":"<p><\/p>\n<div id=\"main\">\n<div class=\"wrapper-breadcrumbs\" wp_automatic_readability=\"42.891265597148\">\n<div class=\"image-post\" wp_automatic_readability=\"33\">\n                     Cinquenta crian\u00e7as e adolescentes internados no Complexo Hospitalar Souza Aguiar tiveram um dia de alegria e brincadeiras pelo Dia das Crian\u00e7as  -Edu Kapps\/Secretaria Municipal de Sa\u00fade                  <\/div>\n<p>Nesta sexta-feira (11\/10), o Complexo Hospitalar Souza Aguiar, no Centro,\u00a0 organizou uma s\u00e9rie de a\u00e7\u00f5es para celebrar o Dia das Crian\u00e7as, com alegria e tudo que os pequenos t\u00eam direito. Mais de 50 crian\u00e7as e adolescentes puderam participar do evento, direta ou indiretamente, de acordo com o setor onde estavam internados. A a\u00e7\u00e3o ocorreu no Hospital Municipal Souza Aguiar, CER Centro e Hospital Maternidade Maria Am\u00e9lia Buarque de Hollanda.<\/p>\n<blockquote wp_automatic_readability=\"11\">\n<p>\u2013 A iniciativa de promover eventos que tragam conforto, alegria e divers\u00e3o para crian\u00e7as e adolescentes internados \u00e9 fundamental. A\u00e7\u00f5es como essa suavizam a rotina da interna\u00e7\u00e3o, sem falar que auxiliam no processo de recupera\u00e7\u00e3o dos pacientes \u2013 disse Paula Travassos, diretora geral do Complexo Hospitalar Souza Aguiar.<\/p>\n<\/blockquote>\n<p>O dia na pediatria do Hospital Municipal Souza Aguiar (HMSA), setor com o maior n\u00famero de crian\u00e7as internadas, foi marcado por brincadeiras, com a equipe de profissionais de educa\u00e7\u00e3o f\u00edsica que atuam na \u00e1rea central da cidade, m\u00fasica, distribui\u00e7\u00e3o de presentes, lanchinho especial, e a presen\u00e7a dos personagens, Mickey e Z\u00e9 Gotinha.<\/p>\n<p>A m\u00e3e de Manuela Monteiro, de 3 anos, considera esse tipo de iniciativa essencial para a recupera\u00e7\u00e3o das crian\u00e7as que est\u00e3o internadas.<\/p>\n<blockquote wp_automatic_readability=\"10\">\n<p>\u2013 Com esse tipo de a\u00e7\u00e3o as crian\u00e7as ficam mais alegres, acabam se distraindo um pouco, e esquecem que est\u00e3o em um hospital. A Manuela ficou super feliz. E est\u00e1 interagindo com as outras crian\u00e7as \u2013 ressaltou Thais Candido, de 27 anos.<\/p>\n<\/blockquote>\n<p>Os visitantes ilustres, Mickey e Z\u00e9 Gotinha,\u00a0 tamb\u00e9m percorreram outros setores infantis mais restritos do HMSA, passando pelo CER Centro e encerrando a visita no Hospital Maternidade Maria Am\u00e9lia Buarque de Hollanda. \u00a0As unidades est\u00e3o localizadas na regi\u00e3o central do Rio de Janeiro, e s\u00e3o refer\u00eancia em cuidados m\u00e9dicos e na forma\u00e7\u00e3o de profissionais de sa\u00fade.<\/p>\n<p>             <!-- Compartilhe ---><\/p>\n<p>\t\t\t <!-- TAGS --><\/p>\n<section class=\"category-tags\">\n<div class=\"marcacao-category\">\n<article class=\"category-post\">\n<p>Categoria: <\/p>\n<\/article>\n<li>11 de outubro de 2024<\/li><\/div>\n<article class=\"tags\">\n\t\t\t\t\tMarca\u00e7\u00f5es: Centro do Rio Complexo Hospitalar Souza Aguiar Dia das Crian\u00e7as sa\u00fade p\u00fablica Z\u00e9 Gotinha<br \/><\/article>\n<\/section>\n<p>            <!-- Mais Not&iacute;cias --><\/p>\n<p>\t\t<!-- Conte&uacute;do SIDEBAR --><\/p><\/div>\n<\/p><\/div>\n","protected":false},"excerpt":{"rendered":"<p>Cinquenta crian\u00e7as e adolescentes internados no Complexo Hospitalar Souza Aguiar tiveram um dia de alegria e brincadeiras pelo Dia das Crian\u00e7as -Edu Kapps\/Secretaria Municipal de Sa\u00fade Nesta sexta-feira (11\/10), o Complexo Hospitalar Souza Aguiar, no Centro,\u00a0 organizou uma s\u00e9rie de a\u00e7\u00f5es para celebrar o Dia das Crian\u00e7as, com alegria e tudo que os pequenos t\u00eam [&hellip;]<\/p>\n","protected":false},"author":1,"featured_media":0,"comment_status":"","ping_status":"","sticky":false,"template":"","format":"standard","meta":{"footnotes":""},"categories":[1],"tags":[],"class_list":["post-27837","post","type-post","status-publish","format-standard","hentry","category-noticias"],"amp_enabled":true,"_links":{"self":[{"href":"https:\/\/novasdodia.com.br\/index.php\/wp-json\/wp\/v2\/posts\/27837","targetHints":{"allow":["GET"]}}],"collection":[{"href":"https:\/\/novasdodia.com.br\/index.php\/wp-json\/wp\/v2\/posts"}],"about":[{"href":"https:\/\/novasdodia.com.br\/index.php\/wp-json\/wp\/v2\/types\/post"}],"author":[{"embeddable":true,"href":"https:\/\/novasdodia.com.br\/index.php\/wp-json\/wp\/v2\/users\/1"}],"replies":[{"embeddable":true,"href":"https:\/\/novasdodia.com.br\/index.php\/wp-json\/wp\/v2\/comments?post=27837"}],"version-history":[{"count":0,"href":"https:\/\/novasdodia.com.br\/index.php\/wp-json\/wp\/v2\/posts\/27837\/revisions"}],"wp:attachment":[{"href":"https:\/\/novasdodia.com.br\/index.php\/wp-json\/wp\/v2\/media?parent=27837"}],"wp:term":[{"taxonomy":"category","embeddable":true,"href":"https:\/\/novasdodia.com.br\/index.php\/wp-json\/wp\/v2\/categories?post=27837"},{"taxonomy":"post_tag","embeddable":true,"href":"https:\/\/novasdodia.com.br\/index.php\/wp-json\/wp\/v2\/tags?post=27837"}],"curies":[{"name":"wp","href":"https:\/\/api.w.org\/{rel}","templated":true}]}}