{"id":28221,"date":"2024-10-23T11:17:59","date_gmt":"2024-10-23T14:17:59","guid":{"rendered":"https:\/\/novasdodia.com.br\/index.php\/2024\/10\/23\/servidores-da-educacao-vao-receber-bonus-por-avancos-no-ideb-prefeitura-da-cidade-do-rio-de-janeiro\/"},"modified":"2024-10-23T11:17:59","modified_gmt":"2024-10-23T14:17:59","slug":"servidores-da-educacao-vao-receber-bonus-por-avancos-no-ideb-prefeitura-da-cidade-do-rio-de-janeiro","status":"publish","type":"post","link":"https:\/\/novasdodia.com.br\/index.php\/2024\/10\/23\/servidores-da-educacao-vao-receber-bonus-por-avancos-no-ideb-prefeitura-da-cidade-do-rio-de-janeiro\/","title":{"rendered":"Servidores da Educa\u00e7\u00e3o v\u00e3o receber b\u00f4nus por avan\u00e7os no Ideb &#8211; Prefeitura da Cidade do Rio de Janeiro"},"content":{"rendered":"<p><\/p>\n<div id=\"main\">\n<div class=\"wrapper-breadcrumbs\" wp_automatic_readability=\"28.779524214104\">\n<div class=\"image-post\" wp_automatic_readability=\"34\">\n                     O Acordo de Resultados para todos os integrantes eleg\u00edveis da Administra\u00e7\u00e3o P\u00fablica  Municipal ser\u00e1 pago em 28 de outubro, Dia do Servidor &#8211; Reprodu\u00e7\u00e3o                  <\/div>\n<p>Os servidores da rede carioca de ensino v\u00e3o receber um b\u00f4nus pelo resultado obtido no \u00cdndice de Desenvolvimento da Educa\u00e7\u00e3o B\u00e1sica (Ideb) divulgado este ano. O chamado \u201cB\u00f4nus Ideb\u201d vai garantir aos servidores das unidades escolares que n\u00e3o alcan\u00e7aram as metas do \u00cdndice, mas avan\u00e7aram nos indicadores, uma bonifica\u00e7\u00e3o de 50% da meta. Al\u00e9m disso, ser\u00e1 ajustado o percentual de pagamento de todos os servidores eleg\u00edveis lotados nas escolas, unidades de extens\u00e3o e bibliotecas, garantindo pelo menos 20% do sal\u00e1rio do 13\u00ba de 2023. Assim, ser\u00e3o contemplados os funcion\u00e1rios que n\u00e3o atingiram os objetivos estabelecidos no Acordo de Resultados, mas que se esfor\u00e7aram para alcan\u00e7\u00e1-los.<\/p>\n<p>Na mais recente edi\u00e7\u00e3o do Ideb, o Rio teve as maiores notas da hist\u00f3ria da capital carioca desde a cria\u00e7\u00e3o do \u00cdndice e se tornou a capital n\u00famero 1 no pa\u00eds em avan\u00e7o na aprendizagem. E tamb\u00e9m melhorou no ranking da regi\u00e3o Sudeste, chegando ao segundo lugar nos anos escolares iniciais e \u00e0 primeira posi\u00e7\u00e3o nos finais.<\/p>\n<p>O avan\u00e7o foi resultado de v\u00e1rias iniciativas de apoio pedag\u00f3gico, como refor\u00e7o escolar, a\u00e7\u00f5es de combate \u00e0 evas\u00e3o e de incentivo \u00e0 participa\u00e7\u00e3o em olimp\u00edadas de matem\u00e1tica, al\u00e9m de viagens de cunho cient\u00edfico e educacional e de investimento na cria\u00e7\u00e3o de escolas tecnol\u00f3gicas.<\/p>\n<p>O Acordo de Resultados para todos os integrantes eleg\u00edveis da Administra\u00e7\u00e3o P\u00fablica\u00a0 Municipal ser\u00e1 pago em 28 de outubro, Dia do Servidor.<\/p>\n<p>             <!-- Compartilhe ---><\/p>\n<p>\t\t\t <!-- TAGS --><\/p>\n<section class=\"category-tags\">\n<div class=\"marcacao-category\">\n<article class=\"category-post\">\n<p>Categoria: <\/p>\n<\/article>\n<li>23 de outubro de 2024<\/li><\/div>\n<article class=\"tags\">\n\t\t\t\t\tMarca\u00e7\u00f5es: Acordo de Resultados B\u00f4nus Educa\u00e7\u00e3o IDEB Servidores<br \/><\/article>\n<\/section>\n<p>            <!-- Mais Not&iacute;cias --><\/p>\n<p>\t\t<!-- Conte&uacute;do SIDEBAR --><\/p><\/div>\n<\/p><\/div>\n","protected":false},"excerpt":{"rendered":"<p>O Acordo de Resultados para todos os integrantes eleg\u00edveis da Administra\u00e7\u00e3o P\u00fablica Municipal ser\u00e1 pago em 28 de outubro, Dia do Servidor &#8211; Reprodu\u00e7\u00e3o Os servidores da rede carioca de ensino v\u00e3o receber um b\u00f4nus pelo resultado obtido no \u00cdndice de Desenvolvimento da Educa\u00e7\u00e3o B\u00e1sica (Ideb) divulgado este ano. O chamado \u201cB\u00f4nus Ideb\u201d vai garantir [&hellip;]<\/p>\n","protected":false},"author":1,"featured_media":0,"comment_status":"","ping_status":"","sticky":false,"template":"","format":"standard","meta":{"footnotes":""},"categories":[1],"tags":[],"class_list":["post-28221","post","type-post","status-publish","format-standard","hentry","category-noticias"],"amp_enabled":true,"_links":{"self":[{"href":"https:\/\/novasdodia.com.br\/index.php\/wp-json\/wp\/v2\/posts\/28221","targetHints":{"allow":["GET"]}}],"collection":[{"href":"https:\/\/novasdodia.com.br\/index.php\/wp-json\/wp\/v2\/posts"}],"about":[{"href":"https:\/\/novasdodia.com.br\/index.php\/wp-json\/wp\/v2\/types\/post"}],"author":[{"embeddable":true,"href":"https:\/\/novasdodia.com.br\/index.php\/wp-json\/wp\/v2\/users\/1"}],"replies":[{"embeddable":true,"href":"https:\/\/novasdodia.com.br\/index.php\/wp-json\/wp\/v2\/comments?post=28221"}],"version-history":[{"count":0,"href":"https:\/\/novasdodia.com.br\/index.php\/wp-json\/wp\/v2\/posts\/28221\/revisions"}],"wp:attachment":[{"href":"https:\/\/novasdodia.com.br\/index.php\/wp-json\/wp\/v2\/media?parent=28221"}],"wp:term":[{"taxonomy":"category","embeddable":true,"href":"https:\/\/novasdodia.com.br\/index.php\/wp-json\/wp\/v2\/categories?post=28221"},{"taxonomy":"post_tag","embeddable":true,"href":"https:\/\/novasdodia.com.br\/index.php\/wp-json\/wp\/v2\/tags?post=28221"}],"curies":[{"name":"wp","href":"https:\/\/api.w.org\/{rel}","templated":true}]}}