{"id":28269,"date":"2024-10-24T14:32:26","date_gmt":"2024-10-24T17:32:26","guid":{"rendered":"https:\/\/novasdodia.com.br\/index.php\/2024\/10\/24\/reparticoes-publicas-nao-terao-expediente-na-segunda-28-em-razao-de-feriado-do-servidor-publico-prefeitura-municipal-de-bonito\/"},"modified":"2024-10-24T14:32:26","modified_gmt":"2024-10-24T17:32:26","slug":"reparticoes-publicas-nao-terao-expediente-na-segunda-28-em-razao-de-feriado-do-servidor-publico-prefeitura-municipal-de-bonito","status":"publish","type":"post","link":"https:\/\/novasdodia.com.br\/index.php\/2024\/10\/24\/reparticoes-publicas-nao-terao-expediente-na-segunda-28-em-razao-de-feriado-do-servidor-publico-prefeitura-municipal-de-bonito\/","title":{"rendered":"Reparti\u00e7\u00f5es p\u00fablicas n\u00e3o ter\u00e3o expediente na segunda (28) em raz\u00e3o de feriado do Servidor P\u00fablico &#8211; Prefeitura Municipal de Bonito"},"content":{"rendered":"<p><\/p>\n<div>\n<div class=\"td-post-featured-image\"><\/div>\n<p>Na pr\u00f3xima segunda-feira, 28 de outubro, todas as reparti\u00e7\u00f5es do Poder P\u00fablico Municipal n\u00e3o ter\u00e3o expediente em raz\u00e3o do feriado do Dia do Servidor P\u00fablico. As atividades ser\u00e3o retomadas normalmente na ter\u00e7a-feira (29).<\/p>\n<p>Os servidores da Vigil\u00e2ncia Sanit\u00e1ria, Fiscais de Tributo e Postura Municipal e os demais que exercem a fun\u00e7\u00e3o fiscalizat\u00f3ria atuar\u00e3o em regime de plant\u00e3o. As decis\u00e3o n\u00e3o se aplica unidades e servi\u00e7os considerados essenciais de sa\u00fade e limpeza p\u00fablica ou que por sua natureza n\u00e3o possam ser paralisados ou interrompidos.<\/p>\n<\/p><\/div>\n","protected":false},"excerpt":{"rendered":"<p>Na pr\u00f3xima segunda-feira, 28 de outubro, todas as reparti\u00e7\u00f5es do Poder P\u00fablico Municipal n\u00e3o ter\u00e3o expediente em raz\u00e3o do feriado do Dia do Servidor P\u00fablico. As atividades ser\u00e3o retomadas normalmente na ter\u00e7a-feira (29). Os servidores da Vigil\u00e2ncia Sanit\u00e1ria, Fiscais de Tributo e Postura Municipal e os demais que exercem a fun\u00e7\u00e3o fiscalizat\u00f3ria atuar\u00e3o em regime [&hellip;]<\/p>\n","protected":false},"author":1,"featured_media":0,"comment_status":"","ping_status":"","sticky":false,"template":"","format":"standard","meta":{"footnotes":""},"categories":[],"tags":[],"class_list":["post-28269","post","type-post","status-publish","format-standard","hentry"],"amp_enabled":true,"_links":{"self":[{"href":"https:\/\/novasdodia.com.br\/index.php\/wp-json\/wp\/v2\/posts\/28269","targetHints":{"allow":["GET"]}}],"collection":[{"href":"https:\/\/novasdodia.com.br\/index.php\/wp-json\/wp\/v2\/posts"}],"about":[{"href":"https:\/\/novasdodia.com.br\/index.php\/wp-json\/wp\/v2\/types\/post"}],"author":[{"embeddable":true,"href":"https:\/\/novasdodia.com.br\/index.php\/wp-json\/wp\/v2\/users\/1"}],"replies":[{"embeddable":true,"href":"https:\/\/novasdodia.com.br\/index.php\/wp-json\/wp\/v2\/comments?post=28269"}],"version-history":[{"count":0,"href":"https:\/\/novasdodia.com.br\/index.php\/wp-json\/wp\/v2\/posts\/28269\/revisions"}],"wp:attachment":[{"href":"https:\/\/novasdodia.com.br\/index.php\/wp-json\/wp\/v2\/media?parent=28269"}],"wp:term":[{"taxonomy":"category","embeddable":true,"href":"https:\/\/novasdodia.com.br\/index.php\/wp-json\/wp\/v2\/categories?post=28269"},{"taxonomy":"post_tag","embeddable":true,"href":"https:\/\/novasdodia.com.br\/index.php\/wp-json\/wp\/v2\/tags?post=28269"}],"curies":[{"name":"wp","href":"https:\/\/api.w.org\/{rel}","templated":true}]}}