{"id":28453,"date":"2024-10-29T20:31:58","date_gmt":"2024-10-29T23:31:58","guid":{"rendered":"https:\/\/novasdodia.com.br\/index.php\/2024\/10\/29\/governo-de-ms-intensifica-esforcos-para-destravar-obras-do-aeroporto-regional-de-dourados-agencia-de-noticias-do-governo-de-mato-grosso-do-sul\/"},"modified":"2024-10-29T20:31:58","modified_gmt":"2024-10-29T23:31:58","slug":"governo-de-ms-intensifica-esforcos-para-destravar-obras-do-aeroporto-regional-de-dourados-agencia-de-noticias-do-governo-de-mato-grosso-do-sul","status":"publish","type":"post","link":"https:\/\/novasdodia.com.br\/index.php\/2024\/10\/29\/governo-de-ms-intensifica-esforcos-para-destravar-obras-do-aeroporto-regional-de-dourados-agencia-de-noticias-do-governo-de-mato-grosso-do-sul\/","title":{"rendered":"Governo de MS intensifica esfor\u00e7os para destravar obras do Aeroporto Regional de Dourados \u2013 Ag\u00eancia de Noticias do Governo de Mato Grosso do Sul"},"content":{"rendered":"<p><\/p>\n<div>\n<p style=\"text-align: center;\"><em>Reuni\u00e3o de alinhamento re\u00fane lideran\u00e7as para resolver pend\u00eancias e viabilizar terminal de embarque<\/em><\/p>\n<p>Em uma a\u00e7\u00e3o articulada para acelerar as obras do novo terminal de passageiros do Aeroporto Regional Francisco de Matos Pereira, em Dourados, o Governo de Mato Grosso do Sul promoveu uma reuni\u00e3o de alinhamento com representantes estaduais, municipais e t\u00e9cnicos envolvidos no projeto. A medida visa solucionar pend\u00eancias burocr\u00e1ticas para que a obra seja licitada.<\/p>\n<p>O vice-governador Jos\u00e9 Carlos Barbosa, o Barbosinha, que provocou o encontro a fim de alinhar as a\u00e7\u00f5es para que a obra comece, destacou a import\u00e2ncia do aeroporto para o Estado e o compromisso da administra\u00e7\u00e3o estadual em resolver impasses que dificultam a libera\u00e7\u00e3o para licita\u00e7\u00e3o do novo terminal de passageiros.<\/p>\n<p>\u201cNosso objetivo \u00e9 claro: entregar uma estrutura aeroportu\u00e1ria que atenda \u00e0s demandas de Dourados e de toda a regi\u00e3o. O aeroporto n\u00e3o \u00e9 apenas um ponto de embarque, mas um ativo fundamental para o desenvolvimento econ\u00f4mico e tur\u00edstico do Estado. Para garantir que as pend\u00eancias sejam resolvidas e que Dourados receba essa infraestrutura de qualidade, o que \u00e9 esperado h\u00e1 muitos anos.&#8221;<\/p>\n<p><strong>Desdobramentos<\/strong><\/p>\n<p>Durante a reuni\u00e3o, foram levantados pontos cr\u00edticos relacionados ao licenciamento ambiental, al\u00e9m de ajustes necess\u00e1rios nos processos de constru\u00e7\u00e3o do terminal de embarque e desembarque, de responsabilidade do munic\u00edpio. Representantes do Imasul, incluindo a fiscal ambiental Luciana Campos e o gerente de licenciamento Josamar Fran\u00e7a, destacaram as adequa\u00e7\u00f5es que precisam ser feitas para que as obras atendam \u00e0s normativas ambientais e \u00e0s exig\u00eancias regulat\u00f3rias federais.<\/p>\n<p>O superintendente de Log\u00edstica da Seilog, Derick Hudson de Souza, frisou a import\u00e2ncia da colabora\u00e7\u00e3o entre os \u00f3rg\u00e3os municipais com as partes envolvidas no Estado para avan\u00e7ar no processo e atender ao cronograma do conv\u00eanio com a Secretaria de Avia\u00e7\u00e3o Civil (SAC), do Governo Federal. \u201cEstamos empenhados em cumprir todas as exig\u00eancias, n\u00e3o apenas para que o aeroporto funcione adequadamente, mas para que ele seja um exemplo de estrutura eficiente e segura para o Estado\u201d, ressaltou Derick.<\/p>\n<div id=\"gallery-1\" class=\"gallery galleryid-494615 gallery-columns-2 gallery-size-large\">\n<figure class=\"gallery-item\">\n<div class=\"gallery-icon landscape\"><\/div>\n<\/figure>\n<figure class=\"gallery-item\">\n<div class=\"gallery-icon landscape\"><\/div>\n<\/figure><\/div>\n<p><strong>Compromisso com o desenvolvimento de Dourados<\/strong><\/p>\n<p>Com o Aeroporto Regional Francisco de Matos Pereira, a cidade de Dourados se consolida como um polo de integra\u00e7\u00e3o log\u00edstica no Mato Grosso do Sul, facilitando o acesso e ampliando as possibilidades de neg\u00f3cios e turismo. O Dr. Paulo C\u00e9sar, procurador de Dourados, comentou que a obra representa um compromisso com o futuro do munic\u00edpio, al\u00e9m de fortalecer a conex\u00e3o com outras regi\u00f5es do Estado e do Brasil, sendo esta uma aten\u00e7\u00e3o que precisa ser dada \u00e0 popula\u00e7\u00e3o.<\/p>\n<p>Este avan\u00e7o na conversa \u00e9 fundamental, especialmente para a economia local e regional, pois facilita a escolha de produtos e fornece uma infraestrutura que potencializa o turismo e o com\u00e9rcio, por isso. \u201cEstamos acompanhando de perto todas as etapas para garantir que esse projeto avance e traga os benef\u00edcios que Dourados merece. Garantindo ainda, que todos os respons\u00e1veis \u200b\u200b\u2013 tanto no munic\u00edpio quanto no estado \u2013 mantenham um di\u00e1logo aberto e produtivo, priorizando o desenvolvimento de nossa regi\u00e3o\u201d, afirmou o vice-governador Barbosinha.<\/p>\n<p><strong>Pr\u00f3ximos passos<\/strong><\/p>\n<p>Como resultado da reuni\u00e3o, ficou definido que as equipes envolvidas ter\u00e3o um cronograma de a\u00e7\u00f5es para atender todas as pend\u00eancias, inclusive as de natureza ambiental. Assim que as mesmas forem conclu\u00eddas, caber\u00e1 a Seilog solicitar \u00e0 Secretaria de Avia\u00e7\u00e3o Civil (SAC) a libera\u00e7\u00e3o do conv\u00eanio e a autoriza\u00e7\u00e3o para licitar a obra do novo terminal.<\/p>\n<p>O investimento total ser\u00e1 de R$ 39 milh\u00f5es, com o projeto j\u00e1 conclu\u00eddo pela Secretaria de Infraestrutura e Log\u00edstica (Seilog). Parte dos recursos vir\u00e1 do Governo Federal, por meio da Secretaria de Avia\u00e7\u00e3o Civil (SAC), vinculada ao Minist\u00e9rio dos Portos e Aeroportos, e o restante ser\u00e1 de contrapartida do Governo de Mato Grosso do Sul.<\/p>\n<div id=\"gallery-2\" class=\"gallery galleryid-494615 gallery-columns-1 gallery-size-large\">\n<figure class=\"gallery-item\">\n<div class=\"gallery-icon landscape\"><\/div>\n<\/figure><\/div>\n<p>O encontro, na manh\u00e3 desta ter\u00e7a-feira (29), contou com a presen\u00e7a de representantes de v\u00e1rias esferas de gest\u00e3o p\u00fablica e de \u00f3rg\u00e3os reguladores. Entre os participantes estavam o secret\u00e1rio-adjunto de Infraestrutura e Log\u00edstica (Seilog), Luiz Oct\u00e1vio; o superintendente de Log\u00edstica da Seilog, Derick Hudson de Souza; o chefe de gabinete da Vice-governadoria, Markito Perez; o assessor jur\u00eddico da Vice-governadoria, Dr. Bruno Bertotto; o chefe de gabinete do deputado federal Geraldo Resende, Edimar Maciel; o diretor-presidente do Instituto de Meio Ambiente de MS (Imasul), Andr\u00e9 Borges; o procurador do munic\u00edpio de Dourados, Dr. Paulo C\u00e9sar Nunes da Silva, al\u00e9m de outros representantes das \u00e1reas de supervis\u00e3o e fiscaliza\u00e7\u00e3o ambiental do Imasul e da Ag\u00eancia Estadual de Gest\u00e3o de Empreendimentos (Agesul), sob a dire\u00e7\u00e3o de Mauro Azambuja.<\/p>\n<p><em>Lucas Cavalheiro, Comunica\u00e7\u00e3o Vice-governadoria<\/em><br \/><em>Luciana Bomfim, Comunica\u00e7\u00e3o Seilog\/Agesul<br \/>Fotos: Joa\u00f5 Garrig\u00f3 e Chico Ribeiro<\/em><\/p>\n<\/div>\n","protected":false},"excerpt":{"rendered":"<p>Reuni\u00e3o de alinhamento re\u00fane lideran\u00e7as para resolver pend\u00eancias e viabilizar terminal de embarque Em uma a\u00e7\u00e3o articulada para acelerar as obras do novo terminal de passageiros do Aeroporto Regional Francisco de Matos Pereira, em Dourados, o Governo de Mato Grosso do Sul promoveu uma reuni\u00e3o de alinhamento com representantes estaduais, municipais e t\u00e9cnicos envolvidos no [&hellip;]<\/p>\n","protected":false},"author":1,"featured_media":0,"comment_status":"","ping_status":"","sticky":false,"template":"","format":"standard","meta":{"footnotes":""},"categories":[],"tags":[],"class_list":["post-28453","post","type-post","status-publish","format-standard","hentry"],"amp_enabled":true,"_links":{"self":[{"href":"https:\/\/novasdodia.com.br\/index.php\/wp-json\/wp\/v2\/posts\/28453","targetHints":{"allow":["GET"]}}],"collection":[{"href":"https:\/\/novasdodia.com.br\/index.php\/wp-json\/wp\/v2\/posts"}],"about":[{"href":"https:\/\/novasdodia.com.br\/index.php\/wp-json\/wp\/v2\/types\/post"}],"author":[{"embeddable":true,"href":"https:\/\/novasdodia.com.br\/index.php\/wp-json\/wp\/v2\/users\/1"}],"replies":[{"embeddable":true,"href":"https:\/\/novasdodia.com.br\/index.php\/wp-json\/wp\/v2\/comments?post=28453"}],"version-history":[{"count":0,"href":"https:\/\/novasdodia.com.br\/index.php\/wp-json\/wp\/v2\/posts\/28453\/revisions"}],"wp:attachment":[{"href":"https:\/\/novasdodia.com.br\/index.php\/wp-json\/wp\/v2\/media?parent=28453"}],"wp:term":[{"taxonomy":"category","embeddable":true,"href":"https:\/\/novasdodia.com.br\/index.php\/wp-json\/wp\/v2\/categories?post=28453"},{"taxonomy":"post_tag","embeddable":true,"href":"https:\/\/novasdodia.com.br\/index.php\/wp-json\/wp\/v2\/tags?post=28453"}],"curies":[{"name":"wp","href":"https:\/\/api.w.org\/{rel}","templated":true}]}}