{"id":28509,"date":"2024-10-30T21:47:02","date_gmt":"2024-10-31T00:47:02","guid":{"rendered":"https:\/\/novasdodia.com.br\/index.php\/2024\/10\/30\/projeto-arte-a-ceu-aberto-e-realizado-no-parque-do-campolim-agencia-de-noticias\/"},"modified":"2024-10-30T21:47:02","modified_gmt":"2024-10-31T00:47:02","slug":"projeto-arte-a-ceu-aberto-e-realizado-no-parque-do-campolim-agencia-de-noticias","status":"publish","type":"post","link":"https:\/\/novasdodia.com.br\/index.php\/2024\/10\/30\/projeto-arte-a-ceu-aberto-e-realizado-no-parque-do-campolim-agencia-de-noticias\/","title":{"rendered":"Projeto \u201cArte a C\u00e9u Aberto\u201d \u00e9 realizado no Parque do Campolim \u2013 Ag\u00eancia de Not\u00edcias"},"content":{"rendered":"<p><\/p>\n<div wp_automatic_readability=\"31\">\n<div class=\"col\" wp_automatic_readability=\"7\">\n<p class=\"mt-0\">\n                        <strong><br \/>\n                            <span class=\"far fa-calendar mr-1 mt-2\"\/><br \/>\n                            30 de outubro de 2024<br \/>\n                            <span class=\"far fa-clock ml-3 mt-2\"\/><br \/>\n                            17:10<br \/>\n                        <\/strong>\n                    <\/p>\n<p class=\"mb-0\">Por: <strong>Mariana Campos<\/strong><\/p>\n<\/p><\/div>\n<\/p><\/div>\n<div wp_automatic_readability=\"69\">\n<p>Quem for neste domingo (3), das 8h \u00e0s 13h ao Parque \u201cCarlos Alberto de Souza\u201d, no Campolim, ter\u00e1 a oportunidade de prestigiar telas, esculturas, al\u00e9m de artesanato em geral, de cerca de 20 artistas pl\u00e1sticos e artes\u00e3os de Sorocaba e regi\u00e3o, que exp\u00f5em seus trabalhos ao ar livre.<\/p>\n<p>Realizada com o apoio da Prefeitura de Sorocaba, por meio da Secretaria de Cultura (Secult), a a\u00e7\u00e3o cultural \u00e9 intitulada projeto \u201cArte a C\u00e9u Aberto\u201d e acontece aos domingos, sempre das 8h \u00e0s 13h.<\/p>\n<p>O objetivo da iniciativa \u00e9 valorizar os artistas e criar mais um espa\u00e7o cultural na cidade, sendo liderada, atualmente, por uma Comiss\u00e3o Organizadora formada pelos artistas pl\u00e1sticos Luiz Molinari, Francisco Antoneli, Virg\u00ednia e Ana Maria Reis.<\/p>\n<p>Artistas e artes\u00e3os interessados em participar do projeto e expor seus trabalhos podem entrar em contato com a Comiss\u00e3o Organizadora no pr\u00f3prio parque.<\/p>\n<p>A feira de artes pl\u00e1sticas teve in\u00edcio em 2017, na Pra\u00e7a Pio XII, no bairro de Santa Ros\u00e1lia e, no ano seguinte, passou a ser realizada no Parque do Campolim, por seu um espa\u00e7o mais movimentado e mais amplo para acomodar todos os expositores.<\/p>\n<p>\u00a0<\/p>\n<p><!-- Root element of PhotoSwipe. Must have class pswp. --><\/p><\/div>\n","protected":false},"excerpt":{"rendered":"<p>30 de outubro de 2024 17:10 Por: Mariana Campos Quem for neste domingo (3), das 8h \u00e0s 13h ao Parque \u201cCarlos Alberto de Souza\u201d, no Campolim, ter\u00e1 a oportunidade de prestigiar telas, esculturas, al\u00e9m de artesanato em geral, de cerca de 20 artistas pl\u00e1sticos e artes\u00e3os de Sorocaba e regi\u00e3o, que exp\u00f5em seus trabalhos ao [&hellip;]<\/p>\n","protected":false},"author":1,"featured_media":0,"comment_status":"","ping_status":"","sticky":false,"template":"","format":"standard","meta":{"footnotes":""},"categories":[1],"tags":[],"class_list":["post-28509","post","type-post","status-publish","format-standard","hentry","category-noticias"],"amp_enabled":true,"_links":{"self":[{"href":"https:\/\/novasdodia.com.br\/index.php\/wp-json\/wp\/v2\/posts\/28509","targetHints":{"allow":["GET"]}}],"collection":[{"href":"https:\/\/novasdodia.com.br\/index.php\/wp-json\/wp\/v2\/posts"}],"about":[{"href":"https:\/\/novasdodia.com.br\/index.php\/wp-json\/wp\/v2\/types\/post"}],"author":[{"embeddable":true,"href":"https:\/\/novasdodia.com.br\/index.php\/wp-json\/wp\/v2\/users\/1"}],"replies":[{"embeddable":true,"href":"https:\/\/novasdodia.com.br\/index.php\/wp-json\/wp\/v2\/comments?post=28509"}],"version-history":[{"count":0,"href":"https:\/\/novasdodia.com.br\/index.php\/wp-json\/wp\/v2\/posts\/28509\/revisions"}],"wp:attachment":[{"href":"https:\/\/novasdodia.com.br\/index.php\/wp-json\/wp\/v2\/media?parent=28509"}],"wp:term":[{"taxonomy":"category","embeddable":true,"href":"https:\/\/novasdodia.com.br\/index.php\/wp-json\/wp\/v2\/categories?post=28509"},{"taxonomy":"post_tag","embeddable":true,"href":"https:\/\/novasdodia.com.br\/index.php\/wp-json\/wp\/v2\/tags?post=28509"}],"curies":[{"name":"wp","href":"https:\/\/api.w.org\/{rel}","templated":true}]}}