{"id":28510,"date":"2024-10-30T22:26:13","date_gmt":"2024-10-31T01:26:13","guid":{"rendered":"https:\/\/novasdodia.com.br\/index.php\/2024\/10\/30\/detran-ms-destaca-avancos-e-desafios-do-setor-logistico-na-abertura-de-forum-de-seguranca-rodoviaria\/"},"modified":"2024-10-30T22:26:13","modified_gmt":"2024-10-31T01:26:13","slug":"detran-ms-destaca-avancos-e-desafios-do-setor-logistico-na-abertura-de-forum-de-seguranca-rodoviaria","status":"publish","type":"post","link":"https:\/\/novasdodia.com.br\/index.php\/2024\/10\/30\/detran-ms-destaca-avancos-e-desafios-do-setor-logistico-na-abertura-de-forum-de-seguranca-rodoviaria\/","title":{"rendered":"Detran-MS destaca avan\u00e7os e desafios do setor log\u00edstico na abertura de F\u00f3rum de Seguran\u00e7a Rodovi\u00e1ria"},"content":{"rendered":"<p><\/p>\n<div>\n<p><span style=\"font-weight: 400;\">Para debater avan\u00e7os, desafios e novas perspectivas para o transporte rodovi\u00e1rio no Pa\u00eds, o F\u00f3rum Centro Oeste de Seguran\u00e7a Rodovi\u00e1ria, re\u00fane autoridades e representantes do setor de log\u00edstica nesta quarta-feira (30) e quinta-feira (31) no Bioparque Pantanal.\u00a0<\/span><\/p>\n<p><span style=\"font-weight: 400;\">O evento, realizado pelas empresas K\u00e1tia Locatelli e Rodobelo Transportes, contou com o apoio do Detran-MS (Departamento Estadual de Tr\u00e2nsito de Mato Grosso do Sul) e outras institui\u00e7\u00f5es da iniciativa privada.\u00a0<\/span><\/p>\n<p><span style=\"font-weight: 400;\">Rudel Trindade, Diretor-Presidente do Detran-MS, representou o Governador Eduardo Riedel no evento e durante a abertura, destacou a pol\u00edtica de governan\u00e7a que t\u00eam atra\u00eddo grandes ind\u00fastrias para Mato Grosso do Sul.<\/span><\/p>\n<\/p>\n<p><span style=\"font-weight: 400;\">\u201cO governador, Eduardo Riedel est\u00e1 em agenda oficial em Londres, onde recebeu a confirma\u00e7\u00e3o de mais um grande investimento no setor sucroenerg\u00e9tico, em Caarap\u00f3. Nosso modal hoje principal \u00e9 o transporte rodovi\u00e1rio. \u00c9 importante e sempre foi, mas demanda infraestrutura e\u00a0 seguran\u00e7a nas estradas. Essa integra\u00e7\u00e3o entre governo e iniciativa privada \u00e9 fundamental para seguir avan\u00e7ando. O Detran-MS tem uma parceria com o Sest Senat, para qualificar motoristas de carga, e tamb\u00e9m \u00e9 o \u00fanico do Brasil a dispor de uma ag\u00eancia do Detran. Deixo o Detran \u00e0 disposi\u00e7\u00e3o de voc\u00eas para que possamos progredir em outros projetos\u201d.\u00a0<\/span><\/p>\n<p><span style=\"font-weight: 400;\">Andrea Moringo, Diretora de Educa\u00e7\u00e3o de Tr\u00e2nsito do Detran-MS, participou do primeiro painel que comentou a palestra: Vias Seguras, status e perspectivas da seguran\u00e7a nas vias concedida, conduzida pelo diretor da ANTT, Luciano Louren\u00e7o. \u201cGrande \u00e9 nossa preocupa\u00e7\u00e3o enquanto gestor de educa\u00e7\u00e3o. Temos um Estado em grande expans\u00e3o do sistema rodovi\u00e1rio, n\u00f3s tamb\u00e9m queremos dar nossa contribui\u00e7\u00e3o enquanto Detran\u201d.\u00a0<\/span><\/p>\n<p><span style=\"font-weight: 400;\">O organizador geral do evento e Diretor Social do Sindicargas-MS, Andre Luiz Ferreira, destacou que o prop\u00f3sito do evento \u00e9 criar um espa\u00e7o, onde haja um horizonte de di\u00e1logo entre a iniciativa privada e o poder p\u00fablico.\u00a0<\/span><\/p>\n<p><span style=\"font-weight: 400;\">\u201cO impacto j\u00e1 est\u00e1 acontecendo, j\u00e1 tem empresas de outros Estados se instalando aqui no MS. Eu digo que MS \u00e9 a bola da vez, a gente vai viver um divisor de \u00e1guas com a Rota Bioce\u00e2nica, e a gente tem que estar discutindo e nos preparando para este novo momento\u201d, afirmou.\u00a0<\/span><\/p>\n<div id=\"gallery-1\" class=\"gallery galleryid-494743 gallery-columns-2 gallery-size-medium\">\n<figure class=\"gallery-item\">\n<div class=\"gallery-icon landscape\"><\/div>\n<\/figure>\n<figure class=\"gallery-item\">\n<div class=\"gallery-icon landscape\"><\/div>\n<\/figure><\/div>\n<p><span style=\"font-weight: 400;\">Nos dois dias de evento ser\u00e3o debatidos os seguintes temas: Vias Seguras; Rota Bioce\u00e2nica; ESG (Ambiental, Social e Governan\u00e7a); inova\u00e7\u00f5es em Seguran\u00e7a no Atendimento \u00e0 Emerg\u00eancias; Sa\u00fade Mental; Biodiversidade e Mudan\u00e7as Clim\u00e1ticas; Descarboniza\u00e7\u00e3o; Infraestrutura Vi\u00e1ria; Log\u00edstica; Sistema de Gest\u00e3o Atua\u00e7\u00e3o Respons\u00e1vel na Preven\u00e7\u00e3o e Resposta Emergencial; Sa\u00fade e Dire\u00e7\u00e3o Segura; Como Formar e Criar Confian\u00e7a entre Motoristas e Empresas.\u00a0<\/span><\/p>\n<p><span style=\"font-weight: 400;\">A pedido da organiza\u00e7\u00e3o do evento, o Detran-MS est\u00e1 com stand de servi\u00e7os para atendimento no local. Tamb\u00e9m foi montada a estrutura de espa\u00e7o educativo onde os participantes poder\u00e3o fazer a experi\u00eancia com \u00f3culos simulador de embriaguez.<\/span><\/p>\n<p><span style=\"font-weight: 400;\">Para mais informa\u00e7\u00f5es, acesse o site oficial do evento: <\/span><span style=\"color: #0000ff;\"><span style=\"font-weight: 400;\">https:\/\/segsatra.com.br\/<\/span><span style=\"font-weight: 400;\">\u00a0<\/span><\/span><\/p>\n<p><em><span style=\"font-weight: 400;\">Mireli Obando, Comunica\u00e7\u00e3o Detran-MS<\/span><span style=\"font-weight: 400;\"><br \/><\/span><span style=\"font-weight: 400;\">Fotos: Rachid Waqued<\/span><\/em><\/p>\n<\/div>\n","protected":false},"excerpt":{"rendered":"<p>Para debater avan\u00e7os, desafios e novas perspectivas para o transporte rodovi\u00e1rio no Pa\u00eds, o F\u00f3rum Centro Oeste de Seguran\u00e7a Rodovi\u00e1ria, re\u00fane autoridades e representantes do setor de log\u00edstica nesta quarta-feira (30) e quinta-feira (31) no Bioparque Pantanal.\u00a0 O evento, realizado pelas empresas K\u00e1tia Locatelli e Rodobelo Transportes, contou com o apoio do Detran-MS (Departamento Estadual [&hellip;]<\/p>\n","protected":false},"author":1,"featured_media":0,"comment_status":"","ping_status":"","sticky":false,"template":"","format":"standard","meta":{"footnotes":""},"categories":[],"tags":[],"class_list":["post-28510","post","type-post","status-publish","format-standard","hentry"],"amp_enabled":true,"_links":{"self":[{"href":"https:\/\/novasdodia.com.br\/index.php\/wp-json\/wp\/v2\/posts\/28510","targetHints":{"allow":["GET"]}}],"collection":[{"href":"https:\/\/novasdodia.com.br\/index.php\/wp-json\/wp\/v2\/posts"}],"about":[{"href":"https:\/\/novasdodia.com.br\/index.php\/wp-json\/wp\/v2\/types\/post"}],"author":[{"embeddable":true,"href":"https:\/\/novasdodia.com.br\/index.php\/wp-json\/wp\/v2\/users\/1"}],"replies":[{"embeddable":true,"href":"https:\/\/novasdodia.com.br\/index.php\/wp-json\/wp\/v2\/comments?post=28510"}],"version-history":[{"count":0,"href":"https:\/\/novasdodia.com.br\/index.php\/wp-json\/wp\/v2\/posts\/28510\/revisions"}],"wp:attachment":[{"href":"https:\/\/novasdodia.com.br\/index.php\/wp-json\/wp\/v2\/media?parent=28510"}],"wp:term":[{"taxonomy":"category","embeddable":true,"href":"https:\/\/novasdodia.com.br\/index.php\/wp-json\/wp\/v2\/categories?post=28510"},{"taxonomy":"post_tag","embeddable":true,"href":"https:\/\/novasdodia.com.br\/index.php\/wp-json\/wp\/v2\/tags?post=28510"}],"curies":[{"name":"wp","href":"https:\/\/api.w.org\/{rel}","templated":true}]}}