{"id":28591,"date":"2024-11-01T10:49:56","date_gmt":"2024-11-01T13:49:56","guid":{"rendered":"https:\/\/novasdodia.com.br\/index.php\/2024\/11\/01\/cemiterio-recebe-manutencao-e-tera-horario-especial-de-funcionamento-durante-feriado-de-finados-prefeitura-municipal-de-bonito\/"},"modified":"2024-11-01T10:49:56","modified_gmt":"2024-11-01T13:49:56","slug":"cemiterio-recebe-manutencao-e-tera-horario-especial-de-funcionamento-durante-feriado-de-finados-prefeitura-municipal-de-bonito","status":"publish","type":"post","link":"https:\/\/novasdodia.com.br\/index.php\/2024\/11\/01\/cemiterio-recebe-manutencao-e-tera-horario-especial-de-funcionamento-durante-feriado-de-finados-prefeitura-municipal-de-bonito\/","title":{"rendered":"Cemit\u00e9rio recebe manuten\u00e7\u00e3o e ter\u00e1 hor\u00e1rio especial de funcionamento durante feriado de Finados &#8211; Prefeitura Municipal de Bonito"},"content":{"rendered":"<p><\/p>\n<div>\n<div class=\"td-post-featured-image\"><\/div>\n<p>A Prefeitura de Bonito informa que neste s\u00e1bado, 2 de novembro \u2013 Feriado de Finados, o Cemit\u00e9rio Municipal ficar\u00e1 aberto das 5h as 17h30, para dar mais tempo a popula\u00e7\u00e3o de visitar seus entes, evitando aglomera\u00e7\u00f5es e transtornos, considerando tamb\u00e9m, os familiares que vem de outros munic\u00edpios.<\/p>\n<p>O Cemit\u00e9rio est\u00e1 recebendo toda a manuten\u00e7\u00e3o necess\u00e1ria por parte da equipe da Secretaria de Obras, com limpeza dos canteiros e entre os t\u00famulos, pode das \u00e1rvores, bem como reparos e pintura dos cruzeiros, muros e meio-fio. <\/p>\n<p>A missa de Finados, rezada pela Comunidade Cat\u00f3lica, ser\u00e1 realiza \u00e0s 7 horas, no p\u00e1tio do Cemit\u00e9rio. <\/p>\n<figure class=\"wp-block-gallery has-nested-images columns-default is-cropped wp-block-gallery-1 is-layout-flex wp-block-gallery-is-layout-flex\">\n<figure class=\"wp-block-image size-large\"><\/figure>\n<figure class=\"wp-block-image size-large\"><\/figure>\n<figure class=\"wp-block-image size-large\"><\/figure>\n<\/figure><\/div>\n","protected":false},"excerpt":{"rendered":"<p>A Prefeitura de Bonito informa que neste s\u00e1bado, 2 de novembro \u2013 Feriado de Finados, o Cemit\u00e9rio Municipal ficar\u00e1 aberto das 5h as 17h30, para dar mais tempo a popula\u00e7\u00e3o de visitar seus entes, evitando aglomera\u00e7\u00f5es e transtornos, considerando tamb\u00e9m, os familiares que vem de outros munic\u00edpios. O Cemit\u00e9rio est\u00e1 recebendo toda a manuten\u00e7\u00e3o necess\u00e1ria [&hellip;]<\/p>\n","protected":false},"author":1,"featured_media":0,"comment_status":"","ping_status":"","sticky":false,"template":"","format":"standard","meta":{"footnotes":""},"categories":[],"tags":[],"class_list":["post-28591","post","type-post","status-publish","format-standard","hentry"],"amp_enabled":true,"_links":{"self":[{"href":"https:\/\/novasdodia.com.br\/index.php\/wp-json\/wp\/v2\/posts\/28591","targetHints":{"allow":["GET"]}}],"collection":[{"href":"https:\/\/novasdodia.com.br\/index.php\/wp-json\/wp\/v2\/posts"}],"about":[{"href":"https:\/\/novasdodia.com.br\/index.php\/wp-json\/wp\/v2\/types\/post"}],"author":[{"embeddable":true,"href":"https:\/\/novasdodia.com.br\/index.php\/wp-json\/wp\/v2\/users\/1"}],"replies":[{"embeddable":true,"href":"https:\/\/novasdodia.com.br\/index.php\/wp-json\/wp\/v2\/comments?post=28591"}],"version-history":[{"count":0,"href":"https:\/\/novasdodia.com.br\/index.php\/wp-json\/wp\/v2\/posts\/28591\/revisions"}],"wp:attachment":[{"href":"https:\/\/novasdodia.com.br\/index.php\/wp-json\/wp\/v2\/media?parent=28591"}],"wp:term":[{"taxonomy":"category","embeddable":true,"href":"https:\/\/novasdodia.com.br\/index.php\/wp-json\/wp\/v2\/categories?post=28591"},{"taxonomy":"post_tag","embeddable":true,"href":"https:\/\/novasdodia.com.br\/index.php\/wp-json\/wp\/v2\/tags?post=28591"}],"curies":[{"name":"wp","href":"https:\/\/api.w.org\/{rel}","templated":true}]}}