{"id":28598,"date":"2024-11-01T13:38:17","date_gmt":"2024-11-01T16:38:17","guid":{"rendered":"https:\/\/novasdodia.com.br\/index.php\/2024\/11\/01\/concurso-nacional-de-inovacao-no-setor-publico-premia-projetos-de-ms-que-fortalecem-inclusao\/"},"modified":"2024-11-01T13:38:17","modified_gmt":"2024-11-01T16:38:17","slug":"concurso-nacional-de-inovacao-no-setor-publico-premia-projetos-de-ms-que-fortalecem-inclusao","status":"publish","type":"post","link":"https:\/\/novasdodia.com.br\/index.php\/2024\/11\/01\/concurso-nacional-de-inovacao-no-setor-publico-premia-projetos-de-ms-que-fortalecem-inclusao\/","title":{"rendered":"Concurso nacional de inova\u00e7\u00e3o no setor p\u00fablico premia projetos de MS que fortalecem inclus\u00e3o"},"content":{"rendered":"<p><\/p>\n<div>\n<p>Dois projetos do Governo de Mato Grosso do Sul foram premiados na 28\u00aa edi\u00e7\u00e3o do Concurso de Inova\u00e7\u00e3o no Setor P\u00fablico, promovido pela Enap (Escola Nacional de Administra\u00e7\u00e3o P\u00fablica). Ambos est\u00e3o inseridos no campo da inclus\u00e3o, um dos pilares da gest\u00e3o estadual, trabalhando com a premissa da transversalidade para proporcionar desenvolvimento social.<\/p>\n<p>Realizado pela Sead (Secretaria de Estado de Assist\u00eancia Social e Direitos Humanos), o &#8216;Cuidar de Quem Cuida&#8217; obteve o 2\u00ba lugar, a mesma posi\u00e7\u00e3o do Projeto Navio (Navega\u00e7\u00e3o Ampliada para a Vigil\u00e2ncia Intensiva e Otimizada, desenvolvido pela SES (Secretaria de Estado de Sa\u00fade). Os projetos concorreram em categorias diferentes.<\/p>\n<p>O &#8216;Cuidar de Quem Cuida&#8217; foi criado em novembro de 2023 e atende cuidadores n\u00e3o remunerados de pessoas com difici\u00eancia, promovendo assim dignidade para estes mediante o pagamento de benef\u00edcios sociais. J\u00e1 o Projeto Navio atende comunidades ribeirinhas e em regi\u00f5es de dif\u00edcil acesso no Pantanal, sendo uma solu\u00e7\u00e3o na \u00e1rea da sa\u00fade \u00fanica que integra a sa\u00fade humana a sa\u00fade animal e tamb\u00e9m \u00e0 ambiental. Fiocruz, Marinha e SES-MT s\u00e3o parceiras.<\/p>\n<p>&#8220;\u00c9 um programa do qual temos um carinho muito grande. Esta \u00e9 a primeira vez que Mato Grosso do Sul promove uma pol\u00edtica p\u00fablica para pessoas que exercem cuidado n\u00e3o remunerado, normalmente mulheres que estavam invis\u00edveis&#8221;, disse a titular da Sead, Patr\u00edcia Cozzolino, completando ainda que a premia\u00e7\u00e3o \u00e9 um reconhecimento ao trabalho bem-feito.<\/p>\n<p>J\u00e1 a secret\u00e1ria-adjunta de Sa\u00fade, Crhistinne Maymone, lembrou da import\u00e2ncia de oferecer mais aten\u00e7\u00e3o \u00e0s popula\u00e7\u00f5es vulner\u00e1veis das comunidades ribeirinhas ao longo do rio Paraguai. &#8220;Acima de tudo, pol\u00edticas p\u00fablicas s\u00e3o feitas para pessoas, e o nosso maior agradecimento \u00e9 a elas&#8221;.<\/p>\n<p>Maymome frisou ainda que o projeto foca em pessoas que enfrentam grandes desafios de acesso \u00e0 sa\u00fade, e agradeceu aos t\u00e9cnicos e \u00e0s secretarias municipais de sa\u00fade que atuam nessas regi\u00f5es, auxliando o trabalho e seguindo ao lado das popula\u00e7\u00f5es ribeirinhas.<\/p>\n<p>&#8220;Nosso reconhecimento especial vai ao doutor Luiz Alc\u00e2ntara, da Fiocruz Minas Gerais, e aos 30 pesquisadores volunt\u00e1rios de diversas institui\u00e7\u00f5es que t\u00eam contribu\u00eddo com dedica\u00e7\u00e3o para o sucesso desse projeto&#8221;, conclui Crhistinne Maymone.<\/p>\n<p><strong>Cuidar de Quem Cuida<\/strong><\/p>\n<p>Coordenadora de Apoio ao Cuidado da Sead, Patr\u00edcia Souza dos Santos explica que o programa n\u00e3o \u00e9 uma pol\u00edtica p\u00fablica apenas de transfer\u00eancia de renda, indo bastante al\u00e9m disso. &#8220;Existe o acompanhamento permanentemente \u00e0s fam\u00edlias por uma equipe multiprofissional e que, no processo de monitoramento, exerce o cuidado com a pessoa cuidadora e com sua fam\u00edlia, identificando situa\u00e7\u00f5es de viola\u00e7\u00e3o de direitos e encaminhando, se for caso, para outras \u00e1reas, como educa\u00e7\u00e3o, sa\u00fade e seguran\u00e7a p\u00fablica&#8221;.<\/p>\n<figure id=\"attachment_494979\" aria-describedby=\"caption-attachment-494979\" style=\"width: 739px\" class=\"wp-caption aligncenter\"><figcaption id=\"caption-attachment-494979\" class=\"wp-caption-text\">Premia\u00e7\u00e3o recebida pela equipe da Sead<\/figcaption><\/figure>\n<p>J\u00e1 a superintendente superintendente de Programas Sociais Estruturantes da pasta, Moema Guedes Urquiza, destaca que a iniciativa precisa chegar a mais gente. &#8220;Deve ser copiada, multiplicada para que mais homens e mulheres em situa\u00e7\u00e3o de vulnerabilidade, que exercem o cuidar, possam ter a oportunidade de receber esse cuidado&#8221;, comenta.<\/p>\n<p>Por meio do programa, cuidadores de pessoas com depend\u00eancia grau II e III recebem R$ 900 por m\u00eas. O grau n\u00edvel II s\u00e3o pessoas com depend\u00eancia em at\u00e9 tr\u00eas atividades de autocuidado para a vida di\u00e1ria, tais como: alimenta\u00e7\u00e3o, mobilidade e higiene.<\/p>\n<p>J\u00e1 o grau de depend\u00eancia n\u00edvel III abrange pessoas com defici\u00eancia que requeiram assist\u00eancia em todas as atividades de autocuidado para a vida di\u00e1ria e ou com comprometimento cognitivo.<\/p>\n<p>Para poder receber o benef\u00edcio tamb\u00e9m \u00e9 preciso estar dentro de outros crit\u00e9rios como: ter renda familiar per capita mensal n\u00e3o superior a 1\/6 do sal\u00e1rio m\u00ednimo nacional, ter 18 anos ou mais, morar em Mato Grosso do Sul h\u00e1 mais de dois anos, residir com a pessoa com defici\u00eancia sob sua responsabilidade, ser cuidador (familiar ou respons\u00e1vel legal) em tempo integral da pessoa com defici\u00eancia e estar inscrito no Cadastro \u00danico para Programas Sociais do Governo Federal (Cad\u00danico).<\/p>\n<p><strong>Projeto Navio<\/strong><\/p>\n<p>A conquista do segundo lugar pelo Projeto Navio destaca o compromisso do Governo de Mato Grosso do Sul, atrav\u00e9s da SES, em reduzir desigualdades no acesso \u00e0 sa\u00fade, especialmente para popula\u00e7\u00f5es vulner\u00e1veis e distantes dos centros urbanos.<\/p>\n<p>O projeto tamb\u00e9m \u00e9 uma evid\u00eancia do esfor\u00e7o colaborativo entre institui\u00e7\u00f5es e da import\u00e2ncia de solu\u00e7\u00f5es inovadoras que atendam \u00e0s demandas espec\u00edficas do Pantanal. Al\u00e9m de levar atendimento m\u00e9dico, o projeto adota pr\u00e1ticas sustent\u00e1veis, aproveitando tecnologias e inova\u00e7\u00e3o para atender as popula\u00e7\u00f5es vulner\u00e1veis, reafirmando o objetivo de um desenvolvimento inclusivo e sustent\u00e1vel para o Estado.<\/p>\n<p>&#8220;Essa conquista refor\u00e7a o impacto desse trabalho nas popula\u00e7\u00f5es ribeirinhas e para todo o Estado, al\u00e9m de destacar a inova\u00e7\u00e3o da Coordenadoria de Sa\u00fade \u00danica, a primeira no Brasil com essa abordagem integrada&#8221;, destaca a coordenadora de Sa\u00fade \u00danica da SES, Danila Frias.<\/p>\n<p>Ela ainda complementa que &#8220;trabalhar de forma unida entre diversos setores nos permite alcan\u00e7ar resultados que, de fato, fazem a diferen\u00e7a na vida da popula\u00e7\u00e3o. N\u00e3o posso deixar de reconhecer tamb\u00e9m o papel fundamental dos colaboradores da SES, cujo apoio e dedica\u00e7\u00e3o foram essenciais para a execu\u00e7\u00e3o desse projeto&#8221;.<\/p>\n<p>Al\u00e9m da SES\/MS, Fiocruz Minas, Marinha do Brasil e SES\/MT, o projeto conta com o apoio dos LACENs (Laborat\u00f3rio Central de Sa\u00fade P\u00fablica) de Mato Grosso do Sul, Mato Grosso, Minas Gerais e Paran\u00e1, alunos e professores do Programa de P\u00f3s-Gradua\u00e7\u00e3o de Doen\u00e7as Infecciosas e Parasit\u00e1rias da UFMS (Universidade Federal de Mato Grosso do Sul), pesquisadores da Fiocruz Mato Grosso do Sul, universidades federais de Mato Grosso do Sul, Minas Gerais e Ouro Preto, Universidades Estaduais de Mato Grosso do Sul e de Feira de Santana da Bahia, Embrapa, OPAS\/OMS (Organiza\u00e7\u00e3o Pan-Americana da Sa\u00fade\/Organiza\u00e7\u00e3o Mundial da Sa\u00fade), Minist\u00e9rio da Sa\u00fade, Loccus, Biomanguinhos, IBMP (Instituto de Biologia Molecular do Paran\u00e1), prefeituras de Lad\u00e1rio, Corumb\u00e1 e Porto Murtinho, Instituto Erasmus de Roterdan da Holanda, Universidade de Stellenbosch da \u00c1frica do Sul, Universidade de Sidney da Austr\u00e1lia e Sistema OCB\/MS.<\/p>\n<p><em>Nyelder Rodrigues, Comunica\u00e7\u00e3o Governo de MS<\/em><br \/><em>Paulo Fernandes, Comunica\u00e7\u00e3o Sead<\/em><br \/><em>Kamilla Ratier, Comunica\u00e7\u00e3o SES<br \/>Fotos: Reprodu\u00e7\u00e3o<\/em><\/p>\n<\/div>\n","protected":false},"excerpt":{"rendered":"<p>Dois projetos do Governo de Mato Grosso do Sul foram premiados na 28\u00aa edi\u00e7\u00e3o do Concurso de Inova\u00e7\u00e3o no Setor P\u00fablico, promovido pela Enap (Escola Nacional de Administra\u00e7\u00e3o P\u00fablica). Ambos est\u00e3o inseridos no campo da inclus\u00e3o, um dos pilares da gest\u00e3o estadual, trabalhando com a premissa da transversalidade para proporcionar desenvolvimento social. Realizado pela Sead [&hellip;]<\/p>\n","protected":false},"author":1,"featured_media":0,"comment_status":"","ping_status":"","sticky":false,"template":"","format":"standard","meta":{"footnotes":""},"categories":[],"tags":[],"class_list":["post-28598","post","type-post","status-publish","format-standard","hentry"],"amp_enabled":true,"_links":{"self":[{"href":"https:\/\/novasdodia.com.br\/index.php\/wp-json\/wp\/v2\/posts\/28598","targetHints":{"allow":["GET"]}}],"collection":[{"href":"https:\/\/novasdodia.com.br\/index.php\/wp-json\/wp\/v2\/posts"}],"about":[{"href":"https:\/\/novasdodia.com.br\/index.php\/wp-json\/wp\/v2\/types\/post"}],"author":[{"embeddable":true,"href":"https:\/\/novasdodia.com.br\/index.php\/wp-json\/wp\/v2\/users\/1"}],"replies":[{"embeddable":true,"href":"https:\/\/novasdodia.com.br\/index.php\/wp-json\/wp\/v2\/comments?post=28598"}],"version-history":[{"count":0,"href":"https:\/\/novasdodia.com.br\/index.php\/wp-json\/wp\/v2\/posts\/28598\/revisions"}],"wp:attachment":[{"href":"https:\/\/novasdodia.com.br\/index.php\/wp-json\/wp\/v2\/media?parent=28598"}],"wp:term":[{"taxonomy":"category","embeddable":true,"href":"https:\/\/novasdodia.com.br\/index.php\/wp-json\/wp\/v2\/categories?post=28598"},{"taxonomy":"post_tag","embeddable":true,"href":"https:\/\/novasdodia.com.br\/index.php\/wp-json\/wp\/v2\/tags?post=28598"}],"curies":[{"name":"wp","href":"https:\/\/api.w.org\/{rel}","templated":true}]}}