{"id":28695,"date":"2024-11-04T10:18:00","date_gmt":"2024-11-04T13:18:00","guid":{"rendered":"https:\/\/novasdodia.com.br\/index.php\/2024\/11\/04\/ifsp-abre-inscricoes-para-cursos-de-educacao-de-jovens-e-adultos-eja-ifsp\/"},"modified":"2024-11-04T10:18:00","modified_gmt":"2024-11-04T13:18:00","slug":"ifsp-abre-inscricoes-para-cursos-de-educacao-de-jovens-e-adultos-eja-ifsp","status":"publish","type":"post","link":"https:\/\/novasdodia.com.br\/index.php\/2024\/11\/04\/ifsp-abre-inscricoes-para-cursos-de-educacao-de-jovens-e-adultos-eja-ifsp\/","title":{"rendered":"IFSP abre inscri\u00e7\u00f5es para cursos de Educa\u00e7\u00e3o de Jovens e Adultos (EJA) &#8211; IFSP"},"content":{"rendered":"<p><\/p>\n<div>\n<div class=\"subtitle\">\n<p>Sele\u00e7\u00e3o oferece 405 vagas para o 1\u00ba semestre de 2025 em cursos de Ensino M\u00e9dio na modalidade EJA; inscri\u00e7\u00f5es v\u00e3o de 4 de novembro a 1\u00ba de dezembro de 2024<\/p>\n<\/div>\n<p><!-- fim .content-header-options-1 --><\/p>\n<p><span style=\"font-weight: 400;\">O Instituto Federal de Educa\u00e7\u00e3o, Ci\u00eancia e Tecnologia de S\u00e3o Paulo (IFSP) abriu inscri\u00e7\u00f5es para o Processo Seletivo 1\/2025 dos cursos de Educa\u00e7\u00e3o de Jovens e Adultos (EJA)<\/span><span style=\"font-weight: 400;\">. Destinados a quem n\u00e3o teve acesso, n\u00e3o completou ou abandonou a escola na idade esperada, os cursos s\u00e3o de Ensino M\u00e9dio e exigem a conclus\u00e3o do Ensino Fundamental.<\/span><\/p>\n<p><span style=\"font-weight: 400;\">O processo seletivo selecionar\u00e1 405 vagas nos campi Barretos, Birigui, Capivari, Cubat\u00e3o, Jacare\u00ed, Jundia\u00ed, Mat\u00e3o, Pirituba, S\u00e3o Paulo e Sert\u00e3ozinho, todas destinadas ao ingresso no primeiro semestre de 2025.\u00a0Todos os cursos t\u00eam dura\u00e7\u00e3o de tr\u00eas anos. No Campus Pirituba ,o curso ser\u00e1 ofertado no per\u00edodo matutino; em todos os outros,\u00a0os cursos ser\u00e3o ministrados no per\u00edodo noturno.\u00a0<\/span><\/p>\n<p><span style=\"font-weight: 400;\">A sele\u00e7\u00e3o ser\u00e1 feita por meio de sorteio, exceto para o Campus Capivari, que far\u00e1 entrevistas com os candidatos. O sorteio est\u00e1 agendado para acontecer no dia 10 de dezembro de 2024. <\/span><span style=\"font-weight: 400;\">J\u00e1 as entrevistas no Campus Capivari ocorrer\u00e3o nos dias 10 e 11 de dezembro, e a convoca\u00e7\u00e3o ser\u00e1 feita pelo pr\u00f3prio campus.<\/span><\/p>\n<p><span style=\"font-weight: 400;\">As inscri\u00e7\u00f5es, que s\u00e3o gratuitas, estar\u00e3o dispon\u00edveis on-line de 4 de novembro at\u00e9 \u00e0s 23h59 de 1\u00ba de dezembro de 2024.<\/span><span style=\"font-weight: 400;\"> Os interessados devem preencher um formul\u00e1rio dispon\u00edvel no link:<\/span> <span style=\"font-weight: 400;\">https:\/\/forms.gle\/H2wDQ4ygSEoRgacu6<\/span><span style=\"font-weight: 400;\">. <\/span><span style=\"font-weight: 400;\">Para quem n\u00e3o tem acesso \u00e0 internet, os campi do IFSP disponibilizar\u00e3o a infraestrutura necess\u00e1ria para a realiza\u00e7\u00e3o das inscri\u00e7\u00f5es, <\/span><span style=\"font-weight: 400;\">os endere\u00e7os podem ser consultados no Anexo I do Edital n.\u00ba 157\/2024<\/span><span style=\"font-weight: 400;\">.<\/span><\/p>\n<p><span style=\"font-weight: 400;\">Os cursos t\u00eam vagas reservadas conforme a Lei n.\u00ba 12.711\/2012, beneficiando quem cursou o Ensino Fundamental em escolas p\u00fablicas, al\u00e9m de autodeclarados pretos, pardos, ind\u00edgenas, quilombolas e pessoas com defici\u00eancia.<\/span><\/p>\n<p><span style=\"font-weight: 400;\">Para mais informa\u00e7\u00f5es sobre o processo seletivo, acesse o site oficial do IFSP (<\/span><span style=\"font-weight: 400;\">www.ifsp.edu.br<\/span><span style=\"font-weight: 400;\">) ou os sites dos campi participantes. D\u00favidas podem ser enviadas para o e-mail: <\/span><!-- This email address is being protected from spambots. --><span style=\"font-weight: 400;\"><span class=\"cloaked_email ep_34070a55\"><span data-ep-ab844=\"proces\" data-ep-b060d=\"br\"><span data-ep-b060d=\"p.edu.\" data-ep-ab844=\"sosele\"><span data-ep-ab844=\"tivo.e\" data-ep-b060d=\"ja@ifs\"\/><\/span><\/span><\/span><\/span><span class=\"cloaked_email ep_f30337e8\" style=\"display:none;\"><span data-ep-b060d=\"br\" data-ep-ab844=\"proces\"><span data-ep-b060d=\"p.edu.\" data-ep-ab844=\"sosele\"><span data-ep-b060d=\"ja@ifs\" data-ep-ab844=\"tivo.e\"\/><\/span><\/span><\/span><span style=\"font-weight: 400;\">.<\/span><\/p>\n<p><span style=\"font-weight: 400;\">Confira abaixo a rela\u00e7\u00e3o de campus e cursos oferecidos:<\/span><\/p>\n<ul>\n<li style=\"font-weight: 400;\"><b>Barretos &#8211; <\/b><span style=\"font-weight: 400;\">T\u00e9cnico em Hospedagem Integrado ao Ensino M\u00e9dio EJA \u2013 40 vagas\u00a0<\/span><\/li>\n<li style=\"font-weight: 400;\"><b>Birigui &#8211; <\/b><span style=\"font-weight: 400;\">T\u00e9cnico em Com\u00e9rcio Integrado ao Ensino M\u00e9dio EJA \u2013 40 vagas\u00a0<\/span><\/li>\n<li style=\"font-weight: 400;\"><b>Capivari &#8211; <\/b><span style=\"font-weight: 400;\">T\u00e9cnico em Administra\u00e7\u00e3o Integrado ao Ensino M\u00e9dio EJA \u2013 40 vagas\u00a0<\/span><\/li>\n<li style=\"font-weight: 400;\"><b>Cubat\u00e3o &#8211; <\/b><span style=\"font-weight: 400;\">T\u00e9cnico em Inform\u00e1tica para Internet Integrado ao Ensino M\u00e9dio EJA \u2013 40 vagas\u00a0<\/span><\/li>\n<li style=\"font-weight: 400;\"><b>Jundia\u00ed &#8211; <\/b><span style=\"font-weight: 400;\">T\u00e9cnico em Administra\u00e7\u00e3o Integrado ao Ensino M\u00e9dio EJA \u2013 40 vagas\u00a0<\/span><\/li>\n<li style=\"font-weight: 400;\"><b>Jacare\u00ed &#8211; <\/b><span style=\"font-weight: 400;\">T\u00e9cnico em Log\u00edstica Integrado ao Ensino M\u00e9dio EJA \u2013 40 vagas\u00a0<\/span><\/li>\n<li style=\"font-weight: 400;\"><b>Mat\u00e3o &#8211; <\/b><span style=\"font-weight: 400;\">T\u00e9cnico em Seguran\u00e7a do Trabalho Integrado ao Ensino M\u00e9dio EJA \u2013 45 vagas\u00a0<\/span><\/li>\n<li style=\"font-weight: 400;\"><b>Sert\u00e3ozinho &#8211; <\/b><span style=\"font-weight: 400;\">T\u00e9cnico em Mec\u00e2nica Integrado ao Ensino M\u00e9dio EJA \u2013 40 vagas\u00a0<\/span><\/li>\n<li style=\"font-weight: 400;\"><b>S\u00e3o Paulo &#8211; <\/b><span style=\"font-weight: 400;\">T\u00e9cnico em Administra\u00e7\u00e3o Integrado ao Ensino M\u00e9dio EJA \u2013 40 vagas\u00a0\u00a0<\/span><\/li>\n<li style=\"font-weight: 400;\"><b>Pirituba &#8211; <\/b><span style=\"font-weight: 400;\">T\u00e9cnico em Administra\u00e7\u00e3o Integrado ao Ensino M\u00e9dio EJA \u2013 40 vagas <\/span><span style=\"font-weight: 400;\"\/><\/li>\n<\/ul>\n<p><b>Cronograma:<\/b><\/p>\n<table>\n<tbody>\n<tr>\n<td colspan=\"2\">\n<p><b>CRONOGRAMA (publica\u00e7\u00f5es sempre ap\u00f3s as 20h)<\/b><\/p>\n<\/td>\n<\/tr>\n<tr>\n<td>\n<p><span style=\"font-weight: 400;\">Publica\u00e7\u00e3o do Edital\u00a0<\/span><\/p>\n<\/td>\n<td>\n<p><span style=\"font-weight: 400;\">04\/11\/2024<\/span><\/p>\n<\/td>\n<\/tr>\n<tr>\n<td>\n<p><span style=\"font-weight: 400;\">Inscri\u00e7\u00f5es On-line: <\/span><span style=\"font-weight: 400;\">https:\/\/forms.gle\/H2wDQ4ygSEoRgacu6<\/span><span style=\"font-weight: 400;\">\u00a0<\/span><\/p>\n<\/td>\n<td>\n<p><span style=\"font-weight: 400;\">04\/11 a 01\/12\/24<\/span><\/p>\n<\/td>\n<\/tr>\n<tr>\n<td>\n<p><span style=\"font-weight: 400;\">Lista Preliminar de Inscritos\u00a0<\/span><\/p>\n<\/td>\n<td>\n<p><span style=\"font-weight: 400;\">04\/12\/2024<\/span><\/p>\n<\/td>\n<\/tr>\n<tr>\n<td>\n<p><span style=\"font-weight: 400;\">Recurso contra a Lista Preliminar de Inscritos\u00a0<\/span><\/p>\n<\/td>\n<td>\n<p><span style=\"font-weight: 400;\">05\/12\/2024<\/span><\/p>\n<\/td>\n<\/tr>\n<tr>\n<td>\n<p><span style=\"font-weight: 400;\">Lista Final de Inscritos\u00a0<\/span><\/p>\n<\/td>\n<td>\n<p><span style=\"font-weight: 400;\">06\/12\/2024<\/span><\/p>\n<\/td>\n<\/tr>\n<tr>\n<td>\n<p><span style=\"font-weight: 400;\">Sorteio (exceto <\/span><i><span style=\"font-weight: 400;\">Campus <\/span><\/i><span style=\"font-weight: 400;\">Capivari)\u00a0<\/span><\/p>\n<\/td>\n<td>\n<p><span style=\"font-weight: 400;\">10\/12\/2024<\/span><\/p>\n<\/td>\n<\/tr>\n<tr>\n<td>\n<p><span style=\"font-weight: 400;\">Entrevistas (<\/span><i><span style=\"font-weight: 400;\">Campus <\/span><\/i><span style=\"font-weight: 400;\">Capivari)\u00a0<\/span><\/p>\n<\/td>\n<td>\n<p><span style=\"font-weight: 400;\">10 e 11\/12\/2024<\/span><\/p>\n<\/td>\n<\/tr>\n<tr>\n<td>\n<p><span style=\"font-weight: 400;\">Resultado Preliminar\u00a0<\/span><\/p>\n<\/td>\n<td>\n<p><span style=\"font-weight: 400;\">13\/12\/2024\u00a0<\/span><\/p>\n<\/td>\n<\/tr>\n<tr>\n<td>\n<p><span style=\"font-weight: 400;\">Recurso contra o Resultado Preliminar\u00a0<\/span><\/p>\n<\/td>\n<td>\n<p><span style=\"font-weight: 400;\">14\/12\/2024\u00a0<\/span><\/p>\n<\/td>\n<\/tr>\n<tr>\n<td>\n<p><span style=\"font-weight: 400;\">Resultado Final\u00a0<\/span><\/p>\n<\/td>\n<td>\n<p><span style=\"font-weight: 400;\">20\/12\/2024\u00a0<\/span><\/p>\n<\/td>\n<\/tr>\n<tr>\n<td>\n<p><span style=\"font-weight: 400;\">1.\u00aa Convoca\u00e7\u00e3o para Matr\u00edcula\u00a0<\/span><\/p>\n<\/td>\n<td>\n<p><span style=\"font-weight: 400;\">20\/12\/2024\u00a0<\/span><\/p>\n<\/td>\n<\/tr>\n<tr>\n<td>\n<p><span style=\"font-weight: 400;\">Per\u00edodo de matr\u00edcula para todos os campi\u00a0<\/span><\/p>\n<\/td>\n<td>\n<p><span style=\"font-weight: 400;\">15 a 20\/01\/2025\u00a0<\/span><\/p>\n<\/td>\n<\/tr>\n<\/tbody>\n<\/table>\n<p>\u00a0<\/p>\n<p><b>Documentos<\/b><\/p>\n<p>Edital n.\u00ba 157, de 31 de outubro de 2024<\/p>\n<\/div>\n","protected":false},"excerpt":{"rendered":"<p>Sele\u00e7\u00e3o oferece 405 vagas para o 1\u00ba semestre de 2025 em cursos de Ensino M\u00e9dio na modalidade EJA; inscri\u00e7\u00f5es v\u00e3o de 4 de novembro a 1\u00ba de dezembro de 2024 O Instituto Federal de Educa\u00e7\u00e3o, Ci\u00eancia e Tecnologia de S\u00e3o Paulo (IFSP) abriu inscri\u00e7\u00f5es para o Processo Seletivo 1\/2025 dos cursos de Educa\u00e7\u00e3o de Jovens [&hellip;]<\/p>\n","protected":false},"author":1,"featured_media":0,"comment_status":"","ping_status":"","sticky":false,"template":"","format":"standard","meta":{"footnotes":""},"categories":[1],"tags":[],"class_list":["post-28695","post","type-post","status-publish","format-standard","hentry","category-noticias"],"amp_enabled":true,"_links":{"self":[{"href":"https:\/\/novasdodia.com.br\/index.php\/wp-json\/wp\/v2\/posts\/28695","targetHints":{"allow":["GET"]}}],"collection":[{"href":"https:\/\/novasdodia.com.br\/index.php\/wp-json\/wp\/v2\/posts"}],"about":[{"href":"https:\/\/novasdodia.com.br\/index.php\/wp-json\/wp\/v2\/types\/post"}],"author":[{"embeddable":true,"href":"https:\/\/novasdodia.com.br\/index.php\/wp-json\/wp\/v2\/users\/1"}],"replies":[{"embeddable":true,"href":"https:\/\/novasdodia.com.br\/index.php\/wp-json\/wp\/v2\/comments?post=28695"}],"version-history":[{"count":0,"href":"https:\/\/novasdodia.com.br\/index.php\/wp-json\/wp\/v2\/posts\/28695\/revisions"}],"wp:attachment":[{"href":"https:\/\/novasdodia.com.br\/index.php\/wp-json\/wp\/v2\/media?parent=28695"}],"wp:term":[{"taxonomy":"category","embeddable":true,"href":"https:\/\/novasdodia.com.br\/index.php\/wp-json\/wp\/v2\/categories?post=28695"},{"taxonomy":"post_tag","embeddable":true,"href":"https:\/\/novasdodia.com.br\/index.php\/wp-json\/wp\/v2\/tags?post=28695"}],"curies":[{"name":"wp","href":"https:\/\/api.w.org\/{rel}","templated":true}]}}