{"id":28757,"date":"2024-11-05T14:17:30","date_gmt":"2024-11-05T17:17:30","guid":{"rendered":"https:\/\/novasdodia.com.br\/index.php\/2024\/11\/05\/naves-do-conhecimento-marcarao-presenca-na-expo-favela-2024-prefeitura-da-cidade-do-rio-de-janeiro\/"},"modified":"2024-11-05T14:17:30","modified_gmt":"2024-11-05T17:17:30","slug":"naves-do-conhecimento-marcarao-presenca-na-expo-favela-2024-prefeitura-da-cidade-do-rio-de-janeiro","status":"publish","type":"post","link":"https:\/\/novasdodia.com.br\/index.php\/2024\/11\/05\/naves-do-conhecimento-marcarao-presenca-na-expo-favela-2024-prefeitura-da-cidade-do-rio-de-janeiro\/","title":{"rendered":"Naves do Conhecimento marcar\u00e3o presen\u00e7a na Expo Favela 2024 &#8211; Prefeitura da Cidade do Rio de Janeiro"},"content":{"rendered":"<p><\/p>\n<div id=\"main\">\n<div class=\"wrapper-breadcrumbs\" wp_automatic_readability=\"66.448222164547\">\n<div class=\"image-post\" wp_automatic_readability=\"32\">\n                     A cidade do Rio de Janeiro conta com 12 Naves do Conhecimento &#8211; Divulga\u00e7\u00e3o                  <\/div>\n<p>As Naves do Conhecimento, da Secretaria Municipal de Ci\u00eancia e Tecnologia (SMCT), estar\u00e3o presentes no evento Expo Favela 2024, que ser\u00e1 realizado entre os dias 8 e 10 de novembro, na Cidade das Artes. O principal objetivo \u00e9 mostrar ao p\u00fablico como as Naves podem ajudar na constru\u00e7\u00e3o de empreendimentos s\u00f3lidos e bem-sucedidos, evidenciando o potencial transformador do empreendedorismo nas favelas.<\/p>\n<p>Al\u00e9m dos visitantes poderem conhecer os cursos e oficinas disponibilizados gratuitamente nas unidades, o estande da SMCT oferecer\u00e1 ao p\u00fablico uma s\u00e9rie de ativa\u00e7\u00f5es projetadas para demonstrar o impacto das Naves do Conhecimento e atrair novos usu\u00e1rios. Um dos destaques ser\u00e1 a exposi\u00e7\u00e3o virtual \u201cFavela \u00e9 Pot\u00eancia\u201d, com uso de \u00f3culos de realidade virtual, que permitir\u00e1 ao visitante explorar a Galeria do Conhecimento. Dividida em ambientes que representam as unidades de Nova Bras\u00edlia, Pavuna, Triagem e Vila Alian\u00e7a, localizadas dentro de comunidades, essa galeria contar\u00e1 com uma sele\u00e7\u00e3o de dez fotografias em cada espa\u00e7o, produzidas por alunos e instrutores das Naves, que capturaram a ess\u00eancia do empreendedorismo dentro das favelas \u2013 tema central da Expo Favela.<\/p>\n<p>Al\u00e9m da realidade virtual, o p\u00fablico tamb\u00e9m poder\u00e1 conhecer impressoras 3D e os objetos produzidos com essa tecnologia. Um eBook gratuito sobre empreendedorismo e a atua\u00e7\u00e3o das Naves do Conhecimento tamb\u00e9m ser\u00e1 disponibilizado aos visitantes, proporcionando acesso a conte\u00fados relevantes para quem busca empreender com sucesso. Como destaque adicional, um rob\u00f4 e drones estar\u00e3o em exposi\u00e7\u00e3o, complementando a experi\u00eancia tecnol\u00f3gica no estande da SMCT.<\/p>\n<p><strong>Servi\u00e7o: Expo Favela RJ<\/strong><\/p>\n<p>Data: 8, 9 e 10 de novembro<br \/>Local: Cidade das Artes<br \/>Mais informa\u00e7\u00f5es: https:\/\/rj.expofavela.com.br<\/p>\n<p><strong>Sobre as Naves do Conhecimento<\/strong><\/p>\n<p>As Naves do Conhecimento s\u00e3o espa\u00e7os dedicados \u00e0 inclus\u00e3o digital, educa\u00e7\u00e3o e desenvolvimento socioecon\u00f4mico, especialmente focados em apoiar empreendedores nas favelas e \u00e1reas perif\u00e9ricas do Rio de Janeiro. S\u00e3o 12 unidades localizadas nas zonas Norte e Oeste do munic\u00edpio do Rio, que oferecem acesso gratuito \u00e0 internet, oficinas, palestras e cursos de qualifica\u00e7\u00e3o em v\u00e1rias \u00e1reas voltadas para profiss\u00f5es do futuro. Elas tamb\u00e9m abrigam iniciativas da comunidade e promovem eventos culturais.<\/p>\n<p><em>Endere\u00e7os das Naves do Conhecimento<\/em><\/p>\n<p>Nave Santa Cruz: Rua Bar\u00e3o de Loreto, s\/n\u00ba<br \/>Nave Triagem: Rua B\u00e9rgamo, n\u00ba 320, Bairro Carioca<br \/>Nave Vila Alian\u00e7a: Rua Antenor Corr\u00eaa, n\u00ba 1<br \/>Nave Iraj\u00e1: Pra\u00e7a Nossa Senhora da Apresenta\u00e7\u00e3o<br \/>Nave Madureira: Parque de Madureira Mestre Monarco<br \/>Nave Padre Miguel: Av. Marechal Marciano esquina com Rua do A\u00e7afr\u00e3o, s\/n\u00ba<br \/>Nave Penha: Rua Santa Engr\u00e1cia, Pra\u00e7a Santa Emiliana<br \/>Nave Engenh\u00e3o: Rua Arquias Cordeiro, n\u00ba 1.516<br \/>Nave Nova Bras\u00edlia: Pra\u00e7a do Ter\u00e7o, ao lado do CineCarioca, Complexo do Alem\u00e3o<br \/>Nave Realengo: Parque Jornalista Susana Naspolini, R. Gen. Raposo<br \/>Nave Pavuna: Parque Pavuna, Rua Marechal Guilherme, n\u00ba 134<br \/>Nave Campo Grande: Av. Ces\u00e1rio de Melo, 6.851, Inhoa\u00edba, Parque Oeste<\/p>\n<p>             <!-- Compartilhe ---><\/p>\n<p>\t\t\t <!-- TAGS --><\/p>\n<section class=\"category-tags\">\n<article class=\"tags\">\n\t\t\t\t\tMarca\u00e7\u00f5es: Cidade das aArtes Expo Favela 2024 Naves do Conhecimento<br \/><\/article>\n<\/section>\n<p>            <!-- Mais Not&iacute;cias --><\/p>\n<p>\t\t<!-- Conte&uacute;do SIDEBAR --><\/p><\/div>\n<\/p><\/div>\n","protected":false},"excerpt":{"rendered":"<p>A cidade do Rio de Janeiro conta com 12 Naves do Conhecimento &#8211; Divulga\u00e7\u00e3o As Naves do Conhecimento, da Secretaria Municipal de Ci\u00eancia e Tecnologia (SMCT), estar\u00e3o presentes no evento Expo Favela 2024, que ser\u00e1 realizado entre os dias 8 e 10 de novembro, na Cidade das Artes. O principal objetivo \u00e9 mostrar ao p\u00fablico [&hellip;]<\/p>\n","protected":false},"author":1,"featured_media":0,"comment_status":"","ping_status":"","sticky":false,"template":"","format":"standard","meta":{"footnotes":""},"categories":[1],"tags":[],"class_list":["post-28757","post","type-post","status-publish","format-standard","hentry","category-noticias"],"amp_enabled":true,"_links":{"self":[{"href":"https:\/\/novasdodia.com.br\/index.php\/wp-json\/wp\/v2\/posts\/28757","targetHints":{"allow":["GET"]}}],"collection":[{"href":"https:\/\/novasdodia.com.br\/index.php\/wp-json\/wp\/v2\/posts"}],"about":[{"href":"https:\/\/novasdodia.com.br\/index.php\/wp-json\/wp\/v2\/types\/post"}],"author":[{"embeddable":true,"href":"https:\/\/novasdodia.com.br\/index.php\/wp-json\/wp\/v2\/users\/1"}],"replies":[{"embeddable":true,"href":"https:\/\/novasdodia.com.br\/index.php\/wp-json\/wp\/v2\/comments?post=28757"}],"version-history":[{"count":0,"href":"https:\/\/novasdodia.com.br\/index.php\/wp-json\/wp\/v2\/posts\/28757\/revisions"}],"wp:attachment":[{"href":"https:\/\/novasdodia.com.br\/index.php\/wp-json\/wp\/v2\/media?parent=28757"}],"wp:term":[{"taxonomy":"category","embeddable":true,"href":"https:\/\/novasdodia.com.br\/index.php\/wp-json\/wp\/v2\/categories?post=28757"},{"taxonomy":"post_tag","embeddable":true,"href":"https:\/\/novasdodia.com.br\/index.php\/wp-json\/wp\/v2\/tags?post=28757"}],"curies":[{"name":"wp","href":"https:\/\/api.w.org\/{rel}","templated":true}]}}