{"id":29042,"date":"2024-11-11T19:24:01","date_gmt":"2024-11-11T22:24:01","guid":{"rendered":"https:\/\/novasdodia.com.br\/index.php\/2024\/11\/11\/prefeitura-de-campo-grande-finaliza-licitacao-para-retomada-das-obras-da-emei-vila-popular-cgnoticias\/"},"modified":"2024-11-11T19:24:01","modified_gmt":"2024-11-11T22:24:01","slug":"prefeitura-de-campo-grande-finaliza-licitacao-para-retomada-das-obras-da-emei-vila-popular-cgnoticias","status":"publish","type":"post","link":"https:\/\/novasdodia.com.br\/index.php\/2024\/11\/11\/prefeitura-de-campo-grande-finaliza-licitacao-para-retomada-das-obras-da-emei-vila-popular-cgnoticias\/","title":{"rendered":"Prefeitura de Campo Grande finaliza licita\u00e7\u00e3o para retomada das obras da EMEI Vila Popular \u2013 CGNot\u00edcias"},"content":{"rendered":"<p><\/p>\n<div>\n<p>A Prefeitura de Campo Grande concluiu o processo de licita\u00e7\u00e3o para contratar a empresa respons\u00e1vel pela conclus\u00e3o da obra da Escola Municipal de Educa\u00e7\u00e3o Infantil (EMEI) Vila Popular, localizada na regi\u00e3o urbana do Imbirussu. A homologa\u00e7\u00e3o do resultado foi divulgada na edi\u00e7\u00e3o n\u00ba 7.711 do Di\u00e1rio Oficial de Campo Grande (Diogrande). A pr\u00f3xima etapa ser\u00e1 a assinatura do contrato para a emiss\u00e3o da ordem de servi\u00e7o, que ficar\u00e1 a cargo da empresa Gimenez Engenharia LTDA., vencedora da licita\u00e7\u00e3o.<\/p>\n<p>O investimento na obra \u00e9 de R$ 1.753.014,58, e a nova unidade atender\u00e1 aproximadamente 250 alunos ao ser finalizada, ampliando o n\u00famero de vagas na Rede Municipal de Ensino (REME) e beneficiando diretamente as fam\u00edlias da regi\u00e3o. Este projeto integra o planejamento da administra\u00e7\u00e3o municipal, que visa fortalecer a infraestrutura educacional da capital, garantindo mais acesso e qualidade no atendimento \u00e0s crian\u00e7as da primeira inf\u00e2ncia.<\/p>\n<p>\u201cRetomar e entregar \u00e0 popula\u00e7\u00e3o a EMEI Vila Popular \u00e9 assegurar que as crian\u00e7as de Campo Grande tenham \u00e0 disposi\u00e7\u00e3o uma educa\u00e7\u00e3o infantil de qualidade, preparando os alunos da REME para o futuro e oportunizando a mais fam\u00edlias o acesso \u00e0 educa\u00e7\u00e3o de excel\u00eancia nas sete regi\u00f5es da capital\u201d, salientou a prefeita Adriane Lopes.<\/p>\n<p>A constru\u00e7\u00e3o da EMEI Vila Popular \u00e9 uma antiga demanda da comunidade, que aguardava a conclus\u00e3o h\u00e1 12 anos ap\u00f3s cinco paralisa\u00e7\u00f5es da obra que est\u00e1 com 80% conclu\u00edda. A nova estrutura ser\u00e1 fundamental para o desenvolvimento da regi\u00e3o, proporcionando um ambiente seguro e adequado para a educa\u00e7\u00e3o infantil.<\/p>\n<figure class=\"wp-block-image size-large\"><\/figure>\n<p>Al\u00e9m dessa unidade que ter\u00e1 obra retomada na Regi\u00e3o do Imbirussu, em julho deste ano, a Prefeitura entregou a EMEI In\u00e1polis, que estava paralisada h\u00e1 13 anos. Atualmente, cerca de 250 crian\u00e7as, do Grupo I ao Grupo 5, est\u00e3o matriculadas na nova escola, que conta com parquinhos, mobili\u00e1rio novo e recursos pedag\u00f3gicos modernos.<\/p>\n<p>A administra\u00e7\u00e3o municipal tem como meta concluir outras sete unidades de educa\u00e7\u00e3o infantil: Jardim Talism\u00e3, Jardim Radialista, Moreninha II, Jardim Colorado, Serraville, Jardim Nashville e Jardim Anache, cuja licita\u00e7\u00e3o j\u00e1 foi realizada. O objetivo \u00e9 reorganizar a distribui\u00e7\u00e3o de vagas na Educa\u00e7\u00e3o Infantil, atendendo \u00e0 demanda crescente da rede municipal de ensino e assegurando que mais crian\u00e7as tenham acesso a uma educa\u00e7\u00e3o de qualidade.<\/p>\n<p><em>#PraTodosVerem : Na mat\u00e9ria h\u00e1 duas fotos: a primeira, usada na capa, mostra um grupo de crian\u00e7as com idades entre 3 e 5 anos vestidas com o uniforme da REME, produzido em dois tons de azul, camiseta azul claro e short azul escuro, brincando em um dos brinquedos instalados nos p\u00e1tios das unidades da Rede Municipal de Ensino; a segunda imagem mostra uma aluna da REME, tamb\u00e9m uniformizada, acenando com a m\u00e3o esquerda e sorrindo.<\/em><\/p>\n<\/div>\n<p><script async defer async defer src=\"https:\/\/connect.facebook.net\/en_US\/sdk.js?ver=1#xfbml=1&amp;version=v3.2\" id=\"prefeitura-campogrande-script-facebook-sdk-js\"><\/script><\/p>\n","protected":false},"excerpt":{"rendered":"<p>A Prefeitura de Campo Grande concluiu o processo de licita\u00e7\u00e3o para contratar a empresa respons\u00e1vel pela conclus\u00e3o da obra da Escola Municipal de Educa\u00e7\u00e3o Infantil (EMEI) Vila Popular, localizada na regi\u00e3o urbana do Imbirussu. A homologa\u00e7\u00e3o do resultado foi divulgada na edi\u00e7\u00e3o n\u00ba 7.711 do Di\u00e1rio Oficial de Campo Grande (Diogrande). A pr\u00f3xima etapa ser\u00e1 [&hellip;]<\/p>\n","protected":false},"author":1,"featured_media":0,"comment_status":"","ping_status":"","sticky":false,"template":"","format":"standard","meta":{"footnotes":""},"categories":[],"tags":[],"class_list":["post-29042","post","type-post","status-publish","format-standard","hentry"],"amp_enabled":true,"_links":{"self":[{"href":"https:\/\/novasdodia.com.br\/index.php\/wp-json\/wp\/v2\/posts\/29042","targetHints":{"allow":["GET"]}}],"collection":[{"href":"https:\/\/novasdodia.com.br\/index.php\/wp-json\/wp\/v2\/posts"}],"about":[{"href":"https:\/\/novasdodia.com.br\/index.php\/wp-json\/wp\/v2\/types\/post"}],"author":[{"embeddable":true,"href":"https:\/\/novasdodia.com.br\/index.php\/wp-json\/wp\/v2\/users\/1"}],"replies":[{"embeddable":true,"href":"https:\/\/novasdodia.com.br\/index.php\/wp-json\/wp\/v2\/comments?post=29042"}],"version-history":[{"count":0,"href":"https:\/\/novasdodia.com.br\/index.php\/wp-json\/wp\/v2\/posts\/29042\/revisions"}],"wp:attachment":[{"href":"https:\/\/novasdodia.com.br\/index.php\/wp-json\/wp\/v2\/media?parent=29042"}],"wp:term":[{"taxonomy":"category","embeddable":true,"href":"https:\/\/novasdodia.com.br\/index.php\/wp-json\/wp\/v2\/categories?post=29042"},{"taxonomy":"post_tag","embeddable":true,"href":"https:\/\/novasdodia.com.br\/index.php\/wp-json\/wp\/v2\/tags?post=29042"}],"curies":[{"name":"wp","href":"https:\/\/api.w.org\/{rel}","templated":true}]}}