{"id":29072,"date":"2024-11-12T10:08:10","date_gmt":"2024-11-12T13:08:10","guid":{"rendered":"https:\/\/novasdodia.com.br\/index.php\/2024\/11\/12\/exposicao-itinerante-do-museu-de-esportes-chega-ao-jd-cerejeiras\/"},"modified":"2024-11-12T10:08:10","modified_gmt":"2024-11-12T13:08:10","slug":"exposicao-itinerante-do-museu-de-esportes-chega-ao-jd-cerejeiras","status":"publish","type":"post","link":"https:\/\/novasdodia.com.br\/index.php\/2024\/11\/12\/exposicao-itinerante-do-museu-de-esportes-chega-ao-jd-cerejeiras\/","title":{"rendered":"Exposi\u00e7\u00e3o itinerante do Museu de Esportes chega ao Jd. Cerejeiras"},"content":{"rendered":"<p><\/p>\n<p>&#13;<br \/>\n                Exposi\u00e7\u00e3o itinerante do Museu de Esportes chega ao Jd. Cerejeiras&#13;\n            <\/p>\n<div>\n<p><b>Nei Jos\u00e9 Sant&#8217;Anna<\/b><br \/>&#13;<br \/>\n&#13;<br \/>\n                <span style=\"font-weight: bold;\">Secretaria de Esporte e Qualidade de Vida<\/span><\/p>\n<p>A exposi\u00e7\u00e3o itinerante \u201cMuseu de Esportes de S\u00e3o Jos\u00e9 dos Campos: Conquistas de uma Trajet\u00f3ria\u201d, que j\u00e1 passou por diferentes locais de S\u00e3o Jos\u00e9 dos Campos, chega agora ao Centro Poliesportivo do Jardim Cerejeiras, localizada na Avenida 23 de Dezembro, 400.<\/p>\n<p>A mostra gratuita estar\u00e1 aberta ao p\u00fablico no per\u00edodo de 11 de novembro a 2 de dezembro. As visita\u00e7\u00f5es acontecem de segunda a sexta-feira, das 7h \u00e0s 21h, e aos s\u00e1bado, domingos e feriados das 7h \u00e0s 18h30.<\/p>\n<p>A iniciativa foi contemplada pelo ProAC (Programa de A\u00e7\u00e3o Cultural). A realiza\u00e7\u00e3o \u00e9 do Governo do Estado de S\u00e3o Paulo, Secretaria da Cultura, Economia e Ind\u00fastria Criativas e Engenho Cultural. O apoio \u00e9 da Prefeitura de S\u00e3o Jos\u00e9 dos Campos, por meio do Museu de Esportes.<\/p>\n<p>O objetivo \u00e9 evidenciar as grandes conquistas e os expoentes do esporte em S\u00e3o Jos\u00e9 dos Campos no ano em que o museu completa 25 anos de funda\u00e7\u00e3o, al\u00e9m de difundir, a partir do acervo do museu, a viv\u00eancia da pr\u00e1tica esportiva e seu poder de transforma\u00e7\u00e3o social e afetiva.<\/p>\n<\/p>\n<p><strong><span class=\"intertitulo\">Oficinas<\/span> <\/strong><\/p>\n<p>Comp\u00f5em o projeto da exposi\u00e7\u00e3o itinerante, ainda, as oficinas \u201cOs Museus como espa\u00e7os de educa\u00e7\u00e3o n\u00e3o formal \u2013 contextualiza\u00e7\u00e3o e pr\u00e1tica a partir do Museu de Esportes de S\u00e3o Jos\u00e9 dos Campos\u201d e \u201cConserva\u00e7\u00e3o Preventiva de Acervos Museol\u00f3gicos\u201d.<\/p>\n<p><span class=\"intertitulo\"><strong>Museu de Esportes<\/strong><\/span><\/p>\n<p>Fundado em 1999, o Museu de Esportes de S\u00e3o Jos\u00e9 dos Campos \u00e9 subordinado \u00e0 Secretaria de Esporte e Qualidade de Vida da Prefeitura Municipal. Ao longo de sua hist\u00f3ria, desenvolveu projetos, pesquisas e estudos focados na preserva\u00e7\u00e3o da mem\u00f3ria esportiva do munic\u00edpio.<\/p>\n<p>Essas a\u00e7\u00f5es desenvolvidas visam salvaguardar, recuperar e ampliar seu acervo, composto por mais de 27 mil itens, entre fotografias, arquivos audiovisuais (filmes, \u00e1udios), objetos (trof\u00e9us, medalhas, bolas, uniformes), livros e documentos (cartazes, posters, diplomas, \u00e1lbuns).<\/p>\n<p>\u00a0<\/p>\n<p>\u00a0<\/p>\n<p>&#13;<br \/>\n                        <strong>MAIS NOT\u00cdCIAS<\/strong><br \/>&#13;<br \/>\n                        Secretaria de Esporte e Qualidade de Vida&#13;\n                    <\/p>\n<\/p><\/div>\n","protected":false},"excerpt":{"rendered":"<p>&#13; Exposi\u00e7\u00e3o itinerante do Museu de Esportes chega ao Jd. Cerejeiras&#13; Nei Jos\u00e9 Sant&#8217;Anna&#13; &#13; Secretaria de Esporte e Qualidade de Vida A exposi\u00e7\u00e3o itinerante \u201cMuseu de Esportes de S\u00e3o Jos\u00e9 dos Campos: Conquistas de uma Trajet\u00f3ria\u201d, que j\u00e1 passou por diferentes locais de S\u00e3o Jos\u00e9 dos Campos, chega agora ao Centro Poliesportivo do Jardim [&hellip;]<\/p>\n","protected":false},"author":1,"featured_media":0,"comment_status":"","ping_status":"","sticky":false,"template":"","format":"standard","meta":{"footnotes":""},"categories":[1],"tags":[],"class_list":["post-29072","post","type-post","status-publish","format-standard","hentry","category-noticias"],"amp_enabled":true,"_links":{"self":[{"href":"https:\/\/novasdodia.com.br\/index.php\/wp-json\/wp\/v2\/posts\/29072","targetHints":{"allow":["GET"]}}],"collection":[{"href":"https:\/\/novasdodia.com.br\/index.php\/wp-json\/wp\/v2\/posts"}],"about":[{"href":"https:\/\/novasdodia.com.br\/index.php\/wp-json\/wp\/v2\/types\/post"}],"author":[{"embeddable":true,"href":"https:\/\/novasdodia.com.br\/index.php\/wp-json\/wp\/v2\/users\/1"}],"replies":[{"embeddable":true,"href":"https:\/\/novasdodia.com.br\/index.php\/wp-json\/wp\/v2\/comments?post=29072"}],"version-history":[{"count":0,"href":"https:\/\/novasdodia.com.br\/index.php\/wp-json\/wp\/v2\/posts\/29072\/revisions"}],"wp:attachment":[{"href":"https:\/\/novasdodia.com.br\/index.php\/wp-json\/wp\/v2\/media?parent=29072"}],"wp:term":[{"taxonomy":"category","embeddable":true,"href":"https:\/\/novasdodia.com.br\/index.php\/wp-json\/wp\/v2\/categories?post=29072"},{"taxonomy":"post_tag","embeddable":true,"href":"https:\/\/novasdodia.com.br\/index.php\/wp-json\/wp\/v2\/tags?post=29072"}],"curies":[{"name":"wp","href":"https:\/\/api.w.org\/{rel}","templated":true}]}}