{"id":29203,"date":"2024-11-14T17:28:02","date_gmt":"2024-11-14T20:28:02","guid":{"rendered":"https:\/\/novasdodia.com.br\/index.php\/2024\/11\/14\/som-da-concha-festivais-do-tango-hip-hop-e-da-cultura-japonesa-marcam-feriado-prolongado-em-ms-agencia-de-noticias-do-governo-de-mato-grosso-do-sul\/"},"modified":"2024-11-14T17:28:02","modified_gmt":"2024-11-14T20:28:02","slug":"som-da-concha-festivais-do-tango-hip-hop-e-da-cultura-japonesa-marcam-feriado-prolongado-em-ms-agencia-de-noticias-do-governo-de-mato-grosso-do-sul","status":"publish","type":"post","link":"https:\/\/novasdodia.com.br\/index.php\/2024\/11\/14\/som-da-concha-festivais-do-tango-hip-hop-e-da-cultura-japonesa-marcam-feriado-prolongado-em-ms-agencia-de-noticias-do-governo-de-mato-grosso-do-sul\/","title":{"rendered":"som da Concha, festivais do tango, hip-hop e da cultura japonesa marcam feriado prolongado em MS \u2013 Ag\u00eancia de Noticias do Governo de Mato Grosso do Sul"},"content":{"rendered":"<p><\/p>\n<div>\n<p><span style=\"font-weight: 400\">Para voc\u00ea aproveitar o feriado prolongado, o Agend\u00e3o chega com diversas op\u00e7\u00f5es de atividades de lazer e entretenimento. A Concha Ac\u00fastica Helena Meirelles, no Parque das Na\u00e7\u00f5es Ind\u00edgenas, em Campo Grande, ser\u00e1 palco do Som da Concha, no domingo (17), com o duo Vozmec\u00ea e a rapper ind\u00edgena MC Anarand\u00e0, misturando ritmos brasileiros e influ\u00eancias sul-americanas. O IV Festival Caminhos do Tango tamb\u00e9m movimenta a cidade com aulas, espet\u00e1culos e milongas at\u00e9 domingo, celebrando a rica tradi\u00e7\u00e3o argentina.<\/span><\/p>\n<p><span style=\"font-weight: 400\">A cultura pop marca presen\u00e7a com o show da banda Revisiting Creedence, que traz os grandes sucessos do Creedence Clearwater Revival no gin\u00e1sio Guanandiz\u00e3o, em uma noite de rock cl\u00e1ssico com uma banda que homenageia o som aut\u00eantico dos anos 60. No Bosque Expo, o 4\u00ba Festival do Jap\u00e3o de Mato Grosso do Sul destaca as tradi\u00e7\u00f5es nip\u00f4nicas, com dan\u00e7as, taiko, concursos e workshops culturais.<\/span><\/p>\n<p><span style=\"font-weight: 400\">Em Nova Andradina, o Festival Esta\u00e7\u00e3o Hip-Hop re\u00fane talentos locais e nacionais, promovendo rodas de capoeira, grafite, discotecagem e batalhas de MCs na Pra\u00e7a das \u00c1guas. O evento valoriza a cultura de rua e \u00e9 uma excelente oportunidade para os amantes do hip-hop conferirem apresenta\u00e7\u00f5es e oficinas em um espa\u00e7o vibrante e inclusivo.\u00a0<\/span><\/p>\n<p><span style=\"font-weight: 400\">Paranhos tamb\u00e9m \u00e9 destaque neste fim de semana, comemorando seus 37 anos com muita m\u00fasica. As celebra\u00e7\u00f5es, com entrada gratuita, come\u00e7am nesta sexta-feira (15), com a banda Filhos do Homem, em homenagem ao Dia do Evang\u00e9lico. No s\u00e1bado, a festa continua com shows de Rodrigo e Thayane, e a dupla Maria Cec\u00edlia e Rodolfo fecha a noite com sucessos do sertanejo universit\u00e1rio.<\/span><\/p>\n<p><span style=\"font-weight: 400\">A <\/span><b>Setesc<\/b><span style=\"font-weight: 400\"> (Secretaria de Estado de Turismo, Esporte e Cultura) e a <\/span><b>FCMS<\/b><span style=\"font-weight: 400\"> (Funda\u00e7\u00e3o de Cultura de Mato Grosso do Sul) listam os principais eventos do fim de semana. Confira:<\/span><\/p>\n<h4><span style=\"text-decoration: underline\"><b>Quinta-feira (14)<\/b><\/span><\/h4>\n<p><b>Festival Caminhos do Tango &#8211;<\/b><span style=\"font-weight: 400\"> O 4\u00ba Festival Caminhos do Tango come\u00e7a nesta quinta-feira, com edi\u00e7\u00e3o em homenagem ao poeta Manoel de Barros, e segue at\u00e9 domingo em diversos espa\u00e7os de Campo Grande. O evento contar\u00e1 com 12 horas de aulas, milongas, espet\u00e1culos e a participa\u00e7\u00e3o de grandes nomes do tango, como Betsabet Flores e Federico Ibanez.\u00a0<\/span><\/p>\n<p><span style=\"font-weight: 400\">Confira a programa\u00e7\u00e3o desta quinta-feira:\u00a0<\/span><\/p>\n<p><i><span style=\"font-weight: 400\">Espet\u00e1culo Caminhos do Tango &#8211; Abertura &#8211;<\/span><\/i><span style=\"font-weight: 400\"> Sob dire\u00e7\u00e3o de Camilla Marques, o espet\u00e1culo traz a hist\u00f3ria e a cultura do tango ao som da orquestra Trio Tango Revirado. O show conta com bailarinos de renome.\u00a0<\/span><\/p>\n<p><span style=\"font-weight: 400\">Hor\u00e1rio: 19h<br \/><\/span><span style=\"font-weight: 400\">Local: Sesc Teatro Prosa &#8211; R. Anhandu\u00ed, 200 &#8211; Centro<br \/><\/span><span style=\"font-weight: 400\">Entrada: gratuita<\/span><\/p>\n<p><i><span style=\"font-weight: 400\">Milonga da Fatinha<br \/><\/span><\/i><span style=\"font-weight: 400\">Hor\u00e1rio: 21h<br \/><\/span><span style=\"font-weight: 400\">Local: Espa\u00e7o Tangoo Vip &#8211; R. Agnaldo Trouy, 42 \u2013 Cabre\u00fava<br \/><\/span><span style=\"font-weight: 400\">Entrada: ingressos pelo telefone (67) 99122-6820<\/span><\/p>\n<p><b>Exposi\u00e7\u00e3o &#8220;Entre o C\u00e9u e a Terra&#8221; &#8211;<\/b><span style=\"font-weight: 400\"> Parte do projeto \u201cArte nas Esta\u00e7\u00f5es\u201d em Campo Grande, idealizado pelo gestor cultural carioca Fabio Szwarcwald e com curadoria de Ulisses Carrilho, a exposi\u00e7\u00e3o apresenta 87 obras de 19 artistas autodidatas. Com um ambiente imersivo em tons de azul, que remete ao c\u00e9u, a mostra explora o universo das cren\u00e7as religiosas e os mitos do folclore brasileiro.<\/span><\/p>\n<p><span style=\"font-weight: 400\">Hor\u00e1rio: 9h \u00e0s 20h<\/span><\/p>\n<p><span style=\"font-weight: 400\">Local: Centro Cultural Jos\u00e9 Oct\u00e1vio Guizzo \u2013 R. 26 de Agosto, 453 \u2013 Centro<\/span><\/p>\n<p><span style=\"font-weight: 400\">Entrada: gratuita<\/span><\/p>\n<p><b>Homenagem a Manoel de Barros &#8211;<\/b><span style=\"font-weight: 400\"> Neste fim de semana, uma s\u00e9rie de eventos celebra a vida e a obra de Manoel de Barros, que faleceu h\u00e1 dez anos. A programa\u00e7\u00e3o inclui na quinta-feira a roda de conversa \u201cLembrar, Escrever, Esquecer Manoel de Barros\u201d, com Isloany Machado e Marcel.<\/span><\/p>\n<p><span style=\"font-weight: 400\">Hor\u00e1rio: 19h<\/span><\/p>\n<p><span style=\"font-weight: 400\">Local: R. 13 de Junho, 2392<\/span><\/p>\n<p><span style=\"font-weight: 400\">Entrada: gratuita<\/span><\/p>\n<p><b>Circo Maximus \u2013 <\/b><span style=\"font-weight: 400\">Considerado um dos maiores circos da Am\u00e9rica Latina, o Circo Maximus est\u00e1 em Campo Grande, com espet\u00e1culo repleto de magia e emo\u00e7\u00e3o. Entre as atra\u00e7\u00f5es est\u00e1 o fant\u00e1stico \u201dGlobo da Morte\u201d, al\u00e9m de trapezistas, shows de m\u00e1gica e apresenta\u00e7\u00f5es de palha\u00e7os.<\/span><\/p>\n<p><span style=\"font-weight: 400\">Hor\u00e1rio: 20h (sexta-feira e quinta); 16h, 18h e 20h (s\u00e1bado e domingo)<\/span><\/p>\n<p><span style=\"font-weight: 400\">Local: Av. Duque de Caxias, pr\u00f3ximo ao Atacad\u00e3o e ao aeroporto<\/span><\/p>\n<p><span style=\"font-weight: 400\">Entrada: ingressos a partir de R$ 20 para crian\u00e7as e R$ 40 para adultos, pelo link <\/span><span style=\"font-weight: 400\">https:\/\/ingressocircomaximus.com.br\/unidade1<\/span><\/p>\n<p><b>Divers\u00e3o de Natal no Shopping CG &#8211;<\/b><span style=\"font-weight: 400\"> O esp\u00edrito natalino chegou ao Shopping Campo Grande com atra\u00e7\u00f5es encantadoras para toda a fam\u00edlia. A decora\u00e7\u00e3o inclui uma \u00e1rvore de 10 metros e a charmosa Confeitaria dos Ursos, que traz um ambiente l\u00fadico com brinquedos gratuitos, como escorregador, gangorra (adaptada para crian\u00e7as PCD) e gira-gira (em frente \u00e0s Pernambucanas).<\/span><\/p>\n<p><span style=\"font-weight: 400\">Outras atra\u00e7\u00f5es incluem o trenzinho e o balan\u00e7o girat\u00f3rio, com valores de R$ 30 por brinquedo ou R$ 50 no combo. As crian\u00e7as devem ter at\u00e9 1,30 m para acessar esses brinquedos. Al\u00e9m disso, o Papai Noel e seus ajudantes est\u00e3o no local para fotos e conversas, inclusive com os pets. O Papai Noel atende de ter\u00e7a-feira a s\u00e1bado, das 14h \u00e0s 22h, e aos domingos, das 14h \u00e0s 20h.<\/span><\/p>\n<p><span style=\"font-weight: 400\">O novo Parque Kinder traz divers\u00e3o no segundo piso, pr\u00f3ximo ao Carrefour. A atra\u00e7\u00e3o conta com sete brinquedos, como piscina de bolinhas e circuito din\u00e2mico, para crian\u00e7as de 1 a 12 anos. O valor \u00e9 de R$ 50 para 40 minutos e R$ 10 para cada 15 minutos adicionais.<\/span><\/p>\n<p><span style=\"font-weight: 400\">Hor\u00e1rio:\u00a0 14h \u00e0s 22h (quinta a s\u00e1bado) e 14h \u00e0s 20h (domingo)\u00a0<\/span><\/p>\n<p><span style=\"font-weight: 400\">Local: Shopping Campo Grande \u2013 Av. Afonso Pena, 4909 \u2013 Santa F\u00e9<\/span><\/p>\n<p><b>Despedida do Gloob \u2013<\/b><span style=\"font-weight: 400\"> O maior parque infl\u00e1vel da Am\u00e9rica Latina, o Gloob Space Jump, est\u00e1 em seus dias finais em Campo Grande. Com brinquedos de at\u00e9 17 metros de altura, o parque oferece uma promo\u00e7\u00e3o de despedida, com ingresso \u00fanico de R$ 49,90 para brincar o dia todo.\u00a0 O espa\u00e7o funciona de ter\u00e7a a domingo, das 13h \u00e0s 21h.<\/span><\/p>\n<p><span style=\"font-weight: 400\">Ingressos antecipados podem ser adquiridos pelo site <\/span><span style=\"font-weight: 400\">https:\/\/www.eventim.com.br<\/span><span style=\"font-weight: 400\">.<\/span><\/p>\n<p><span style=\"font-weight: 400\">Hor\u00e1rio: 13h \u00e0s 21h<\/span><\/p>\n<p><span style=\"font-weight: 400\">Local: Shopping Campo Grande \u2013 Av. Afonso Pena, 4909 \u2013 Santa F\u00e9<\/span><\/p>\n<p><b>Natal do Bosque &#8211; <\/b><span style=\"font-weight: 400\">O Shopping Bosque dos Ip\u00eas se veste para o Natal com uma \u00e1rvore de 13 metros e decora\u00e7\u00e3o tem\u00e1tica de Doces, proporcionando um ambiente perfeito para fotos em fam\u00edlia. O Papai Noel j\u00e1 est\u00e1 atendendo para fotos gratuitas com celular. Para quem desejar, h\u00e1 a op\u00e7\u00e3o de contratar um fot\u00f3grafo para levar uma foto impressa na hora por R$30. Hor\u00e1rios de atendimento: ter\u00e7a a sexta-feira, das 15h \u00e0s 20h; s\u00e1bados, domingos e feriados, das 12h \u00e0s 16h e das 17h \u00e0s 20h.<\/span><\/p>\n<p><span style=\"font-weight: 400\">Local: Shopping Bosque dos Ip\u00eas<\/span><\/p>\n<p><b>Pe\u00e7a &#8220;Do Jeito que \u00e9 Hoje em Dia&#8221; &#8211;<\/b><span style=\"font-weight: 400\"> O Teatral Grupo de Risco apresenta &#8220;Do Jeito que \u00e9 Hoje em Dia&#8221;, uma pe\u00e7a que aborda, com leveza e humor, temas importantes como preven\u00e7\u00e3o, mudan\u00e7as de comportamento e IST\/AIDS. A hist\u00f3ria se desenrola com as irm\u00e3s Agripina e Maria Rita, que enfrentam desafios e descobertas com o apoio de seu pai, Seu Gen\u00e9sio, e o rapaz namorador Jo\u00e3o Cui\u00fado, que se v\u00ea em apuros.<\/span><\/p>\n<p><span style=\"font-weight: 400\">A pe\u00e7a explora temas de fam\u00edlia, afeto, hipocrisia e solidariedade para transmitir uma mensagem de esperan\u00e7a e transforma\u00e7\u00e3o. Ap\u00f3s a apresenta\u00e7\u00e3o, haver\u00e1 um bate-papo com Edna Ara\u00fajo sobre preven\u00e7\u00e3o \u00e0s ISTs\/Aids.<\/span><\/p>\n<p><span style=\"font-weight: 400\">Hor\u00e1rio: 19h15<\/span><\/p>\n<p><span style=\"font-weight: 400\">Local: sede do Teatral Grupo de Risco &#8211; R. Trindade, 401 &#8211; Jardim Paulista<\/span><\/p>\n<p><span style=\"font-weight: 400\">Entrada: gratuita<\/span><\/p>\n<p><b>Karla Coronel canta \u201cCaju\u201d, de Liniker &#8211;<\/b><span style=\"font-weight: 400\"> O Ponto Bar recebe a cantora Karla Coronel para interpretar as m\u00fasicas do \u00e1lbum &#8220;Caju&#8221;, de Liniker. O \u00e1lbum, que alcan\u00e7ou grande sucesso no Brasil, ser\u00e1 interpretado por Karla, que busca transmitir a ess\u00eancia de amor pr\u00f3prio presente nas composi\u00e7\u00f5es de Liniker. A noite contar\u00e1 com participa\u00e7\u00f5es especiais dos m\u00fasicos Dovalle e Lucas Rosa.<\/span><\/p>\n<p><span style=\"font-weight: 400\">Karla j\u00e1 \u00e9 conhecida pelo p\u00fablico do Ponto Bar, especialmente por seu projeto \u201cPagode na Pele\u201d, e tamb\u00e9m realiza shows autorais como &#8220;Solita&#8221;, onde aborda temas de resist\u00eancia e empoderamento feminino negro.<\/span><\/p>\n<p><span style=\"font-weight: 400\">Hor\u00e1rio: 21h30<\/span><\/p>\n<p><span style=\"font-weight: 400\">Local: Ponto Bar &#8211; R. Dr. Tem\u00edstocles, 103 &#8211; Centro<\/span><\/p>\n<p><span style=\"font-weight: 400\">Entrada: ingressos a R$ 25, pelo link <\/span><span style=\"font-weight: 400\">https:\/\/www.sympla.com.br\/evento\/karla-coronel-canta-liniker-caju\/2715628?referrer=www.google.com<\/span><\/p>\n<p><b>Cineclube da Boca &#8211; Sess\u00e3o de Cinema Marginal &#8211; <\/b><span style=\"font-weight: 400\">Nesta quinta-feira, o Cineclube da Boca retorna ao MIS para mais uma sess\u00e3o imperd\u00edvel. O filme da vez ser\u00e1 &#8220;Meu nome \u00e9\u2026 Tonho&#8221;, dirigido por Ozualdo Candeias. Esta obra, um faroeste \u00e0 brasileira com um toque moderno e caipira, nos leva ao sert\u00e3o paulista, onde o protagonista Tonho, um habilidoso atirador, enfrenta o bando violento de Manel\u00e3o. A hist\u00f3ria aborda temas de viol\u00eancia e sobreviv\u00eancia em uma regi\u00e3o marcada por crimes e conflitos.<\/span><\/p>\n<p><span style=\"font-weight: 400\">Antes da exibi\u00e7\u00e3o, o mediador far\u00e1 uma breve introdu\u00e7\u00e3o sobre o filme. Ap\u00f3s a sess\u00e3o, haver\u00e1 um momento de debate com o p\u00fablico para refletir sobre a obra. Os lugares s\u00e3o limitados, ent\u00e3o chegue cedo para garantir seu lugar.\u00a0<\/span><\/p>\n<p><span style=\"font-weight: 400\">Hor\u00e1rio: 18h30<\/span><\/p>\n<p><span style=\"font-weight: 400\">Local: Museu da Imagem e do Som &#8211; pr\u00e9dio do Memorial da Cultura \u201cApol\u00f4nio de Carvalho\u201d &#8211; Av. Fernando Corr\u00eaa da Costa, 559 \u2013 3\u00ba andar \u2013 Centro\u00a0<\/span><\/p>\n<p><span style=\"font-weight: 400\">Entrada: gratuita<\/span><\/p>\n<h4><b>Nova Andradina<\/b><\/h4>\n<p><b>Semana da Consci\u00eancia Negra &#8211;<\/b><span style=\"font-weight: 400\"> O Centro de Conven\u00e7\u00f5es \u201cSilvio Ubaldino de Sousa\u201d receber\u00e1 a IV Mostra Cultural Afro-Brasileira, evento que contar\u00e1 com exposi\u00e7\u00f5es de arte, artesanato, comidas t\u00edpicas, vestu\u00e1rio e um desfile tem\u00e1tico, al\u00e9m de show da banda Sampri, que trar\u00e1 a m\u00fasica afro-brasileira para o centro das aten\u00e7\u00f5es.<\/span><\/p>\n<p><span style=\"font-weight: 400\">Hor\u00e1rio: a partir das 19h<\/span><\/p>\n<p><span style=\"font-weight: 400\">Local:\u00a0 Centro de Conven\u00e7\u00f5es \u201cSilvio Ubaldino de Sousa\u201d, Nova Andradina<\/span><\/p>\n<p><span style=\"font-weight: 400\">Entrada: gratuita<\/span><\/p>\n<h4><b>Tr\u00eas Lagoas<\/b><\/h4>\n<p><b>Celebra\u00e7\u00e3o de Natal &#8211;<\/b><span style=\"font-weight: 400\"> As comemora\u00e7\u00f5es natalinas come\u00e7am nesta quinta-feira em Tr\u00eas Lagoas, com a inaugura\u00e7\u00e3o da tradicional Ilumina\u00e7\u00e3o de Natal. A decora\u00e7\u00e3o, que ser\u00e1 espalhada por 20 pontos da cidade, ficar\u00e1 em exibi\u00e7\u00e3o por 50 dias, encantando moradores e turistas.<\/span><\/p>\n<p><span style=\"font-weight: 400\">Al\u00e9m da ilumina\u00e7\u00e3o, a programa\u00e7\u00e3o cultural incluir\u00e1 exposi\u00e7\u00f5es, apresenta\u00e7\u00f5es de teatro, dan\u00e7a e m\u00fasica, barracas de artesanato e uma pra\u00e7a de alimenta\u00e7\u00e3o. As festividades seguir\u00e3o at\u00e9 16 de novembro, com as luzes permanecendo acesas at\u00e9 janeiro.<\/span><\/p>\n<p><span style=\"font-weight: 400\">Hor\u00e1rio: a partir das 19h<\/span><\/p>\n<p><span style=\"font-weight: 400\">Local: Cidade do Natal, Tr\u00eas Lagoas<\/span><\/p>\n<p><span style=\"font-weight: 400\">Entrada: gratuita<\/span><\/p>\n<h4><span style=\"text-decoration: underline\"><b>Sexta-feira (15)<\/b><\/span><\/h4>\n<p><b>Festival Caminhos do Tango &#8211;<\/b><span style=\"font-weight: 400\"> Confira a programa\u00e7\u00e3o desta sexta-feira:\u00a0<\/span><\/p>\n<p><i><span style=\"font-weight: 400\">Aulas de tango<br \/><\/span><\/i><span style=\"font-weight: 400\">Hor\u00e1rio: 13h \u00e0s 17h30<br \/><\/span><span style=\"font-weight: 400\">Local: Espa\u00e7o Tangoo Vip &#8211; R. Agnaldo Trouy, 42 &#8211; Cabre\u00fava<br \/><\/span><span style=\"font-weight: 400\">Entrada: inscri\u00e7\u00f5es pelo telefone (67) 99122-6820<\/span><\/p>\n<p><i><span style=\"font-weight: 400\">Aula pr\u00e9-Milonga<br \/><\/span><\/i><span style=\"font-weight: 400\">Hor\u00e1rio: 20h \u00e0s 21h<br \/><\/span><span style=\"font-weight: 400\">Local: Radio Clube Cidade &#8211; R. Bar\u00e3o do Rio Branco, 1924 \u2013 Centro<br \/><\/span><span style=\"font-weight: 400\">Entrada: inscri\u00e7\u00f5es pelo telefone (67) 99122-6820<\/span><\/p>\n<p><i><span style=\"font-weight: 400\">Milonga de boas-vindas<br \/><\/span><\/i><span style=\"font-weight: 400\">Hor\u00e1rio: 21h \u00e0s 02h<br \/><\/span><span style=\"font-weight: 400\">Local: R\u00e1dio Clube Cidade\u00a0<br \/><\/span><span style=\"font-weight: 400\">Entrada: ingressos pelo telefone (67) 99122-6820<\/span><\/p>\n<p><b>4\u00ba Festival do Jap\u00e3o &#8211; <\/b><span style=\"font-weight: 400\">O maior festival de cultura japonesa em Mato Grosso do Sul ter\u00e1 muitos shows, atra\u00e7\u00f5es culturais, dan\u00e7as, taiko, expositores, workshops, corrida noturna, concurso de cosplay e muito mais. Confira a programa\u00e7\u00e3o completa no link: <\/span><span style=\"font-weight: 400\">festivaljapaoms.com.br\/programacao\/<\/span><span style=\"font-weight: 400\">. O Festival come\u00e7a nesta sexta-feira e vai at\u00e9 domingo.\u00a0<\/span><\/p>\n<figure id=\"attachment_496181\" aria-describedby=\"caption-attachment-496181\" style=\"width: 1265px\" class=\"wp-caption aligncenter\"><figcaption id=\"caption-attachment-496181\" class=\"wp-caption-text\">Festival do Jap\u00e3o \u00e9 um mergulho na cultura japonesa com gastronomia, arte e tradi\u00e7\u00e3o que encantam e aproximam diferentes culturas em um s\u00f3 lugar (Foto: divulga\u00e7\u00e3o)<\/figcaption><\/figure>\n<p><span style=\"font-weight: 400\">Hor\u00e1rio: a partir das 8h (todos os dias)<\/span><\/p>\n<p><span style=\"font-weight: 400\">Local: Bosque Expo, no Shopping Bosque dos Ip\u00eas<\/span><\/p>\n<p><span style=\"font-weight: 400\">Entrada: 1 kg de alimento n\u00e3o perec\u00edvel<\/span><\/p>\n<p><b>Mega Park &#8211;<\/b><span style=\"font-weight: 400\"> A estreia do parque de divers\u00f5es Mega Park Internacional ser\u00e1 nesta sextas-feira, no Shopping Bosque dos Ip\u00eas. Crian\u00e7as menores de 3 anos t\u00eam entrada gratuita e devem estar acompanhadas por um adulto respons\u00e1vel. Pessoas com TEA e PCD tamb\u00e9m t\u00eam gratuidade com acompanhante. Passaportes antecipados \u00e0 venda no site aqui com valor promocional. Passaportes antecipados \u00e0 venda no site com valor promocional <\/span><span style=\"font-weight: 400\">https:\/\/shorturl.at\/cJ7ky<\/span><span style=\"font-weight: 400\"> .<\/span><\/p>\n<p><span style=\"font-weight: 400\">De segunda a sexta-feira o parque ir\u00e1 funcionar das 18h \u00e0s 22h. Aos s\u00e1bados, domingos e feriados, o parque ir\u00e1 funcionar das 15h \u00e0s 22h, com duas sess\u00f5es. A primeira ser\u00e1 das 15h \u00e0s 18h, com passaporte promocional a R$60 e para a segunda sess\u00e3o, das 19h \u00e0s 22h, R$70.<\/span><\/p>\n<p><span style=\"font-weight: 400\">Hor\u00e1rio: estreia a partir das 19h<\/span><\/p>\n<p><span style=\"font-weight: 400\">Local: Shopping Bosque dos Ip\u00eas<\/span><\/p>\n<p><b>Chegada do Papai Noel no Norte Sul &#8211;<\/b><span style=\"font-weight: 400\"> Nesta sexta-feira, o Papai Noel faz sua t\u00e3o esperada chegada, trazendo um toque especial de magia natalina e diversas apresenta\u00e7\u00f5es culturais. Entre os destaques, o Bassetto Ballet apresentar\u00e1 uma valsa encantadora para celebrar o Natal, e o Coral de A Igreja de Jesus Cristo dos Santos dos \u00daltimos Dias, composto por crian\u00e7as e jovens, interpretar\u00e1 can\u00e7\u00f5es natalinas tradicionais. A programa\u00e7\u00e3o conta ainda com a participa\u00e7\u00e3o da Banda Pionners47 e da Trupe do Reino, garantindo uma experi\u00eancia inesquec\u00edvel para todas as idades.<\/span><\/p>\n<p><span style=\"font-weight: 400\">Al\u00e9m das apresenta\u00e7\u00f5es, o p\u00fablico ser\u00e1 recebido com pipoca, algod\u00e3o-doce e bal\u00f5es gratuitos, para completar o clima festivo. Ap\u00f3s a chegada, o Papai Noel estar\u00e1 dispon\u00edvel na decora\u00e7\u00e3o de Natal para as tradicionais fotos com as crian\u00e7as e fam\u00edlias, marcando o in\u00edcio da temporada de celebra\u00e7\u00f5es.<\/span><\/p>\n<p><span style=\"font-weight: 400\">Hor\u00e1rio: a partir das 16h<\/span><\/p>\n<p><span style=\"font-weight: 400\">Local: Shopping Norte Sul Plaza &#8211; Av. Pres. Ernesto Geisel, 2300 &#8211; Jardim Joquei Club<\/span><\/p>\n<p><span style=\"font-weight: 400\">Entrada: gratuita<\/span><\/p>\n<p><b>Exposi\u00e7\u00e3o &#8220;Entre o C\u00e9u e a Terra&#8221; &#8211;<\/b><span style=\"font-weight: 400\"> Parte do projeto \u201cArte nas Esta\u00e7\u00f5es\u201d em Campo Grande, idealizado pelo gestor cultural carioca Fabio Szwarcwald e com curadoria de Ulisses Carrilho, a exposi\u00e7\u00e3o apresenta 87 obras de 19 artistas autodidatas. Com um ambiente imersivo em tons de azul, que remete ao c\u00e9u, a mostra explora o universo das cren\u00e7as religiosas e os mitos do folclore brasileiro.<\/span><\/p>\n<p><span style=\"font-weight: 400\">Hor\u00e1rio: 9h \u00e0s 18h<\/span><\/p>\n<p><span style=\"font-weight: 400\">Local: Centro Cultural Jos\u00e9 Oct\u00e1vio Guizzo \u2013 R. 26 de Agosto, 453 \u2013 Centro<\/span><\/p>\n<p><span style=\"font-weight: 400\">Entrada: gratuita<\/span><\/p>\n<p><b>Oficina de Vogue &#8220;Tra(ns)vessias entre o C\u00e9u e a Terra&#8221; &#8211; <\/b><span style=\"font-weight: 400\">Nesta sexta, o projeto Arte nas Esta\u00e7\u00f5es apresenta uma oficina de vogue que explora a conex\u00e3o entre o espiritual e o f\u00edsico, destacando a viv\u00eancia travesti e criando um espa\u00e7o \u00fanico de reflex\u00e3o e express\u00e3o. Com a instrutora Gabi Mancini, a pr\u00e1tica abordar\u00e1 t\u00e9cnicas de Hands Performance, Spin e Floor Performance, inspiradas nos elementos ar e terra para uma performance fluida e incorporada.<\/span><\/p>\n<p><span style=\"font-weight: 400\">Hor\u00e1rio: 14h \u00e0s 16h<\/span><\/p>\n<p><span style=\"font-weight: 400\">Local: Centro Cultural Jos\u00e9 Oct\u00e1vio Guizzo \u2013 R. 26 de Agosto, 453 \u2013 Centro<\/span><\/p>\n<p><span style=\"font-weight: 400\">Entrada: gratuita<\/span><\/p>\n<p><b>Show do Revisiting Creedence &#8211;<\/b><span style=\"font-weight: 400\"> O gin\u00e1sio Guanandiz\u00e3o receber\u00e1 o show da banda Revisiting Creedence. O grupo, formado por Dan McGuinness e Kurt Griffey, continua o legado do Creedence Clearwater Revival, uma das maiores bandas de rock de todos os tempos. O show contar\u00e1 com grandes sucessos da CCR, como &#8220;Susie Q&#8221;, &#8220;Green River&#8221;, &#8220;Proud Mary&#8221; e outros hits que marcaram gera\u00e7\u00f5es.<\/span><\/p>\n<figure id=\"attachment_496189\" aria-describedby=\"caption-attachment-496189\" style=\"width: 1024px\" class=\"wp-caption aligncenter\"><figcaption id=\"caption-attachment-496189\" class=\"wp-caption-text\">Revisiting Creedence far\u00e1 a viagem musical que revive os cl\u00e1ssicos inesquec\u00edveis da banda, trazendo de volta toda a energia e nostalgia do rock dos anos 60 e 70 (Foto: divulga\u00e7\u00e3o)<\/figcaption><\/figure>\n<p><span style=\"font-weight: 400\">O cantor Jonavo ser\u00e1 o respons\u00e1vel pela abertura do evento. Com sua carreira consolidada, o artista traz seu show \u201cRevoada Ac\u00fastica\u201d, misturando folk e m\u00fasica brasileira, e promete encantar o p\u00fablico antes do grande espet\u00e1culo.<\/span><\/p>\n<p><span style=\"font-weight: 400\">Hor\u00e1rio: a partir das 20h<\/span><\/p>\n<p><span style=\"font-weight: 400\">Local: Gin\u00e1sio Guanandiz\u00e3o &#8211; Tv. do Touro, 130 &#8211; Vila Nhanh\u00e1<\/span><\/p>\n<p><span style=\"font-weight: 400\">Entrada: ingressos a partir de R$ 126,50, pelo link <\/span><span style=\"font-weight: 400\">https:\/\/www.blueticket.com.br\/evento\/35313\/revisiting-creedence-em-campo-grande-ms<\/span><\/p>\n<p><b>Feira Criativa do MS &#8211; <\/b><span style=\"font-weight: 400\">A Feira Criativa do MS volta ao Parque dos Ip\u00eas, nesta sexta-feira e s\u00e1bado, oferecendo um espa\u00e7o repleto de arte, cultura e novidades para toda a fam\u00edlia. O evento ser\u00e1 uma excelente oportunidade para quem deseja prestigiar produ\u00e7\u00f5es locais e mergulhar em uma atmosfera de criatividade. Nesta sexta vai ter Soul Samba, trazendo o melhor do pagodinho, a partir das 19h. No mesmo hor\u00e1rio, s\u00f3 que no s\u00e1bado, tem show com Oper\u00e1rios do Groove.\u00a0<\/span><\/p>\n<p><span style=\"font-weight: 400\">Hor\u00e1rio: 17h \u00e0s 22h<\/span><\/p>\n<p><span style=\"font-weight: 400\">Local: Parque dos Ip\u00eas &#8211; Vila Sobrinho<\/span><\/p>\n<p><span style=\"font-weight: 400\">Entrada: gratuita<\/span><\/p>\n<p><b>Nossa Feijuca &#8211;<\/b><span style=\"font-weight: 400\"> O Samba do Caramelo realiza a terceira edi\u00e7\u00e3o de sua feijoada. Ser\u00e3o seis horas de roda de samba, al\u00e9m da tradicional feijoada, com op\u00e7\u00e3o vegana.\u00a0<\/span><\/p>\n<p><span style=\"font-weight: 400\">Hor\u00e1rio: a partir das 12h<\/span><\/p>\n<p><span style=\"font-weight: 400\">Local: Quintal do Caramelo &#8211; R. da P\u00e1tria, 2550 Vila Taveiropolis<\/span><\/p>\n<p><span style=\"font-weight: 400\">Entrada: ingressos a partir de R$ 15, pelo link <\/span><span style=\"font-weight: 400\">https:\/\/www.sympla.com.br\/evento\/nossa-feijuca-3-edicao-da-feijoada-do-caramelo\/2688324?referrer=www.google.com<\/span><\/p>\n<p><b>Creed x Nickelback &#8211; <\/b><span style=\"font-weight: 400\">A Cervejaria Canalhas prepara uma noite nost\u00e1lgica com tributo a Creed e Nickelback, duas bandas de sucesso dos anos 2000.<\/span><\/p>\n<p><span style=\"font-weight: 400\">Hor\u00e1rio: 20h<\/span><\/p>\n<p><span style=\"font-weight: 400\">Local: Cervejaria Canalhas &#8211; R. Oceano Atl\u00e2ntico, 99 &#8211; Ch\u00e1cara Cachoeira<\/span><\/p>\n<p><span style=\"font-weight: 400\">Entrada: ingressos a R$ 40, pelo link <\/span><span style=\"font-weight: 400\">https:\/\/www.sympla.com.br\/evento\/creed-x-nickelback\/2710548?referrer=www.google.com<\/span><\/p>\n<p><b>Tributo Imagine Dragons e Coldplay &#8211;<\/b><span style=\"font-weight: 400\"> Prepare-se para uma noite especial relembrando os sucessos dos anos 2000 com tributos a duas das maiores bandas do mundo: Imagine Dragons e Coldplay. Quem comanda a apresenta\u00e7\u00e3o \u00e9 a banda de Campinas-SP, Demons in Paradise, que promete trazer toda a energia e emo\u00e7\u00e3o das can\u00e7\u00f5es dessas duas lendas do rock e pop internacional.<\/span><\/p>\n<p><span style=\"font-weight: 400\">Hor\u00e1rio: 22h<\/span><\/p>\n<p><span style=\"font-weight: 400\">Local: Blues Bar &#8211; R. 15 de Novembro, 1186 &#8211; Centro<\/span><\/p>\n<p><span style=\"font-weight: 400\">Entrada: ingressos a R$ 30, pelo link <\/span><span style=\"font-weight: 400\">https:\/\/www.sympla.com.br\/evento\/imagine-dragons-e-coldplay\/2727191<\/span><\/p>\n<h4><b>Nova Andradina<\/b><\/h4>\n<p><b>Festival Esta\u00e7\u00e3o Hip-Hop &#8211;<\/b><span style=\"font-weight: 400\"> De sexta-feira a domingo, a Pra\u00e7a das \u00c1guas, em Nova Andradina, ser\u00e1 palco do Festival Esta\u00e7\u00e3o Hip-Hop. O evento, que promete ser uma grande celebra\u00e7\u00e3o da cultura de rua, contar\u00e1 com diversas manifesta\u00e7\u00f5es art\u00edsticas, incluindo a cl\u00e1ssica batalha de MC&#8217;s, rodas de samba e capoeira, feira de economia criativa, cinema de rua, discotecagem, grafite, dan\u00e7a e poesia. Al\u00e9m disso, haver\u00e1 premia\u00e7\u00f5es para as competi\u00e7\u00f5es. Confira a programa\u00e7\u00e3o completa pelo Instagram: <\/span><b>@estacaohiphopms<\/b><span style=\"font-weight: 400\">.\u00a0<\/span><\/p>\n<figure id=\"attachment_496185\" aria-describedby=\"caption-attachment-496185\" style=\"width: 900px\" class=\"wp-caption aligncenter\"><figcaption id=\"caption-attachment-496185\" class=\"wp-caption-text\">Festival agita Nova Andradina com dan\u00e7a, m\u00fasica e grafite, celebrando a cultura urbana e a criatividade local (Foto: divulga\u00e7\u00e3o)<\/figcaption><\/figure>\n<p><span style=\"font-weight: 400\">Local: Pra\u00e7a das \u00c1guas, Nova Andradina<\/span><\/p>\n<p><span style=\"font-weight: 400\">Entrada: gratuita<\/span><\/p>\n<h4><b>Distrito de Palmeiras, Dois Irm\u00e3os do Buriti<\/b><\/h4>\n<p><b>Festa do Peixe &#8211; <\/b><span style=\"font-weight: 400\">O Trio Violada e Tony Massa se apresentar\u00e3o nesta sexta-feira na Festa do Peixe, no distrito de Palmeiras, pertencente a Dois Irm\u00e3os do Buriti.\u00a0<\/span><\/p>\n<p><span style=\"font-weight: 400\">Hor\u00e1rio: a partir das 20h<\/span><\/p>\n<p><span style=\"font-weight: 400\">Local: Distrito de Palmeiras, Dois Irm\u00e3os do Buriti<\/span><\/p>\n<p><span style=\"font-weight: 400\">Entrada: gratuita<\/span><\/p>\n<h4><b>Paranhos\u00a0<\/b><\/h4>\n<p><b>Anivers\u00e1rio da cidade &#8211; <\/b><span style=\"font-weight: 400\">Paranhos celebra seus 37 anos de exist\u00eancia com muita m\u00fasica ao vivo para a popula\u00e7\u00e3o. Nesta sexta-feira de feriado tem apresenta\u00e7\u00e3o da banda Filhos do Homem, em comemora\u00e7\u00e3o ao Dia do Evang\u00e9lico.\u00a0<\/span><\/p>\n<p><span style=\"font-weight: 400\">Hor\u00e1rio: 19h30<\/span><\/p>\n<p><span style=\"font-weight: 400\">Local: quadra poliesportiva Jos\u00e9 Ribeiro da Silva \u2013 J. Silva \u201cTelems\u201d, Paranhos<\/span><\/p>\n<p><span style=\"font-weight: 400\">Entrada: gratuita<\/span><\/p>\n<h4><span style=\"text-decoration: underline\"><b>S\u00e1bado (16)<\/b><\/span><\/h4>\n<p><b>Festival Caminhos do Tango &#8211; <\/b><span style=\"font-weight: 400\">Confira a programa\u00e7\u00e3o deste s\u00e1bado:<\/span><\/p>\n<p><i><span style=\"font-weight: 400\">Aulas de tango<br \/><\/span><\/i><span style=\"font-weight: 400\">Hor\u00e1rio: 13h \u00e0s 17h30<br \/><\/span><span style=\"font-weight: 400\">Local: Espa\u00e7o Tangoo Vip &#8211; R. Agnaldo Trouy, 42 &#8211; Cabre\u00fava<br \/><\/span><span style=\"font-weight: 400\">Entrada: inscri\u00e7\u00f5es pelo telefone (67) 99122-6820<\/span><\/p>\n<p><i><span style=\"font-weight: 400\">Aula pr\u00e9 e Milonga de Gala<br \/><\/span><\/i><span style=\"font-weight: 400\">Hor\u00e1rio 20h \u00e0s 02h<br \/><\/span><span style=\"font-weight: 400\">Local: R\u00e1dio Clube Cidade &#8211; R. Bar\u00e3o do Rio Branco, 1924 &#8211; Centro<br \/><\/span><span style=\"font-weight: 400\">Entrada: inscri\u00e7\u00f5es e ingressos pelo telefone (67) 99122-6820<\/span><\/p>\n<p><b>Exposi\u00e7\u00e3o &#8220;Entre o C\u00e9u e a Terra&#8221; &#8211;<\/b><span style=\"font-weight: 400\"> Parte do projeto \u201cArte nas Esta\u00e7\u00f5es\u201d em Campo Grande, idealizado pelo gestor cultural carioca Fabio Szwarcwald e com curadoria de Ulisses Carrilho, a exposi\u00e7\u00e3o apresenta 87 obras de 19 artistas autodidatas. Com um ambiente imersivo em tons de azul, que remete ao c\u00e9u, a mostra explora o universo das cren\u00e7as religiosas e os mitos do folclore brasileiro.<\/span><\/p>\n<p><span style=\"font-weight: 400\">Hor\u00e1rio: 9h \u00e0s 18h<\/span><\/p>\n<p><span style=\"font-weight: 400\">Local: Centro Cultural Jos\u00e9 Oct\u00e1vio Guizzo \u2013 R. 26 de Agosto, 453 \u2013 Centro<\/span><\/p>\n<p><span style=\"font-weight: 400\">Entrada: gratuita<\/span><\/p>\n<p><b>Stand-Up com Emerson Cear\u00e1 &#8211;<\/b><span style=\"font-weight: 400\"> O humorista Emerson Cear\u00e1, em seu novo show solo &#8220;Se Acalme&#8221;, explora tudo aquilo que nos irrita: falta de dinheiro, rol\u00eas ruins, gente esquisita e muito mais. Por mais que tudo esteja indo de mal a pior, Se Acalme!<\/span><\/p>\n<p><span style=\"font-weight: 400\">Em seu s\u00e9timo show solo, depois de passar pelas mais hil\u00e1rias situa\u00e7\u00f5es e se apresentar nos mais importantes palcos da com\u00e9dia brasileira, o comediante apresenta um espet\u00e1culo ainda mais absurdo e divertido, com piadas apenas para maiores.<\/span><\/p>\n<p><span style=\"font-weight: 400\">Hor\u00e1rio: 20h e 22h<\/span><\/p>\n<p><span style=\"font-weight: 400\">Local: Teatro Dom Bosco &#8211; Av. Mato Grosso, 225 &#8211; Centro<\/span><\/p>\n<p><span style=\"font-weight: 400\">Entrada: ingressos a partir de R$ 45, pelo link <\/span><span style=\"font-weight: 400\">https:\/\/bileto.sympla.com.br\/event\/98353\/d\/278716<\/span><\/p>\n<p><b>Homenagem a Manoel de Barros &#8211; <\/b><span style=\"font-weight: 400\">Em celebra\u00e7\u00e3o a Manoel de Barros, atividades ocorrem ao longo do fim de semana. Neste s\u00e1bado, ser\u00e1 realizada a roda de conversa \u201cA presen\u00e7a de Manoel de Barros na literatura contempor\u00e2nea em MS\u201d, com Wellington Furtado Ramos e Karina Vicelli.<\/span><\/p>\n<p><span style=\"font-weight: 400\">Hor\u00e1rio: 18h<\/span><\/p>\n<p><span style=\"font-weight: 400\">Local: R. 13 de Junho, 2392<\/span><\/p>\n<p><span style=\"font-weight: 400\">Entrada: gratuita<\/span><\/p>\n<p><b>Oficina &#8220;Pintar C\u00e9us Imposs\u00edveis&#8221; &#8211;<\/b><span style=\"font-weight: 400\"> J\u00e1 neste s\u00e1bado (16), o projeto Arte nas Esta\u00e7\u00f5es convida crian\u00e7as, jovens e adultos a explorar a imagina\u00e7\u00e3o e criar paisagens celestes inusitadas. Inspirando-se em c\u00e9us onde nuvens podem ser tudo, de cachorros a cavalos, a oficina estimula os participantes a ver o c\u00e9u como um \u201cmar de ponta-cabe\u00e7a&#8221;, expandindo os limites da pintura e da criatividade.<\/span><\/p>\n<p><span style=\"font-weight: 400\">Hor\u00e1rio: 9h30 \u00e0s 10h30<\/span><\/p>\n<p><span style=\"font-weight: 400\">Local: Centro Cultural Jos\u00e9 Oct\u00e1vio Guizzo \u2013 R. 26 de Agosto, 453 \u2013 Centro<\/span><\/p>\n<p><span style=\"font-weight: 400\">Entrada: gratuita<\/span><\/p>\n<p><b>Oficina &#8220;Manipula\u00e7\u00e3o de Ervas e Feitura de Ch\u00e1s&#8221; &#8211;<\/b><span style=\"font-weight: 400\"> Na parte da tarde, ser\u00e1 a vez da oficina especial inspirada na rela\u00e7\u00e3o entre ervas, sa\u00fade e cultura, como cantado por Maria Beth\u00e2nia: \u201csem folha n\u00e3o tem sonho, sem folha n\u00e3o tem festa.\u201d Os participantes aprender\u00e3o a identificar, colher e preparar ervas para ch\u00e1s e infus\u00f5es, explorando benef\u00edcios terap\u00eauticos e culin\u00e1rios. \u00c9 uma oportunidade de reconectar-se com a natureza e adquirir conhecimentos sobre o uso consciente das plantas para o bem-estar.<\/span><\/p>\n<p><span style=\"font-weight: 400\">Hor\u00e1rio: 14h \u00e0s 15h30<\/span><\/p>\n<p><span style=\"font-weight: 400\">Local: Centro Cultural Jos\u00e9 Oct\u00e1vio Guizzo \u2013 R. 26 de Agosto, 453 \u2013 Centro<\/span><\/p>\n<p><span style=\"font-weight: 400\">Entrada: gratuita<\/span><\/p>\n<p><b>Ballroom Entre o C\u00e9u e a Terra &#8211; <\/b><span style=\"font-weight: 400\">A cena Ballroom de Campo Grande se re\u00fane no evento &#8220;Entre o C\u00e9u e a Terra&#8221;. As Houses, coletivos e independentes (os famosos 007s) celebram a dualidade entre o sagrado e o profano. Com energia m\u00edstica e intensa, as performances exploram a transcend\u00eancia, conectando o celestial e o terreno em uma fus\u00e3o de arte e espiritualidade. Uma noite de pura express\u00e3o, beleza e emo\u00e7\u00e3o, que honra a riqueza da cultura e da est\u00e9tica brasileira.<\/span><\/p>\n<p><span style=\"font-weight: 400\">Hor\u00e1rio: 19h \u00e0s 21h<\/span><\/p>\n<p><span style=\"font-weight: 400\">Local: Centro Cultural Jos\u00e9 Oct\u00e1vio Guizzo \u2013 R. 26 de Agosto, 453 \u2013 Centro<\/span><\/p>\n<p><span style=\"font-weight: 400\">Entrada: gratuita<\/span><\/p>\n<p><b>Violada Pescadores do MS &#8211;<\/b><span style=\"font-weight: 400\"> O maior encontro de pescadores sul-mato-grossenses acontecer\u00e1 neste s\u00e1bado, com muito mod\u00e3o sertanejo. Evandro Campos e as duplas Jo\u00e3o Haroldo &amp; Betinho, e Junior Mota &amp; Paulinho v\u00e3o comandar a festa.\u00a0<\/span><\/p>\n<p><span style=\"font-weight: 400\">Hor\u00e1rio: 18h<\/span><\/p>\n<p><span style=\"font-weight: 400\">Local: Clube Estoril &#8211; R. Silvina Tom\u00e9 Ver\u00edssimo, 20, sal\u00e3o principal &#8211; Jardim Autonomista<\/span><\/p>\n<p><span style=\"font-weight: 400\">Entrada: ingressos a partir de R$ 40, pelo link <\/span><span style=\"font-weight: 400\">https:\/\/www.sympla.com.br\/evento\/violada-pescadores-do-ms\/2676236?referrer=www.google.com<\/span><\/p>\n<p><b>15 anos da Fraternidade sem Fronteiras &#8211;<\/b><span style=\"font-weight: 400\"> A Fraternidade sem Fronteiras celebra seus 15 anos de funda\u00e7\u00e3o com evento beneficente neste s\u00e1bado. A programa\u00e7\u00e3o conta com palestras e apresenta\u00e7\u00f5es musicais, e todo o valor arrecadado ser\u00e1 destinado ao projeto Fraternidade na Rua, que oferece apoio a pessoas em situa\u00e7\u00e3o de rua em parceria com a Cl\u00ednica da Alma. Confira a programa\u00e7\u00e3o completa: <\/span><span style=\"font-weight: 400\">https:\/\/www.fraternidadesemfronteiras.org.br\/evento-15-anos\/<\/span><span style=\"font-weight: 400\">.<\/span><\/p>\n<p><span style=\"font-weight: 400\">Hor\u00e1rio: 8h \u00e0s 20h<\/span><\/p>\n<p><span style=\"font-weight: 400\">Local: Igreja Tabern\u00e1culo da Gl\u00f3ria &#8211; R. Brilhante, 2190 &#8211; Vila Bandeirantes<\/span><\/p>\n<p><span style=\"font-weight: 400\">Entrada: contribui\u00e7\u00f5es a partir de R$ 5, pelo link <\/span><span style=\"font-weight: 400\">https:\/\/fraternidadesemfronteiras.colabore.org\/15anos\/single_step<\/span><\/p>\n<p><b>Leitura Integral de \u201cKramp\u201d &#8211; <\/b><span style=\"font-weight: 400\">O Sesc Teatro Prosa recebe uma programa\u00e7\u00e3o especial de literatura com a leitura integral da obra &#8220;Kramp&#8221;, da escritora Maria Jose Ferrada. O evento, que faz parte da a\u00e7\u00e3o H\u00e1mor no Sesc, promete uma tarde de imers\u00e3o liter\u00e1ria. A a\u00e7\u00e3o H\u00e1mor no Sesc busca aproximar o p\u00fablico de importantes vozes da literatura regional e nacional, promovendo encontros que valorizam a palavra e estimulam o di\u00e1logo criativo. Classifica\u00e7\u00e3o livre.<\/span><\/p>\n<p><span style=\"font-weight: 400\">Hor\u00e1rio: 16h<\/span><\/p>\n<p><span style=\"font-weight: 400\">Local: Sesc Teatro Prosa &#8211; R. Anhandu\u00ed, 200 &#8211; Centro<\/span><\/p>\n<p><span style=\"font-weight: 400\">Entrada: gratuita<\/span><\/p>\n<p><b>Espet\u00e1culo &#8220;Dom Casmurro&#8221; &#8211;<\/b><span style=\"font-weight: 400\"> O Grupo Casa \u2013 Coletivo de Artistas apresenta o espet\u00e1culo &#8220;Dom Casmurro&#8221;. Com duas atrizes interpretando simultaneamente os personagens Capitu e Bento Santiago, a pe\u00e7a \u00e9 acompanhada ao vivo por uma banda de samba que executa can\u00e7\u00f5es autorais e m\u00fasicas conhecidas, como &#8220;Com Que Roupa&#8221;, de Noel Rosa.\u00a0<\/span><\/p>\n<figure id=\"attachment_496186\" aria-describedby=\"caption-attachment-496186\" style=\"width: 1600px\" class=\"wp-caption aligncenter\"><figcaption id=\"caption-attachment-496186\" class=\"wp-caption-text\">Dom Casmurro ser\u00e1 apresentado neste s\u00e1bado (Foto: Gabriella Thais)<\/figcaption><\/figure>\n<p><span style=\"font-weight: 400\">A montagem do grupo \u00e9 uma adapta\u00e7\u00e3o contempor\u00e2nea da obra de Machado de Assis, abordando temas como racismo e misoginia. Desde sua estreia on-line em 2020, a pe\u00e7a venceu o pr\u00eamio de Melhor Espet\u00e1culo no Festival FEMA, em S\u00e3o Paulo, e agora retornar\u00e1 \u00e0 cidade para uma apresenta\u00e7\u00e3o especial no SESC Presidente Prudente, no dia 21 de novembro.<\/span><\/p>\n<p><span style=\"font-weight: 400\">Hor\u00e1rio: 20h<\/span><\/p>\n<p><span style=\"font-weight: 400\">Local: Grupo Casa \u2013 R. Visconde de Taunay, 306 &#8211; Amamba\u00ed<\/span><\/p>\n<p><span style=\"font-weight: 400\">Entrada:\u00a0 R$ 60 (inteira) e R$ 30 (meia) na portaria; antecipado, todos pagam meia, pelo WhatsApp (67) 99290-6961<\/span><\/p>\n<p><b>Feira no S\u00e3o Bento &#8211;<\/b><span style=\"font-weight: 400\"> M\u00fasica ao vivo, brech\u00f3 beneficente aos animais, expositores de moda, artesanato, pra\u00e7a de alimenta\u00e7\u00e3o e feirinha de ado\u00e7\u00e3o de animais \u00e9 o que ter\u00e1 na Feira no S\u00e3o Bento, neste s\u00e1bado. Haver\u00e1 tamb\u00e9m campanha natalina de arrecada\u00e7\u00e3o de brinquedos novos ou usados em bom estado, que ser\u00e3o destinados a crian\u00e7as em situa\u00e7\u00e3o de vulnerabilidade socioecon\u00f4mica.\u00a0<\/span><\/p>\n<p><span style=\"font-weight: 400\">Hor\u00e1rio: 18h \u00e0s 22h<\/span><\/p>\n<p><span style=\"font-weight: 400\">Local: Pra\u00e7a Rep\u00fablica do L\u00edbano &#8211; Av. Primeiro de Maio, 400-498 &#8211; Jardim S\u00e3o Bento<\/span><\/p>\n<p><span style=\"font-weight: 400\">Entrada: gratuita<\/span><\/p>\n<p><b>Ritual Rock Festival &#8211;<\/b><span style=\"font-weight: 400\"> O Ritual Rock Festival acontece em Campo Grande neste s\u00e1bado. A segunda edi\u00e7\u00e3o do evento contar\u00e1 com as apresenta\u00e7\u00f5es das bandas Black Pantera, Ratos de Por\u00e3o, Katastrofe, Pata de Cachorro e Darhew.<\/span><\/p>\n<p><span style=\"font-weight: 400\">A Black Pantera, formada em 2014, mistura hardcore, punk e thrash metal com influ\u00eancias da cultura afro-brasileira e j\u00e1 se apresentou em festivais como o Afropunk Paris e Knotfest. O Ratos de Por\u00e3o, \u00edcone do punk e hardcore desde 1981, \u00e9 conhecido por suas letras cr\u00edticas e sua mistura de punk rock, hardcore e thrash metal, com reconhecimento internacional.<\/span><\/p>\n<p><span style=\"font-weight: 400\">Hor\u00e1rio: a partir das 18h30<\/span><\/p>\n<p><span style=\"font-weight: 400\">Local: Garagi Events &#8211; R. Coxim, 881 &#8211; Cel. Antonino<\/span><\/p>\n<p><span style=\"font-weight: 400\">Entrada: ingressos a partir de R$ 100, pelo link <\/span><span style=\"font-weight: 400\">https:\/\/articket.com.br\/e\/2759\/ritual-rock-festival-c-grande-ms<\/span><\/p>\n<p><b>The Rockfeller 30 Anos &#8211; <\/b><span style=\"font-weight: 400\">A banda The Rockfeller celebra tr\u00eas d\u00e9cadas de hist\u00f3ria, presenteando o p\u00fablico de Campo Grande com uma festa repleta dos cl\u00e1ssicos do rock. Com destaque para as can\u00e7\u00f5es da banda Queen, o repert\u00f3rio inclui tamb\u00e9m sucessos de Van Halen, Kiss, Led Zeppelin, Deep Purple, Iron Maiden, Pink Floyd, U2, Guns N&#8217; Roses e muito mais.\u00a0<\/span><\/p>\n<p><span style=\"font-weight: 400\">Hor\u00e1rio: 21h<\/span><\/p>\n<p><span style=\"font-weight: 400\">Local: Mirante Pub &#8211; R. Doutor Zerbini, 53 &#8211; Ch\u00e1cara Cachoeira<\/span><\/p>\n<p><span style=\"font-weight: 400\">Entrada: R$ 25, pelo link <\/span><span style=\"font-weight: 400\">https:\/\/www.sympla.com.br\/evento\/the-rockfeller-30anos\/2650647<\/span><\/p>\n<p><b>Show da banda Naip &#8211; <\/b><span style=\"font-weight: 400\">A banda Naip celebra o anivers\u00e1rio de 50 anos do baterista Alexandre La Corte, o Deco, com um show especial no Canalhas. A festa contar\u00e1 com participa\u00e7\u00f5es de grandes nomes do rock regional, como Rodrigo Tozzette e Fabio Corvo (do Bando do Velho Jack), Sandrinho (Inverno Russo) e Guilherme Cruz (Filho dos Livres e Almir Sater). A DJ Nathalia Albuquerque tamb\u00e9m estar\u00e1 presente para animar a noite.<\/span><\/p>\n<p><span style=\"font-weight: 400\">Hor\u00e1rio: a partir das 18h<\/span><\/p>\n<p><span style=\"font-weight: 400\">Local: Cervejaria Canalhas &#8211; R. Oceano Atl\u00e2ntico, 99 &#8211; Ch\u00e1cara Cachoeira<\/span><\/p>\n<p><span style=\"font-weight: 400\">Entrada: R$ 50, pelo link <\/span><span style=\"font-weight: 400\">https:\/\/www.sympla.com.br\/evento\/naip-dj-nathalia-albuquerque-na-canalhas\/2697013?referrer=www.google.com<\/span><\/p>\n<h4><b>Distrito de Palmeiras, Dois Irm\u00e3os do Buriti<\/b><\/h4>\n<p><b>Festa do Peixe &#8211; <\/b><span style=\"font-weight: 400\">As cantoras Janaynna e Gleici Helena agitam da Festa do Peixe em Palmeiras neste s\u00e1bado.<\/span><\/p>\n<p><span style=\"font-weight: 400\">Hor\u00e1rio: a partir das 20h<\/span><\/p>\n<p><span style=\"font-weight: 400\">Local: Distrito de Palmeiras, Dois Irm\u00e3os do Buriti<\/span><\/p>\n<p><span style=\"font-weight: 400\">Entrada: gratuita<\/span><\/p>\n<h4><b>Paranhos\u00a0<\/b><\/h4>\n<p><b>Anivers\u00e1rio da cidade &#8211; <\/b><span style=\"font-weight: 400\">Neste s\u00e1bado, o p\u00fablico ser\u00e1 presenteado com uma dose dupla de shows: Rodrigo e Thayane, e, para encerrar as atra\u00e7\u00f5es musicais com chave de ouro, Maria Cec\u00edlia e Rodolfo, trazendo o melhor do sertanejo universit\u00e1rio.<\/span><\/p>\n<p><span style=\"font-weight: 400\">Hor\u00e1rio: a partir das 20h<\/span><\/p>\n<p><span style=\"font-weight: 400\">Local: quadra poliesportiva Jos\u00e9 Ribeiro da Silva \u2013 J. Silva \u201cTelems\u201d, Paranhos<\/span><\/p>\n<p><span style=\"font-weight: 400\">Entrada: gratuita<\/span><\/p>\n<h4><span style=\"text-decoration: underline\"><b>Domingo (17)<\/b><\/span><\/h4>\n<p><b>Festival Caminhos do Tango &#8211; <\/b><span style=\"font-weight: 400\">Confira a programa\u00e7\u00e3o deste domingo:<\/span><\/p>\n<p><i><span style=\"font-weight: 400\">Aulas de tango<br \/><\/span><\/i><span style=\"font-weight: 400\">Hor\u00e1rio: 13h \u00e0s 17h30<br \/><\/span><span style=\"font-weight: 400\">Local: Espa\u00e7o Tangoo Vip &#8211; R. Agnaldo Trouy, 42 &#8211; Cabre\u00fava<br \/><\/span><span style=\"font-weight: 400\">Entrada: inscri\u00e7\u00f5es pelo telefone (67) 99122-6820<\/span><\/p>\n<p><i><span style=\"font-weight: 400\">Espet\u00e1culo &#8220;No \u00cdnfimo do Abra\u00e7o&#8221;<br \/><\/span><\/i><span style=\"font-weight: 400\">Hor\u00e1rio: 18h<br \/><\/span><span style=\"font-weight: 400\">Local: Teatro Allan Kardec &#8211; Av. Am\u00e9rica, 653 &#8211; Vila Planalto<br \/><\/span><span style=\"font-weight: 400\">Entrada: ingressos por R$ 40,00, pelo telefone (67) 99122-6820\u00a0<\/span><\/p>\n<p><i><span style=\"font-weight: 400\">Caf\u00e9 com Tango<br \/><\/span><\/i><span style=\"font-weight: 400\">Hor\u00e1rio: 19h \u00e0s 21h30<br \/><\/span><span style=\"font-weight: 400\">Local: Espa\u00e7o Tangoo Vip &#8211; R. Agnaldo Trouy, 42 \u2013 Cabre\u00fava<br \/><\/span><span style=\"font-weight: 400\">Entrada: gratuita<\/span><\/p>\n<p><b>Som da Concha com Vozmec\u00ea e MC Anarand\u00e0 &#8211;<\/b><span style=\"font-weight: 400\"> Neste domingo, a Concha Ac\u00fastica Helena Meirelles, no Parque das Na\u00e7\u00f5es Ind\u00edgenas, recebe mais uma edi\u00e7\u00e3o do projeto Som da Concha, com shows do duo Vozmec\u00ea e da rapper ind\u00edgena MC Anarand\u00e0.\u00a0<\/span><\/p>\n<figure id=\"attachment_496190\" aria-describedby=\"caption-attachment-496190\" style=\"width: 1200px\" class=\"wp-caption aligncenter\"><figcaption id=\"caption-attachment-496190\" class=\"wp-caption-text\">Vozmec\u00ea traz encontro de vozes e ra\u00edzes, celebrando a m\u00fasica regional com emo\u00e7\u00e3o e autenticidade (Foto: divulga\u00e7\u00e3o)<\/figcaption><\/figure>\n<p><span style=\"font-weight: 400\">A noite abre com o lan\u00e7amento do \u00e1lbum &#8220;TROPICAPOLCA&#8221; de Vozmec\u00ea, duo formado por Namaria Schneider e Pedro Fattori, que traz uma fus\u00e3o de ritmos brasileiros e influ\u00eancias sul-americanas. Em seguida, MC Anarand\u00e0 apresenta &#8220;Kun\u00e3 kuera em rima (Mulheres em Rima)&#8221;, misturando rap com a tradi\u00e7\u00e3o ind\u00edgena Guarani Kaiow\u00e1 em um show poderoso e reflexivo, que inclui a participa\u00e7\u00e3o de m\u00fasicos e rezadeiras.<\/span><\/p>\n<p><span style=\"font-weight: 400\">Hor\u00e1rio: 18h<\/span><\/p>\n<p><span style=\"font-weight: 400\">Local: Concha Ac\u00fastica Helena Meirelles, Parque das Na\u00e7\u00f5es Ind\u00edgenas, entrada pela Rua Ant\u00f4nio Maria Coelho, 5655, Carand\u00e1 Bosque<\/span><\/p>\n<p><span style=\"font-weight: 400\">Entrada: gratuita<\/span><\/p>\n<p><b>1\u00aa Feira Cultural da Sagarana &#8211;<\/b><span style=\"font-weight: 400\"> Neste domingo, acontece a 1\u00aa Feira Cultural da Sagarana, trazendo uma programa\u00e7\u00e3o diversificada com artesanato, brech\u00f3, gastronomia, shows ao vivo, espa\u00e7o kids, al\u00e9m de uma feira de ado\u00e7\u00e3o de pets. Vai ter m\u00fasica ao vivo com o grupo Sabadoniran das 10h \u00e0s 13h.<\/span><\/p>\n<figure id=\"attachment_496187\" aria-describedby=\"caption-attachment-496187\" style=\"width: 1440px\" class=\"wp-caption aligncenter\"><figcaption id=\"caption-attachment-496187\" class=\"wp-caption-text\">Feira Sagarana leva encontro de sabores, artesanato e cultura local (Foto: divulga\u00e7\u00e3o)<\/figcaption><\/figure>\n<p><span style=\"font-weight: 400\">O evento ser\u00e1 realizado na arborizada Pra\u00e7a Ant\u00f4nio Papi Neto, localizada no Portal do Panam\u00e1, e \u00e9 uma iniciativa para revitalizar a regi\u00e3o, transformando-a em um polo de eventos culturais e sociais, e incentivando o com\u00e9rcio local. A feira foi idealizada por quatro amigas empreendedoras \u2014 Beatriz, Dagmar, Luzia e Meliza \u2014 que trazem suas experi\u00eancias de feiras culturais para este novo projeto.<\/span><\/p>\n<p><span style=\"font-weight: 400\">Hor\u00e1rio: 9h \u00e0s 13h30<\/span><\/p>\n<p><span style=\"font-weight: 400\">Local: Pra\u00e7a Ant\u00f4nio Papi Neto &#8211; entre as ruas Sagarana, Ot\u00e1vio Mangabeira, Lenin Flores Bergozi e a Travessa Pacaty &#8211; Portal do Panam\u00e1<\/span><\/p>\n<p><span style=\"font-weight: 400\">Entrada: gratuita<\/span><\/p>\n<p><b>Show \u201cUma Sauda\u00e7\u00e3o \u00e0s Divas\u201d &#8211;<\/b><span style=\"font-weight: 400\"> O grupo da cantora L\u00ed Martins, ex-integrante do Rouge, apresenta o show \u201cUma Sauda\u00e7\u00e3o \u00e0s Divas\u201d em Campo Grande. Embora L\u00ed Martins seja uma das integrantes do grupo, nesta apresenta\u00e7\u00e3o espec\u00edfica ela n\u00e3o estar\u00e1 presente. Mesmo assim, a performance contar\u00e1 com elenco talentoso e bailarinos para um espet\u00e1culo cheio de homenagens.<\/span><\/p>\n<p><span style=\"font-weight: 400\">O show traz interpreta\u00e7\u00f5es de sucessos de grandes divas da m\u00fasica, incluindo Aretha Franklin, Mariah Carey, C\u00e9line Dion, Whitney Houston e Tina Turner. Para esta temporada, o repert\u00f3rio inclui ainda um tributo especial a Adele.<\/span><\/p>\n<p><span style=\"font-weight: 400\">Hor\u00e1rio: 18h<\/span><\/p>\n<p><span style=\"font-weight: 400\">Local: Teatro Glauce Rocha, na UFMS<\/span><\/p>\n<p><span style=\"font-weight: 400\">Entrada: ingressos a partir de R$ 40, pelo link <\/span><span style=\"font-weight: 400\">https:\/\/www.ingressodigital.com\/evento\/13971\/Uma_Saudao_s_Divas<\/span><\/p>\n<p><b>Show &#8220;Beleza do Simples&#8221; &#8211;<\/b><span style=\"font-weight: 400\"> O show &#8220;Beleza do Simples&#8221; traz um formato intimista de voz e viol\u00e3o, onde o artista compartilha composi\u00e7\u00f5es pr\u00f3prias inspiradas em fam\u00edlia, amor e natureza. Em um ambiente acolhedor e nost\u00e1lgico, o show promete uma experi\u00eancia aut\u00eantica e emocional, aproximando o p\u00fablico das ra\u00edzes sul-mato-grossenses que permeiam sua m\u00fasica. Com simplicidade e verdade, cada can\u00e7\u00e3o convida o p\u00fablico a uma conex\u00e3o profunda com o momento presente. Ap\u00f3s o show, haver\u00e1 uma sess\u00e3o com m\u00fasicas de barzinho para curtir o ambiente.<\/span><\/p>\n<p><span style=\"font-weight: 400\">Hor\u00e1rio: 16h30<\/span><\/p>\n<p><span style=\"font-weight: 400\">Local: Gastrobar O Kintal &#8211; Av. Panamericana, 643 &#8211; Vila Danubio Azul<\/span><\/p>\n<p><span style=\"font-weight: 400\">Entrada: ingressos a R$ 50, pelo link <\/span><span style=\"font-weight: 400\">https:\/\/www.sympla.com.br\/evento\/show-autoral-beleza-do-simples\/2704855<\/span><\/p>\n<h4><b>Dourados\u00a0<\/b><\/h4>\n<p><b>Festival Cultural Novembro Negro &#8211;<\/b><span style=\"font-weight: 400\"> Dourados \u00e9 palco do Festival Cultural Novembro Negro, evento dedicado \u00e0 exalta\u00e7\u00e3o e valoriza\u00e7\u00e3o das culturas e identidades negras, suas heran\u00e7as, conquistas e contribui\u00e7\u00f5es para a sociedade. A programa\u00e7\u00e3o, diversificada e repleta de talentos, conta com oficinas, poesia, dan\u00e7a, capoeira, samba de roda, manifesta\u00e7\u00f5es afro-religiosas, gastronomia, grafite, exposi\u00e7\u00f5es de artistas negros, performances de pintura e muito mais. Confira a programa\u00e7\u00e3o deste domingo:<\/span><\/p>\n<p><i><span style=\"font-weight: 400\">Oficina de Atabaque &#8211;<\/span><\/i><span style=\"font-weight: 400\"> A atividade trabalha com os ritmos afro-brasileiros, ensinando as batidas e t\u00e9cnicas de toque no atabaque. Mais do que um instrumento musical, o atabaque \u00e9 um instrumento ancestral e cultural, que expressa a for\u00e7a e a tradi\u00e7\u00e3o de matriz africana. A oficina contar\u00e1 com acessibilidade em Libras.\u00a0<\/span><\/p>\n<p><span style=\"font-weight: 400\">Hor\u00e1rio: 9h \u00e0s 11h<\/span><span style=\"font-weight: 400\"><br \/><\/span><span style=\"font-weight: 400\">Local: Il\u00ea Ax\u00e9 Angola Megemul\u00eabaona &#8211; R. Jos\u00e9 Lu\u00eds da Silva, 475 &#8211; Jardim \u00c1gua Boa &#8211; Dourados<\/span><span style=\"font-weight: 400\"><br \/><\/span><span style=\"font-weight: 400\">Entrada: gratuita, com inscri\u00e7\u00f5es pelo link <\/span><span style=\"font-weight: 400\">https:\/\/forms.gle\/B35Q2iwRSWY1AzCS9<\/span><\/p>\n<p><i><span style=\"font-weight: 400\">Oficina de turbante &#8211; <\/span><\/i><span style=\"font-weight: 400\">A oficina celebra e valoriza a potencialidade negra por meio da pr\u00e1tica de amarra\u00e7\u00e3o de turbantes, s\u00edmbolo de resist\u00eancia e ancestralidade. Com foco na express\u00e3o cultural e no impacto dos turbantes na moda afro-brasileira, a atividade ensina t\u00e9cnicas de amarra\u00e7\u00e3o enquanto destaca o papel essencial desse acess\u00f3rio na preserva\u00e7\u00e3o e afirma\u00e7\u00e3o da identidade cultural. \u00c9 necess\u00e1rio que cada participante traga seu pr\u00f3prio turbante para a oficina. Recomendamos turbantes de diferentes tamanhos e comprimentos para maior versatilidade nas amarra\u00e7\u00f5es.<\/span><\/p>\n<p><span style=\"font-weight: 400\">Hor\u00e1rio: 9h \u00e0s 11h<\/span><span style=\"font-weight: 400\"><br \/><\/span><span style=\"font-weight: 400\">Local: Il\u00ea Ax\u00e9 Angola Megemul\u00eabaona &#8211; R. Jos\u00e9 Lu\u00eds da Silva, 475 &#8211; Jardim \u00c1gua Boa &#8211; Dourados<\/span><\/p>\n<p><span style=\"font-weight: 400\">Entrada: gratuita, com inscri\u00e7\u00f5es pelo link <\/span><span style=\"font-weight: 400\">https:\/\/forms.gle\/QmCgrW8brwqEeBui6<\/span><\/p>\n<p><i><span style=\"font-weight: 400\">Lucas Castro, Comunica\u00e7\u00e3o Setesc<br \/><\/span><\/i><i><span style=\"font-weight: 400\">Foto de destaque: divulga\u00e7\u00e3o<\/span><\/i><\/p>\n<\/div>\n<p><script async src=\"\/\/www.instagram.com\/embed.js\"><\/script><\/p>\n","protected":false},"excerpt":{"rendered":"<p>Para voc\u00ea aproveitar o feriado prolongado, o Agend\u00e3o chega com diversas op\u00e7\u00f5es de atividades de lazer e entretenimento. A Concha Ac\u00fastica Helena Meirelles, no Parque das Na\u00e7\u00f5es Ind\u00edgenas, em Campo Grande, ser\u00e1 palco do Som da Concha, no domingo (17), com o duo Vozmec\u00ea e a rapper ind\u00edgena MC Anarand\u00e0, misturando ritmos brasileiros e influ\u00eancias [&hellip;]<\/p>\n","protected":false},"author":1,"featured_media":0,"comment_status":"","ping_status":"","sticky":false,"template":"","format":"standard","meta":{"footnotes":""},"categories":[],"tags":[],"class_list":["post-29203","post","type-post","status-publish","format-standard","hentry"],"amp_enabled":true,"_links":{"self":[{"href":"https:\/\/novasdodia.com.br\/index.php\/wp-json\/wp\/v2\/posts\/29203","targetHints":{"allow":["GET"]}}],"collection":[{"href":"https:\/\/novasdodia.com.br\/index.php\/wp-json\/wp\/v2\/posts"}],"about":[{"href":"https:\/\/novasdodia.com.br\/index.php\/wp-json\/wp\/v2\/types\/post"}],"author":[{"embeddable":true,"href":"https:\/\/novasdodia.com.br\/index.php\/wp-json\/wp\/v2\/users\/1"}],"replies":[{"embeddable":true,"href":"https:\/\/novasdodia.com.br\/index.php\/wp-json\/wp\/v2\/comments?post=29203"}],"version-history":[{"count":0,"href":"https:\/\/novasdodia.com.br\/index.php\/wp-json\/wp\/v2\/posts\/29203\/revisions"}],"wp:attachment":[{"href":"https:\/\/novasdodia.com.br\/index.php\/wp-json\/wp\/v2\/media?parent=29203"}],"wp:term":[{"taxonomy":"category","embeddable":true,"href":"https:\/\/novasdodia.com.br\/index.php\/wp-json\/wp\/v2\/categories?post=29203"},{"taxonomy":"post_tag","embeddable":true,"href":"https:\/\/novasdodia.com.br\/index.php\/wp-json\/wp\/v2\/tags?post=29203"}],"curies":[{"name":"wp","href":"https:\/\/api.w.org\/{rel}","templated":true}]}}