{"id":29317,"date":"2024-11-18T18:14:01","date_gmt":"2024-11-18T21:14:01","guid":{"rendered":"https:\/\/novasdodia.com.br\/index.php\/2024\/11\/18\/letramento-etnico-racial-e-tema-de-roda-de-conversa-na-programacao-do-mes-da-consciencia-negra\/"},"modified":"2024-11-18T18:14:01","modified_gmt":"2024-11-18T21:14:01","slug":"letramento-etnico-racial-e-tema-de-roda-de-conversa-na-programacao-do-mes-da-consciencia-negra","status":"publish","type":"post","link":"https:\/\/novasdodia.com.br\/index.php\/2024\/11\/18\/letramento-etnico-racial-e-tema-de-roda-de-conversa-na-programacao-do-mes-da-consciencia-negra\/","title":{"rendered":"Letramento \u00e9tnico-racial \u00e9 tema de roda de conversa na programa\u00e7\u00e3o do M\u00eas da Consci\u00eancia Negra"},"content":{"rendered":"<p><\/p>\n<div>\n<p>O \u2018Letramento \u00c9tnico-Racial para Enfrentamento ao Racismo\u2019 foi tema de debate, nesta segunda-feira (18), na sede da Coordenadoria de Promo\u00e7\u00e3o \u00e0 Cidadania LGBT e Igualdade Racial de Jo\u00e3o Pessoa, no Parque Solon de Lucena, no Centro da Capital, dentro da programa\u00e7\u00e3o alusiva ao Dia da Consci\u00eancia Negra, comemorado em 20 de novembro. A discuss\u00e3o, de iniciativa da Prefeitura de Jo\u00e3o Pessoa, em parceria com o Governo do Estado, por meio da Secretaria da Mulher e da Diversidade Humana (SEMDH\/PB), busca conscientizar a popula\u00e7\u00e3o sobre a import\u00e2ncia do tema.<\/p>\n<figure class=\"wp-block-gallery has-nested-images columns-default is-cropped wp-block-gallery-1 is-layout-flex wp-block-gallery-is-layout-flex\">\n<figure class=\"wp-block-image size-large\"><\/figure>\n<figure class=\"wp-block-image size-large\"><\/figure>\n<figure class=\"wp-block-image size-large\"><\/figure>\n<\/figure>\n<p>O coordenador de Promo\u00e7\u00e3o \u00e0 Cidadania LGBT e Igualdade Racial de Jo\u00e3o Pessoa, Geraldo Filho, destacou que a realiza\u00e7\u00e3o do letramento acerca da popula\u00e7\u00e3o negra, ind\u00edgena e quilombola, \u00e9 extremamente importante especialmente nesse m\u00eas alusivo \u00e0 consci\u00eancia negra. \u201cAchamos interessante realizar essa discuss\u00e3o, em parceria com a marcha da negritude unificada da Para\u00edba, para funcion\u00e1rios e funcion\u00e1rias da prefeitura e nossos usu\u00e1rios. \u00c9 extremamente importante que esse debate seja realizado de maneira permanente para fortalecermos o combate ao racismo existente na nossa sociedade, sendo este um dos nossos grandes objetivos\u201d, afirmou.<\/p>\n<p>O representante da Marcha da Negritude Unificada da Para\u00edba, Leonardo Silva, trouxe para a discuss\u00e3o o \u2018Letramento critico\u2019. \u201cN\u00f3s falamos em letramento racial cr\u00edtico, porque j\u00e1 existe um letramento racial que reproduz padr\u00f5es. E o cr\u00edtico \u00e9 justamente para questionar esses padr\u00f5es. A gente tem que questionar, por que o negro \u00e9 visto ou mal visto, ou por que \u00e9 subalternizado, por que as mulheres negras trabalham mais e recebem muito menos do que uma outra pessoa que n\u00e3o \u00e9 negra. Ent\u00e3o, ele questiona os padr\u00f5es estabelecidos e vem justamente para criticar as estruturas de poder, permitindo que a gente pense o negro em espa\u00e7os de poder\u201d.<\/p>\n<figure class=\"wp-block-gallery has-nested-images columns-default is-cropped wp-block-gallery-2 is-layout-flex wp-block-gallery-is-layout-flex\">\n<figure class=\"wp-block-image size-large\"><\/figure>\n<figure class=\"wp-block-image size-large\"><\/figure>\n<\/figure>\n<p><strong>Programa\u00e7\u00e3o<\/strong> \u2013 O tema \u2018Letramento \u00c9tnico-Racial para Enfrentamento ao Racismo\u2019 foi tema tamb\u00e9m de uma roda de conversa, na tarde desta segunda-feira (18), no Hospital Dia, no Bairro de Jaguaribe, com a participa\u00e7\u00e3o da Coordenadoria de Promo\u00e7\u00e3o \u00e0 Cidadania LGBT e Igualdade Racial de Jo\u00e3o Pessoa em parceria com o Governo do Estado, por meio da Secretaria da Mulher e da Diversidade Humana (SEMDH\/PB). O p\u00fablico-alvo s\u00e3o os funcion\u00e1rios e funcion\u00e1rias da institui\u00e7\u00e3o de sa\u00fade municipal.<\/p>\n<p>A programa\u00e7\u00e3o do m\u00eas dedicado a Consci\u00eancia Negra segue com a realiza\u00e7\u00e3o da VI Marcha de Rua, \u00e0s 15h, do dia 21 de novembro (quinta-feira), com o tema \u201cDemocracia e Mem\u00f3ria para o Povo Negro: Equidade Racial e Repara\u00e7\u00e3o\u201d.<\/p>\n<p>Segundo Marli Soares, coordenadora da Marcha da Negritude Unificada da Para\u00edba e Ger\u00eancia Racial do Estado, essa \u00e9 a sexta edi\u00e7\u00e3o da marcha. \u201cA concentra\u00e7\u00e3o ser\u00e1 em frente ao Teatro Santa Rosa, \u00e0s 15h, no Centro da cidade. \u00c0s 16h30, a marcha segue para o Parque Solon de Lucena, para o ato oficial\u201d, explicou.<\/p>\n<p><strong>Servi\u00e7o<\/strong> \u2013 A Coordenadoria de Promo\u00e7\u00e3o \u00e0 Cidadania LGBT e Igualdade Racial de Jo\u00e3o Pessoa est\u00e1 localizada no Parque Solon de Lucena, 216, Centro. Mais informa\u00e7\u00f5es sobre os servi\u00e7os oferecidos atrav\u00e9s do telefone 3222-8853 ou WhatsApp (83) 98730-6036.<\/p>\n<\/p><\/div>\n","protected":false},"excerpt":{"rendered":"<p>O \u2018Letramento \u00c9tnico-Racial para Enfrentamento ao Racismo\u2019 foi tema de debate, nesta segunda-feira (18), na sede da Coordenadoria de Promo\u00e7\u00e3o \u00e0 Cidadania LGBT e Igualdade Racial de Jo\u00e3o Pessoa, no Parque Solon de Lucena, no Centro da Capital, dentro da programa\u00e7\u00e3o alusiva ao Dia da Consci\u00eancia Negra, comemorado em 20 de novembro. A discuss\u00e3o, de [&hellip;]<\/p>\n","protected":false},"author":1,"featured_media":0,"comment_status":"","ping_status":"","sticky":false,"template":"","format":"standard","meta":{"footnotes":""},"categories":[1],"tags":[],"class_list":["post-29317","post","type-post","status-publish","format-standard","hentry","category-noticias"],"amp_enabled":true,"_links":{"self":[{"href":"https:\/\/novasdodia.com.br\/index.php\/wp-json\/wp\/v2\/posts\/29317","targetHints":{"allow":["GET"]}}],"collection":[{"href":"https:\/\/novasdodia.com.br\/index.php\/wp-json\/wp\/v2\/posts"}],"about":[{"href":"https:\/\/novasdodia.com.br\/index.php\/wp-json\/wp\/v2\/types\/post"}],"author":[{"embeddable":true,"href":"https:\/\/novasdodia.com.br\/index.php\/wp-json\/wp\/v2\/users\/1"}],"replies":[{"embeddable":true,"href":"https:\/\/novasdodia.com.br\/index.php\/wp-json\/wp\/v2\/comments?post=29317"}],"version-history":[{"count":0,"href":"https:\/\/novasdodia.com.br\/index.php\/wp-json\/wp\/v2\/posts\/29317\/revisions"}],"wp:attachment":[{"href":"https:\/\/novasdodia.com.br\/index.php\/wp-json\/wp\/v2\/media?parent=29317"}],"wp:term":[{"taxonomy":"category","embeddable":true,"href":"https:\/\/novasdodia.com.br\/index.php\/wp-json\/wp\/v2\/categories?post=29317"},{"taxonomy":"post_tag","embeddable":true,"href":"https:\/\/novasdodia.com.br\/index.php\/wp-json\/wp\/v2\/tags?post=29317"}],"curies":[{"name":"wp","href":"https:\/\/api.w.org\/{rel}","templated":true}]}}