{"id":29318,"date":"2024-11-18T18:47:22","date_gmt":"2024-11-18T21:47:22","guid":{"rendered":"https:\/\/novasdodia.com.br\/index.php\/2024\/11\/18\/beneficiarios-do-mais-social-comecam-a-fazer-cursos-de-qualificacao-agencia-de-noticias-do-governo-de-mato-grosso-do-sul\/"},"modified":"2024-11-18T18:47:22","modified_gmt":"2024-11-18T21:47:22","slug":"beneficiarios-do-mais-social-comecam-a-fazer-cursos-de-qualificacao-agencia-de-noticias-do-governo-de-mato-grosso-do-sul","status":"publish","type":"post","link":"https:\/\/novasdodia.com.br\/index.php\/2024\/11\/18\/beneficiarios-do-mais-social-comecam-a-fazer-cursos-de-qualificacao-agencia-de-noticias-do-governo-de-mato-grosso-do-sul\/","title":{"rendered":"benefici\u00e1rios do Mais Social come\u00e7am a fazer cursos de qualifica\u00e7\u00e3o \u2013 Ag\u00eancia de Noticias do Governo de Mato Grosso do Sul"},"content":{"rendered":"<p><\/p>\n<div>\n<p>O Mais Social chegou a uma nova etapa nesta segunda-feira (18). Al\u00e9m de garantir a seguran\u00e7a alimentar, o programa deu in\u00edcio a s\u00e9rie de treinamentos para que os benefici\u00e1rios possam crescer socialmente, como empreendedores ou na busca de uma coloca\u00e7\u00e3o no mercado de trabalho.<\/p>\n<p>M\u00e3e de dois filhos, Cl\u00e1udia de Oliveira Andrade n\u00e3o pode trabalhar fora de casa porque um deles tem necessidades especiais (paralisia cerebral epil\u00e9ptica, retardamento mental grave, s\u00edndrome de Down e autismo). Ela vive em fun\u00e7\u00e3o desse filho, Wesley, de 24 anos, que necessita de aten\u00e7\u00e3o constante, mas encontrou no MS Qualifica a oportunidade de aprender e ter uma nova fonte de renda, sem ter que sair do lar.<\/p>\n<figure id=\"attachment_496292\" aria-describedby=\"caption-attachment-496292\" style=\"width: 300px\" class=\"wp-caption alignright\"><figcaption id=\"caption-attachment-496292\" class=\"wp-caption-text\">Claudia foi uma das que fez o curso<\/figcaption><\/figure>\n<p>Cedo, ela j\u00e1 estava pronta para o curso de bolo caseiro oferecido gratuitamente pela Sead (Secretaria de Estado de Assist\u00eancia Social e dos Direitos Humanos), em parceria com a Funtrab (Funda\u00e7\u00e3o do Trabalho de Mato Grosso do Sul) e o Senac (Servi\u00e7o Nacional de Aprendizagem Comercial).<\/p>\n<p>\u201cEu queria fazer todos os cursos, s\u00f3 que n\u00e3o posso porque tenho um filho muito especial, especial\u00edssimo, ent\u00e3o eu s\u00f3 consegui a pessoa pra ficar com ele hoje. Mas eu, por mim, faria todos\u201d, conta Cl\u00e1udia.<\/p>\n<p>\u201cJ\u00e1 que eu n\u00e3o posso sair para trabalhar, ent\u00e3o por que n\u00e3o trazer o trabalho para dentro de casa, n\u00e9? Com o dinheiro que eu recebo do Mais Social, vou poder comprar os ingredientes para fazer o bolo, essas coisas para vender. J\u00e1 que vamos ao mercado, a gente j\u00e1 faz tudo em um pacote s\u00f3\u201d, acrescenta.<\/p>\n<p>Em Campo Grande, a primeira aula do MS Qualifica foi ministrada pela consultora do Senac Fernanda Vieira, que \u00e9 formada em Gastronomia. Ela ensinou uma receita cl\u00e1ssica: a de bolo ingl\u00eas. Por enquanto, os cursos tamb\u00e9m est\u00e3o sendo realizados em Dourados, Tr\u00eas Lagoas e Ponta Por\u00e3.<\/p>\n<p><strong>Esfor\u00e7o e mente aberta<\/strong><\/p>\n<figure id=\"attachment_496299\" aria-describedby=\"caption-attachment-496299\" style=\"width: 300px\" class=\"wp-caption alignleft\"><figcaption id=\"caption-attachment-496299\" class=\"wp-caption-text\">Rosana est\u00e1 se qualificando atrav\u00e9s do programa social<\/figcaption><\/figure>\n<p>Rosana Aparecida Pereira tamb\u00e9m fez a aula. Com duas filhas e uma m\u00e3e de 87 anos para sustentar e sem forma\u00e7\u00e3o profissional, ela depende do Mais Social, desde que ficou desempregada.<\/p>\n<p>A ex-recepcionista sabe encarar as dificuldades da vida e encontrou na culin\u00e1ria uma nova fonte de renda para ajudar no sustento da fam\u00edlia. \u201cEu j\u00e1 tento empreender, fa\u00e7o biscoitos, p\u00e3es, algumas coisas. O Mais Social me ajuda muito nessa quest\u00e3o porque eu uso para comprar os produtos. A minha m\u00e3e \u00e9 idosa, ent\u00e3o, a melhor forma de trabalhar para mim hoje \u00e9 em casa\u201d.<\/p>\n<p>Al\u00e9m da aula de bolo caseiro, ela se inscreveu nos cursos de bolo de pote e de biscoito e cookies.<\/p>\n<p>\u201cS\u00e3o cursos que eu j\u00e1 fiz on-line e nunca pude fazer presencial. Para mim \u00e9 sempre bom fazer um curso, porque abre a mente. Cada professora trabalha de uma forma e, \u00e0s vezes, a gente meio que fica desmotivado quando trabalha com vendas, ainda mais quando \u00e9 comida. Voc\u00ea tem que mostrar o seu trabalho, que seu biscoito \u00e9 gostoso. N\u00e3o \u00e9 sempre t\u00e3o f\u00e1cil. Eu vou fazer os cursos presenciais porque acho que vou aprender muito\u201d.<\/p>\n<p>Ela conta que n\u00e3o \u00e9 f\u00e1cil se consolidar como uma empreendedora, mas que est\u00e1 cada vez mais preparada. \u201cQuando a gente empreende, encontra algumas dificuldades. Voc\u00ea tem que mostrar que seu produto \u00e9 bom. Ainda n\u00e3o consigo dizer que eu vivo tranquila com as minhas vendas. Eu tenho que buscar a minha clientela. Gra\u00e7as a Deus, aos poucos eu estou conseguindo\u201d.<\/p>\n<p>O MS Qualifica foi criado para dar oportunidade de ascens\u00e3o aos benefici\u00e1rios do programa de seguran\u00e7a alimentar. O pr\u00e9-cadastro nos cursos est\u00e1 sendo feito durante o recadastramento do Mais Social. A matr\u00edcula s\u00f3 \u00e9 efetivada no dia de aula, por ordem de chegada.<\/p>\n<p><strong>Servi\u00e7o<\/strong><\/p>\n<p>Os benefici\u00e1rios que tiverem d\u00favidas sobre o Mais Social e os cursos de qualifica\u00e7\u00e3o podem telefonar para (67) 3368-9000.<\/p>\n<p><em>Paulo Fernandes, Comunica\u00e7\u00e3o Sead<br \/><\/em><em>Fotos e V\u00eddeos: Monique Alves<\/em><\/p>\n<p><strong>ATEN\u00c7\u00c3O<\/strong>: confira <span style=\"color: #0000ff;\">aqui o pack imprensa<\/span> com as imagens de apoio e sonoras<\/p>\n<\/div>\n","protected":false},"excerpt":{"rendered":"<p>O Mais Social chegou a uma nova etapa nesta segunda-feira (18). Al\u00e9m de garantir a seguran\u00e7a alimentar, o programa deu in\u00edcio a s\u00e9rie de treinamentos para que os benefici\u00e1rios possam crescer socialmente, como empreendedores ou na busca de uma coloca\u00e7\u00e3o no mercado de trabalho. M\u00e3e de dois filhos, Cl\u00e1udia de Oliveira Andrade n\u00e3o pode trabalhar [&hellip;]<\/p>\n","protected":false},"author":1,"featured_media":0,"comment_status":"","ping_status":"","sticky":false,"template":"","format":"standard","meta":{"footnotes":""},"categories":[],"tags":[],"class_list":["post-29318","post","type-post","status-publish","format-standard","hentry"],"amp_enabled":true,"_links":{"self":[{"href":"https:\/\/novasdodia.com.br\/index.php\/wp-json\/wp\/v2\/posts\/29318","targetHints":{"allow":["GET"]}}],"collection":[{"href":"https:\/\/novasdodia.com.br\/index.php\/wp-json\/wp\/v2\/posts"}],"about":[{"href":"https:\/\/novasdodia.com.br\/index.php\/wp-json\/wp\/v2\/types\/post"}],"author":[{"embeddable":true,"href":"https:\/\/novasdodia.com.br\/index.php\/wp-json\/wp\/v2\/users\/1"}],"replies":[{"embeddable":true,"href":"https:\/\/novasdodia.com.br\/index.php\/wp-json\/wp\/v2\/comments?post=29318"}],"version-history":[{"count":0,"href":"https:\/\/novasdodia.com.br\/index.php\/wp-json\/wp\/v2\/posts\/29318\/revisions"}],"wp:attachment":[{"href":"https:\/\/novasdodia.com.br\/index.php\/wp-json\/wp\/v2\/media?parent=29318"}],"wp:term":[{"taxonomy":"category","embeddable":true,"href":"https:\/\/novasdodia.com.br\/index.php\/wp-json\/wp\/v2\/categories?post=29318"},{"taxonomy":"post_tag","embeddable":true,"href":"https:\/\/novasdodia.com.br\/index.php\/wp-json\/wp\/v2\/tags?post=29318"}],"curies":[{"name":"wp","href":"https:\/\/api.w.org\/{rel}","templated":true}]}}