{"id":29392,"date":"2024-11-20T02:25:59","date_gmt":"2024-11-20T05:25:59","guid":{"rendered":"https:\/\/novasdodia.com.br\/index.php\/2024\/11\/20\/prefeitura-prorroga-inscricoes-para-o-conselho-da-juventude\/"},"modified":"2024-11-20T02:25:59","modified_gmt":"2024-11-20T05:25:59","slug":"prefeitura-prorroga-inscricoes-para-o-conselho-da-juventude","status":"publish","type":"post","link":"https:\/\/novasdodia.com.br\/index.php\/2024\/11\/20\/prefeitura-prorroga-inscricoes-para-o-conselho-da-juventude\/","title":{"rendered":"Prefeitura prorroga inscri\u00e7\u00f5es para o Conselho da Juventude"},"content":{"rendered":"<p><\/p>\n<div>\n<p><b>Lucas Lemes<\/b><br \/>&#13;<br \/>\n&#13;<br \/>\n                <span style=\"font-weight: bold;\">Secretaria de Esporte e Qualidade de Vida<\/span><\/p>\n<p>A Prefeitura de S\u00e3o Jos\u00e9 dos Campos prorrogou o prazo de inscri\u00e7\u00e3o para os candidatos a membros do Conselho Municipal da Juventude, o Comjuv, compostos pela sociedade civil.<\/p>\n<p>As inscri\u00e7\u00f5es para o Comjuv seguem abertas at\u00e9 o dia 30 de dezembro de 2024, conforme\u00a0edital.<\/p>\n<p>Os interessados em compor o Comjuv como representantes da comunidade dever\u00e3o ter entre 16 anos e 29 anos, morar em S\u00e3o Jos\u00e9 dos Campos, preencher o\u00a0formul\u00e1rio online e anexar alguns documentos pessoais.\u00a0<\/p>\n<p><span class=\"intertitulo\">COMJUV<\/span><\/p>\n<p>Criado pela Lei n\u00ba 9.112 de 22 de abril de 2014, o Conselho Municipal da Juventude \u00e9 um \u00f3rg\u00e3o permanente e consultivo que tem como finalidade o estabelecimento, acompanhamento e an\u00e1lise da pol\u00edtica municipal da juventude no munic\u00edpio.<\/p>\n<p>O Comjuv \u00e9 formado por 9 membros indicados pelo Poder Executivo; 12 representantes da sociedade civil organizada e 8 conselheiros da comunidade, com idades entre 16 e 29 anos.<\/p>\n<p><strong>Calend\u00e1rio<\/strong><\/p>\n<p><strong>De 16\/09\/24 a 30\/12\/24<\/strong><br \/>Per\u00edodo de inscri\u00e7\u00e3o no\u00a0formul\u00e1rio online.<\/p>\n<p><strong>06\/01\/25<\/strong><br \/>Homologa\u00e7\u00e3o das candidaturas e publica\u00e7\u00e3o no Di\u00e1rio do Munic\u00edpio e no Centro da Juventude<\/p>\n<p><strong>08\/01\/2025<\/strong><br \/>Divulga\u00e7\u00e3o da elei\u00e7\u00e3o com data, hor\u00e1rio e local<\/p>\n<p><strong>28\/01\/2025<\/strong><br \/>Elei\u00e7\u00e3o com in\u00edcio \u00e0s 10h00 e t\u00e9rmino \u00e0s 17h<\/p>\n<p>Apura\u00e7\u00e3o logo ap\u00f3s o encerramento da elei\u00e7\u00e3o<\/p>\n<p><strong>30\/01\/25<\/strong><br \/>Divulga\u00e7\u00e3o da lista dos candidatos eleitos no Centro da Juventude e publica\u00e7\u00e3o no Di\u00e1rio do Munic\u00edpio<\/p>\n<p><strong>14\/02\/25<br \/><\/strong>Data prevista para posse dos novos membros<\/p>\n<p>&#13;<br \/>\n                        <strong>MAIS NOT\u00cdCIAS<\/strong><br \/>&#13;<br \/>\n                        Secretaria de Esporte e Qualidade de Vida&#13;\n                    <\/p>\n<\/p><\/div>\n","protected":false},"excerpt":{"rendered":"<p>Lucas Lemes&#13; &#13; Secretaria de Esporte e Qualidade de Vida A Prefeitura de S\u00e3o Jos\u00e9 dos Campos prorrogou o prazo de inscri\u00e7\u00e3o para os candidatos a membros do Conselho Municipal da Juventude, o Comjuv, compostos pela sociedade civil. As inscri\u00e7\u00f5es para o Comjuv seguem abertas at\u00e9 o dia 30 de dezembro de 2024, conforme\u00a0edital. Os [&hellip;]<\/p>\n","protected":false},"author":1,"featured_media":0,"comment_status":"","ping_status":"","sticky":false,"template":"","format":"standard","meta":{"footnotes":""},"categories":[1],"tags":[],"class_list":["post-29392","post","type-post","status-publish","format-standard","hentry","category-noticias"],"amp_enabled":true,"_links":{"self":[{"href":"https:\/\/novasdodia.com.br\/index.php\/wp-json\/wp\/v2\/posts\/29392","targetHints":{"allow":["GET"]}}],"collection":[{"href":"https:\/\/novasdodia.com.br\/index.php\/wp-json\/wp\/v2\/posts"}],"about":[{"href":"https:\/\/novasdodia.com.br\/index.php\/wp-json\/wp\/v2\/types\/post"}],"author":[{"embeddable":true,"href":"https:\/\/novasdodia.com.br\/index.php\/wp-json\/wp\/v2\/users\/1"}],"replies":[{"embeddable":true,"href":"https:\/\/novasdodia.com.br\/index.php\/wp-json\/wp\/v2\/comments?post=29392"}],"version-history":[{"count":0,"href":"https:\/\/novasdodia.com.br\/index.php\/wp-json\/wp\/v2\/posts\/29392\/revisions"}],"wp:attachment":[{"href":"https:\/\/novasdodia.com.br\/index.php\/wp-json\/wp\/v2\/media?parent=29392"}],"wp:term":[{"taxonomy":"category","embeddable":true,"href":"https:\/\/novasdodia.com.br\/index.php\/wp-json\/wp\/v2\/categories?post=29392"},{"taxonomy":"post_tag","embeddable":true,"href":"https:\/\/novasdodia.com.br\/index.php\/wp-json\/wp\/v2\/tags?post=29392"}],"curies":[{"name":"wp","href":"https:\/\/api.w.org\/{rel}","templated":true}]}}