{"id":29795,"date":"2024-11-28T18:41:58","date_gmt":"2024-11-28T21:41:58","guid":{"rendered":"https:\/\/novasdodia.com.br\/index.php\/2024\/11\/28\/governo-de-ms-define-projeto-e-garante-agua-a-aldeias-em-dourados-agencia-de-noticias-do-governo-de-mato-grosso-do-sul\/"},"modified":"2024-11-28T18:41:58","modified_gmt":"2024-11-28T21:41:58","slug":"governo-de-ms-define-projeto-e-garante-agua-a-aldeias-em-dourados-agencia-de-noticias-do-governo-de-mato-grosso-do-sul","status":"publish","type":"post","link":"https:\/\/novasdodia.com.br\/index.php\/2024\/11\/28\/governo-de-ms-define-projeto-e-garante-agua-a-aldeias-em-dourados-agencia-de-noticias-do-governo-de-mato-grosso-do-sul\/","title":{"rendered":"Governo de MS define projeto e garante \u00e1gua a aldeias em Dourados \u2013 Ag\u00eancia de Noticias do Governo de Mato Grosso do Sul"},"content":{"rendered":"<p><\/p>\n<div>\n<p>Uma solu\u00e7\u00e3o para a falta de \u00e1gua na RID (Reserva \u00cdndigena de Dourados) foi o resultado do trabalho capitaneado pelo Governo de Mato Grosso do Sul, tornado p\u00fablico nesta quinta-feira (28) ap\u00f3s reuni\u00e3o com lideran\u00e7as ind\u00edgenas e representantes da Uni\u00e3o, no mun\u00edcipio de Dourados. Ser\u00e3o perfurados po\u00e7os para captar \u00e1gua pot\u00e1vel nas aldeias Jaguapiru e Boror\u00f3 e, at\u00e9 que as obras estejam conclu\u00eddas, ser\u00e1 fornecida diariamente \u00e1gua em caminh\u00f5es pipa para a comunidade, a mais populosa reserva dos povos origin\u00e1rios do pa\u00eds.\u00a0<\/p>\n<p>As a\u00e7\u00f5es foram definidas em reuni\u00e3o de trabalho liderado pela titular da SEC (Secretaria de Estado de Cidadania), Viviane Luiza, e que j\u00e1 estava prevista para ocorrer nesta quinta-feira (28), contando com representantes dos governos estadual e federal, al\u00e9m da participa\u00e7\u00e3o de lideran\u00e7as ind\u00edgenas. Acompanharam o encontro representantes da Funai, Sesai, Aty Guassu, APIB, SPU\/MS, OAB, MPF, For\u00e7a Nacional e Pol\u00edcia Militar.<\/p>\n<p>Ap\u00f3s cinco horas de discuss\u00f5es, um termo de compromisso foi fechado, detalhando 14 pontos, prazos e responsabilidades a serem cumpridas. &#8220;Repito que n\u00e3o vamos deixar a comunidade ind\u00edgena de Dourados sem \u00e1gua por parte do Estado. Apesar de ser uma atribui\u00e7\u00e3o federal, sempre digo que s\u00e3o cidad\u00e3os sul-mato-grossenses&#8221;, frisou o governador Eduardo Riedel ao comentar a busca por solu\u00e7\u00e3o a falta de \u00e1gua nas aldeias douradenses.<\/p>\n<p>&#8220;Temos que ter ordem, organiza\u00e7\u00e3o e di\u00e1logo permanente. Fico feliz que nosso time chegou a um bom termo l\u00e1 em Dourados com a comunidade para a gente poder seguir com a vida normal, trabalhando ao lado das parcerias, firmemente, para resolvermos um problema hist\u00f3rico, que \u00e9 da \u00e1gua na reserva ind\u00edgena de Dourados&#8221;, concluiu Riedel.<\/p>\n<p>O Governo de Mato Grosso do Sul assumiu o compromisso de perfurar dois po\u00e7os na Reserva Ind\u00edgena de Dourados, concluindo as obras at\u00e9 15 de mar\u00e7o de 2025. At\u00e9 que chegue ao fim essa constru\u00e7\u00e3o, as aldeias ser\u00e3o abastecidas diariamente com caminh\u00f5es pipas ofertados pelo Estado. A previs\u00e3o \u00e9 que R$ 490 mil sejam utilizados na obra.<\/p>\n<p>&#8220;Em todos os momentos falamos que n\u00e3o dava para um caminh\u00e3o perfurar um po\u00e7o agora, porque tem um processo a ser feito. E n\u00f3s vamos fazer um contrato emergencial, e \u00e9 o DSEI junto com a Sesai, que s\u00e3o os respons\u00e1veis, que v\u00e3o nos apontar onde que vai furar o po\u00e7o, porque o Estado n\u00e3o se sobrep\u00f5e \u00e0 Uni\u00e3o. Ent\u00e3o n\u00f3s vamos fazer juntos&#8221;, afirmou Viviane Luiza.<\/p>\n<p>Ela ressalta que o Governo de Mato Grosso do Sul sempre manteve o di\u00e1logo com lideran\u00e7as ind\u00edgenas, inclusive apresentando documentos referentes ao projeto para garantir \u00e1gua na reserva, e que os estudos para um projeto eficaz, que venha a atender com regularidade \u00e0s mais de 20 mil pessoas que vivem nas aldeias de Dourados, j\u00e1 v\u00eam sendo realizados desde o ano passado.<\/p>\n<p>&#8220;Este projeto mais estruturante e mais t\u00e9cnico n\u00e3o conseguimos fazer agora. A Sanesul j\u00e1 se comprometeu e j\u00e1 fez todo o projeto que est\u00e1 com o Sesai para que fosse realmente vi\u00e1vel cobrir toda a rede. Esta obra de agora \u00e9 emergencial, porque n\u00f3s sabemos da dificuldade e da dor que realmente \u00e9 n\u00e3o ter \u00e1gua&#8221;, completa.<\/p>\n<p>Para o cacique da Aldeia Jaguapiru, Ram\u00e3o Fernandes, a solu\u00e7\u00e3o apresentada corresponde \u00e0 expectativa da comunidade ind\u00edgena. &#8220;Era isso que a gente esperava, que eles viessem de l\u00e1 com uma solu\u00e7\u00e3o definida pra gente aceitar&#8221;, diz.<\/p>\n<p>Cacique da aldeia Boror\u00f3, Reinaldo Ar\u00e9valo agradece aliviado por ter em m\u00e3os o documento que garante compromissos, responsabilidades e prazos, respectivamente. &#8220;N\u00f3s damos gra\u00e7as a Deus que deu uma solu\u00e7\u00e3o assinada pelos governantes do Estado. A luta continua, n\u00f3s vamos l\u00e1 apresentar este documento para a nossa comunidade, porque eles est\u00e3o aguardando&#8221;, descreve.<\/p>\n<p>J\u00e1 para o procurador do Minist\u00e9rio P\u00fablico Federal, Marco Ant\u00f4nio Delfino de Almeida, que participou das tratativas, a conjun\u00e7\u00e3o das esferas estadual, municipal e federal era necess\u00e1ria para solucionar a quest\u00e3o que \u00e9 complexa.<\/p>\n<p>&#8220;Vejo com muito otimismo esse passo. Igualmente, houve uma sensibiliza\u00e7\u00e3o por parte do Governo Federal, e estes recursos somados, tanto aos caminh\u00f5es-pipa quanto aos po\u00e7os do Governo do Estado, representar\u00e3o um incremento muito relevante neste problema h\u00eddrico que a comunidade tinha&#8221;, pontua Delfino.<\/p>\n<p>Os prazos e as medidas acordadas no documento ser\u00e3o monitorados por uma comiss\u00e3o formada pela Funai e lideran\u00e7as ind\u00edgenas das aldeias Jaguapiru e Boror\u00f3.<\/p>\n<p>&#8220;Este \u00e9 um dos aspectos mais importantes deste acordo, que \u00e9 a constru\u00e7\u00e3o de uma comiss\u00e3o com representantes da Funai, lideran\u00e7as e demais segmentos da comunidade ind\u00edgena, professores, agentes de sa\u00fade, para que, por meio de reuni\u00f5es mensais, sejam devidamente informados de qualquer problema que ocorra&#8221;, finaliza o procurador.<\/p>\n<p>Coordenador do DSEI\/MS, Lindomar Ferreira esteve presente na reuni\u00e3o e assinou o termo de compromisso. Ele refor\u00e7a que o caminho para resolu\u00e7\u00e3o do problema est\u00e1 na uni\u00e3o das tr\u00eas esferas. &#8220;Munic\u00edpio, Estado e Governo Federal. S\u00f3 assim a gente consegue implementar e entregar uma pol\u00edtica p\u00fablica de qualidade e melhor para as nossas comunidades ind\u00edgenas aqui do Mato Grosso do Sul&#8221;.<\/p>\n<figure id=\"attachment_497179\" aria-describedby=\"caption-attachment-497179\" style=\"width: 1024px\" class=\"wp-caption aligncenter\"><figcaption id=\"caption-attachment-497179\" class=\"wp-caption-text\">Reuni\u00e3o h\u00edbrida foi realizada na Procuradoria da Rep\u00fablica, em Dourados, e contou com lideran\u00e7as ind\u00edgenas e representantes dos governos estadual e federal. (Foto: Jaqueline Hahn Tente\/Cidadania)<\/figcaption><\/figure>\n<p><strong>Confira abaixo os pontos acordados no termo de compromisso:<\/strong><\/p>\n<p>O Governo do Estado de Mato Grosso do Sul, por meio da Secretaria de Estado da Cidadania, em apoio \u00e0 Secretaria Estadual de Sa\u00fade\/DSEI\/MS, \u00f3rg\u00e3o do governo federal respons\u00e1vel pelo abastecimento de \u00e1gua (saneamento b\u00e1sico) em territ\u00f3rios ind\u00edgenas, se compromete a:<\/p>\n<ul>\n<li>Disponibilizar R$ 490 mil para perfura\u00e7\u00e3o de dois po\u00e7os, um na aldeia Boror\u00f3 e outro na aldeia Jaguapiru. Destes recursos, R$ 250 mil derivam de emenda parlamentar do deputado federal Vander Loubet;<br \/>&#8211;<\/li>\n<li>Materializar a instru\u00e7\u00e3o processual do conv\u00eanio de acordo com os tr\u00e2mites burocr\u00e1ticos exigidos pelos \u00f3rg\u00e3os de fiscaliza\u00e7\u00e3o. Prazo de conclus\u00e3o: 15\/01\/2025;<br \/>&#8211;<\/li>\n<li>Em at\u00e9 90 dias, a partir do in\u00edcio das obras, efetuar a conclus\u00e3o nas duas aldeias. Prazo de conclus\u00e3o: 15\/03\/2025;<br \/>&#8211;<\/li>\n<li>Efetuar o fornecimento de \u00e1gua por meio de caminh\u00f5es pipa, de forma di\u00e1ria, at\u00e9 o per\u00edodo de constru\u00e7\u00e3o e pleno funcionamento dos po\u00e7os, conforme orienta\u00e7\u00f5es do DSEI\/MS.<\/li>\n<\/ul>\n<p>Como contrapartida, as comunidades ind\u00edgenas se comprometem a liberar totalmente a MS-156, o anel vi\u00e1rio e permitir o livre tr\u00e2nsito dos caminh\u00f5es pipa nas comunidades.<\/p>\n<p>J\u00e1 o Governo Federal, por meio do Minist\u00e9rio dos Povos Ind\u00edgenas e do Minist\u00e9rio da Sa\u00fade\/Sesai se compromete a:<\/p>\n<ul>\n<li>Disponibilizar R$ 2 milh\u00f5es para perfura\u00e7\u00e3o de quatro po\u00e7os definidos a partir de estudos a serem elaborados a partir de ter\u00e7a-feira (03\/12). Respons\u00e1vel pela a\u00e7\u00e3o: Sesai;<br \/>&#8211;<\/li>\n<li>Licitar os referidos po\u00e7os at\u00e9 o final do m\u00eas de dezembro de 2024, com in\u00edcio das obras em janeiro de 2025. Respons\u00e1vel: DSEI\/MS;<br \/>&#8211;<\/li>\n<li>Disponibilizar 100 caixas para armazenagem de \u00e1gua a serem distribu\u00eddas entre a comunidade ind\u00edgena a partir de 02\/12\/2024, sendo 50 para Bororo e 50 para a Jaguapiru.\u00a0 Respons\u00e1vel pela a\u00e7\u00e3o: DSEI\/MS;<br \/>&#8211;<\/li>\n<li>Definir at\u00e9 o dia 15\/12 a forma de utiliza\u00e7\u00e3o de R$ 2 milh\u00f5es a serem empregados no abastecimento de \u00e1gua da RID Dourados. Respons\u00e1vel pela a\u00e7\u00e3o: MPI;<br \/>&#8211;<\/li>\n<li>Efetivar um estudo para eventual incremento do fornecimento de \u00e1gua por interm\u00e9dio de caminh\u00f5es pipa durante o per\u00edodo de constru\u00e7\u00e3o e pleno funcionamento dos po\u00e7os. Prazo de conclus\u00e3o: 10\/12\/2024. Respons\u00e1vel pela a\u00e7\u00e3o: DSEI\/SESAI;<br \/>&#8211;<\/li>\n<li>Articular recursos para que seja efetuada uma solu\u00e7\u00e3o estrutural do fornecimento de \u00e1gua, or\u00e7ada provisoriamente em R$ 53 milh\u00f5es. Os referidos recursos derivam de emendas parlamentares que ser\u00e3o deliberadas no dia 04\/12, mediante aprova\u00e7\u00e3o da bancada federal de MS. Respons\u00e1vel pela a\u00e7\u00e3o: Bancada federal do Estado de MS;<br \/>&#8211;<\/li>\n<li>Efetuar tratativas com a Prefeitura Municipal de Dourados referente ao projeto de perfura\u00e7\u00e3o de um po\u00e7o artesiano com recursos de R$ 250 mil derivados da emenda parlamentar do senador Nelson Trad. Prazo de conclus\u00e3o: 15\/12\/2024. Respons\u00e1vel pela a\u00e7\u00e3o: DSEI\/Sesai;<br \/>&#8211;<\/li>\n<li>Apresentar um cronograma de perfura\u00e7\u00e3o de po\u00e7os artesianos nas \u00e1reas de retomada em Dourados, referente aos recursos de R$ 575 mil repassados pelo MPI. Prazo de conclus\u00e3o: 15\/12\/2024. Respons\u00e1vel pela a\u00e7\u00e3o: UFGD;<br \/>&#8211;<\/li>\n<li>Efetuar a\u00e7\u00e3o emergencial de sa\u00fade mental destinada ao atendimento \u00e0s fam\u00edlias impactadas pela a\u00e7\u00e3o policial do dia 27\/11\/2024. Respons\u00e1vel pela a\u00e7\u00e3o: DSEI\/Sesai.<\/li>\n<\/ul>\n<p><em>Paula Maciulevicius e Jaqueline Hahn Tente, Comunica\u00e7\u00e3o da Cidadania<br \/>Nyelder Rodrigues, Comunica\u00e7\u00e3o Governo de MS<br \/>Foto de capa: Jaqueline Hahn Tente\/Cidadania<br \/>Galeria: Ewerton Pereira\/Secom<\/em><\/p>\n<p>&#8212;<br \/><strong>Relacionada:<\/strong><\/p>\n<blockquote class=\"wp-embedded-content\" data-secret=\"Yx0lL3Arw0\">\n<p>Parceria garante investimentos \u00e0s comunidades ind\u00edgenas e amplia\u00e7\u00e3o da rede de prote\u00e7\u00e3o \u00e0s mulheres<\/p>\n<\/blockquote>\n<p><iframe loading=\"lazy\" class=\"wp-embedded-content\" sandbox=\"allow-scripts\" security=\"restricted\" style=\"position: absolute; visibility: hidden;\" title=\"\u201cParceria garante investimentos \u00e0s comunidades ind\u00edgenas e amplia\u00e7\u00e3o da rede de prote\u00e7\u00e3o \u00e0s mulheres\u201d \u2014 Ag\u00eancia de Noticias do Governo de Mato Grosso do Sul\" src=\"https:\/\/agenciadenoticias.ms.gov.br\/parceria-garante-investimentos-as-comunidades-indigenas-e-ampliacao-da-rede-de-protecao-as-mulheres\/embed\/#?secret=cvO3sfDico#?secret=Yx0lL3Arw0\" data-secret=\"Yx0lL3Arw0\" width=\"500\" height=\"282\" frameborder=\"0\" marginwidth=\"0\" marginheight=\"0\" scrolling=\"no\"><\/iframe><\/p>\n<\/div>\n","protected":false},"excerpt":{"rendered":"<p>Uma solu\u00e7\u00e3o para a falta de \u00e1gua na RID (Reserva \u00cdndigena de Dourados) foi o resultado do trabalho capitaneado pelo Governo de Mato Grosso do Sul, tornado p\u00fablico nesta quinta-feira (28) ap\u00f3s reuni\u00e3o com lideran\u00e7as ind\u00edgenas e representantes da Uni\u00e3o, no mun\u00edcipio de Dourados. Ser\u00e3o perfurados po\u00e7os para captar \u00e1gua pot\u00e1vel nas aldeias Jaguapiru e [&hellip;]<\/p>\n","protected":false},"author":1,"featured_media":0,"comment_status":"","ping_status":"","sticky":false,"template":"","format":"standard","meta":{"footnotes":""},"categories":[],"tags":[],"class_list":["post-29795","post","type-post","status-publish","format-standard","hentry"],"amp_enabled":true,"_links":{"self":[{"href":"https:\/\/novasdodia.com.br\/index.php\/wp-json\/wp\/v2\/posts\/29795","targetHints":{"allow":["GET"]}}],"collection":[{"href":"https:\/\/novasdodia.com.br\/index.php\/wp-json\/wp\/v2\/posts"}],"about":[{"href":"https:\/\/novasdodia.com.br\/index.php\/wp-json\/wp\/v2\/types\/post"}],"author":[{"embeddable":true,"href":"https:\/\/novasdodia.com.br\/index.php\/wp-json\/wp\/v2\/users\/1"}],"replies":[{"embeddable":true,"href":"https:\/\/novasdodia.com.br\/index.php\/wp-json\/wp\/v2\/comments?post=29795"}],"version-history":[{"count":0,"href":"https:\/\/novasdodia.com.br\/index.php\/wp-json\/wp\/v2\/posts\/29795\/revisions"}],"wp:attachment":[{"href":"https:\/\/novasdodia.com.br\/index.php\/wp-json\/wp\/v2\/media?parent=29795"}],"wp:term":[{"taxonomy":"category","embeddable":true,"href":"https:\/\/novasdodia.com.br\/index.php\/wp-json\/wp\/v2\/categories?post=29795"},{"taxonomy":"post_tag","embeddable":true,"href":"https:\/\/novasdodia.com.br\/index.php\/wp-json\/wp\/v2\/tags?post=29795"}],"curies":[{"name":"wp","href":"https:\/\/api.w.org\/{rel}","templated":true}]}}