{"id":29895,"date":"2024-11-30T19:42:15","date_gmt":"2024-11-30T22:42:15","guid":{"rendered":"https:\/\/novasdodia.com.br\/index.php\/2024\/11\/30\/9o-festival-de-bandas-e-fanfarras-da-reme-encanta-moradores-do-coophavila-cgnoticias\/"},"modified":"2024-11-30T19:42:15","modified_gmt":"2024-11-30T22:42:15","slug":"9o-festival-de-bandas-e-fanfarras-da-reme-encanta-moradores-do-coophavila-cgnoticias","status":"publish","type":"post","link":"https:\/\/novasdodia.com.br\/index.php\/2024\/11\/30\/9o-festival-de-bandas-e-fanfarras-da-reme-encanta-moradores-do-coophavila-cgnoticias\/","title":{"rendered":"9\u00ba Festival de bandas e fanfarras da Reme encanta moradores do Coophavila \u2013 CGNot\u00edcias"},"content":{"rendered":"<p><\/p>\n<div>\n<p>O 9\u00ba Festival de bandas e fanfarras da Rede Municipal de Ensino de Campo Grande (Reme), encantou os moradores do bairro Coophavila, na tarde deste s\u00e1bado (30).<\/p>\n<p>A apresenta\u00e7\u00e3o dos 305 alunos de nove escolas, aconteceu na Avenida Marinha, em frente a Associa\u00e7\u00e3o de Moradores.<\/p>\n<p>Conforme o chefe da Divis\u00e3o de Esporte, Arte e Cultura (DEAC), Roberto Vieira, o evento de bandas e fanfarras j\u00e1 est\u00e1 na 9\u00aa edi\u00e7\u00e3o, mas por muito tempo ficou restrito a poucas unidades escolares. \u201cCom um investimento de quase R$ 3 milh\u00f5es e a compra de novos equipamentos para bandas e fanfarras, n\u00f3s demos um salto de 6 escolas para 20 neste ano. S\u00f3 que infelizmente ainda nem todas conseguiram montar a banda, porque \u00e9 um processo que vai gradativamente vai qualificando os seus alunos para estarem com condi\u00e7\u00f5es m\u00ednimas de apresenta\u00e7\u00e3o\u201d.<\/p>\n<figure class=\"wp-block-image size-large\"><\/figure>\n<p>A edi\u00e7\u00e3o deste ano aconteceu no bairro para que as bandas sejam mais conhecidas pela popula\u00e7\u00e3o. \u201cEsse ano n\u00f3s decidimos levar o evento para algumas comunidades um pouco mais longe da cidade, para a gente apresentar essa modalidade, essa linguagem art\u00edstica que \u00e9 de grande valia tamb\u00e9m, que \u00e9 a m\u00fasica\u201d.<\/p>\n<p>Segundo o maestro da Escola Municipal Dr. Eduardo Ol\u00edmpio Machado, Wander Gomes, com a chegada de novos instrumentos, foi poss\u00edvel criar uma escolinha para prepara\u00e7\u00e3o da banda. \u201cNa banda temos 36 alunos e com os instrumentos novos, criamos uma escolinha de m\u00fasica com 25 alunos matriculados. O Festival anima nossos alunos e eles sempre est\u00e3o dando seu melhor\u201d.<\/p>\n<figure class=\"wp-block-image size-large\"><\/figure>\n<p>O maestro Marcelo Segawa comanda a banda de fanfarras da Escola Municipal Dr. Tertuliano Meirelles. \u201cTemos 23 alunos na banda e nossas aulas acontecem seis vezes na semana em dois per\u00edodos. Nossos alunos s\u00e3o bastante dedicados\u201d.<\/p>\n<p>A \u00fanica mulher maestrina de Campo Grande \u00e9 da Escola Municipal Prof. Licurgo de Oliveira Bastos. Teresa Gra\u00e7a comanda 30 alunos. \u201cEles amam se apresentar tanto no desfile de 26 de agosto quanto nos festivais. No fim do ano vamos nos apresentar na chegada do Papai Noel no bairro Coophasul, no dia 13 de dezembro\u201d.<\/p>\n<p>O maestro Marcelo Peres, da Escola Municipal Padre Thomaz Girardelli reassumiu a banda neste ano. Com isso, trouxe antigos alunos de volta. \u201cOs novos instrumentos fizeram sucesso e os alunos viram a melhoria. Hoje no Festival estamos com 56 alunos com agregados ex-alunos da escola, pois, viram a banda voltar e pediram para tocar conosco. Eles agregam a banda e os nossos alunos observam como eles podem se desenvolver com o instrumento\u201d.<\/p>\n<figure class=\"wp-block-image size-large\"><\/figure>\n<p>Renan Cassiano \u00e9 ex-aluno de Marcelo e hoje trabalha como auxiliar t\u00e9cnico. \u201cEu estudei na escola em 2013 e quando soube do retorno da banda, pedi ao professor para voltar, eu gosto de tocar e isso me animou muito. Eu toco trombone, tuba\u201d.<\/p>\n<p><strong>Alunos<\/strong><\/p>\n<p>Anderson Douglas dos Santos Rocha \u00e9 aluno do 8\u00ba ano da Escola Municipal Dr. Eduardo Ol\u00edmpio Machado e faz parte da banda h\u00e1 tr\u00eas anos. \u201cComecei na \u00e9poca da pandemia e hoje toco trombone, mas comecei no bumbo, mudei para o sopro e vi o trombone e nunca mais deixei. J\u00e1 viajei at\u00e9 com a banda\u201d.<\/p>\n<p>Henrique Lemes \u00e9 aluno do 9\u00ba ano e est\u00e1 na banda comandada por Peres. \u201cEntrei h\u00e1 quase um ano e toco trompete. Me interessei para entrar para aprender a tocar e eu pretendo continuar, porque a m\u00fasica atravessa barreiras\u201d.<\/p>\n<figure class=\"wp-block-image size-large\"><\/figure>\n<p>Thamirez Huerta est\u00e1 no 8\u00ba ano da Escola Municipal Dr. Tertuliano Meirelles. \u201cEu toco prato e estou na banda h\u00e1 tr\u00eas anos. Com a vinda dos novos instrumentos, aprendi a tocar bumbo, a qualidade do som \u00e9 outra\u201d.<\/p>\n<figure class=\"wp-block-image size-large\"><\/figure>\n<p><strong>Comunidade<\/strong><\/p>\n<p>Elisangela Monteiro da Silva Irala, \u00e9 m\u00e3e de Daniela Monteiro Irala, aluna do 8\u00ba ano e acompanha a filha em todos os eventos. \u201cEla est\u00e1 h\u00e1 tr\u00eas anos na banda e o Festival \u00e9 muito bom porque \u00e9 um momento de lazer e aprendizado dentro da escola. Ver a evolu\u00e7\u00e3o deles \u00e9 maravilhoso\u201d.<\/p>\n<p>A vendedora Celeste Lopes \u00e9 m\u00e3e do Felipe, do 5\u00ba ano. \u201cEle entrou na banda este ano e tem sido \u00f3timo, porque melhorou at\u00e9 o comportamento dele. O Festival aqui na rua est\u00e1 maravilhoso, porque est\u00e1 muito calor, mas aqui \u00e9 aberto\u201d.<\/p>\n<figure class=\"wp-block-image size-large\"><\/figure>\n<p>Aparecida Santos Ruiz \u00e9 moradora do bairro h\u00e1 22 anos. Ela diz que eventos assim agitam os moradores. \u201cEu n\u00e3o sabia que as escolas tinham banda musical e estou maravilhada com as apresenta\u00e7\u00f5es\u201d.<\/p>\n<p><em>#ParaTodosVerem<br \/>Foto Capa: Fanfarra em execu\u00e7\u00e3o de marcha com menina baliza a frente.<br \/>Foto1: Fanfarra em execu\u00e7\u00e3o acompanhada do maestro e tr\u00eas meninas balizas.<br \/>Foto2:  Maestro Wander Gome.<br \/>Foto3: Maestro Marcelo Peres.<br \/>Foto4: Aluno trompetista Henrique Lemes.<br \/>Foto5: Percussionista que toca pratos Thamirez Huerta.<br \/>Foto6: Vendedora Celeste.<\/em><\/p>\n<\/div>\n<p><script async defer async defer src=\"https:\/\/connect.facebook.net\/en_US\/sdk.js?ver=1#xfbml=1&amp;version=v3.2\" id=\"prefeitura-campogrande-script-facebook-sdk-js\"><\/script><\/p>\n","protected":false},"excerpt":{"rendered":"<p>O 9\u00ba Festival de bandas e fanfarras da Rede Municipal de Ensino de Campo Grande (Reme), encantou os moradores do bairro Coophavila, na tarde deste s\u00e1bado (30). A apresenta\u00e7\u00e3o dos 305 alunos de nove escolas, aconteceu na Avenida Marinha, em frente a Associa\u00e7\u00e3o de Moradores. Conforme o chefe da Divis\u00e3o de Esporte, Arte e Cultura [&hellip;]<\/p>\n","protected":false},"author":1,"featured_media":0,"comment_status":"","ping_status":"","sticky":false,"template":"","format":"standard","meta":{"footnotes":""},"categories":[],"tags":[],"class_list":["post-29895","post","type-post","status-publish","format-standard","hentry"],"amp_enabled":true,"_links":{"self":[{"href":"https:\/\/novasdodia.com.br\/index.php\/wp-json\/wp\/v2\/posts\/29895","targetHints":{"allow":["GET"]}}],"collection":[{"href":"https:\/\/novasdodia.com.br\/index.php\/wp-json\/wp\/v2\/posts"}],"about":[{"href":"https:\/\/novasdodia.com.br\/index.php\/wp-json\/wp\/v2\/types\/post"}],"author":[{"embeddable":true,"href":"https:\/\/novasdodia.com.br\/index.php\/wp-json\/wp\/v2\/users\/1"}],"replies":[{"embeddable":true,"href":"https:\/\/novasdodia.com.br\/index.php\/wp-json\/wp\/v2\/comments?post=29895"}],"version-history":[{"count":0,"href":"https:\/\/novasdodia.com.br\/index.php\/wp-json\/wp\/v2\/posts\/29895\/revisions"}],"wp:attachment":[{"href":"https:\/\/novasdodia.com.br\/index.php\/wp-json\/wp\/v2\/media?parent=29895"}],"wp:term":[{"taxonomy":"category","embeddable":true,"href":"https:\/\/novasdodia.com.br\/index.php\/wp-json\/wp\/v2\/categories?post=29895"},{"taxonomy":"post_tag","embeddable":true,"href":"https:\/\/novasdodia.com.br\/index.php\/wp-json\/wp\/v2\/tags?post=29895"}],"curies":[{"name":"wp","href":"https:\/\/api.w.org\/{rel}","templated":true}]}}