{"id":30025,"date":"2024-12-03T22:00:10","date_gmt":"2024-12-04T01:00:10","guid":{"rendered":"https:\/\/novasdodia.com.br\/index.php\/2024\/12\/03\/sp-disponibiliza-credito-de-r-200-mi-que-incentiva-o-setor-de-radio-e-tv\/"},"modified":"2024-12-03T22:00:10","modified_gmt":"2024-12-04T01:00:10","slug":"sp-disponibiliza-credito-de-r-200-mi-que-incentiva-o-setor-de-radio-e-tv","status":"publish","type":"post","link":"https:\/\/novasdodia.com.br\/index.php\/2024\/12\/03\/sp-disponibiliza-credito-de-r-200-mi-que-incentiva-o-setor-de-radio-e-tv\/","title":{"rendered":"SP disponibiliza cr\u00e9dito de R$ 200 mi que incentiva o setor de R\u00e1dio e TV"},"content":{"rendered":"<p><img decoding=\"async\" src=\"https:\/\/www.saopaulo.sp.gov.br\/wp-content\/uploads\/2024\/12\/Linha-de-credito-Desenvolve-Radiodifusao-no-Estudio-AESP.jpg\" \/><\/p>\n<div id=\"\">&#13;<br \/>\n                                <!-- Title -->&#13;<br \/>\n                                &#13;<br \/>\n&#13;<br \/>\n                                <!-- Excerpt -->&#13;<\/p>\n<p class=\"excerpt\">Iniciativa \u00e9 destinada a empresas de radiodifus\u00e3o com faturamento de at\u00e9 R$ 300 milh\u00f5es que desejem investir em tecnologias avan\u00e7adas<\/p>\n<p>&#13;<br \/>\n&#13;<br \/>\n                                &#13;\n                            <\/p><\/div>\n<div id=\"\">&#13;<\/p>\n<figure id=\"attachment_6385051\" style=\"width: 100%;max-width: 767px\" class=\"wp-caption alignnone\"><figcaption class=\"wp-caption-text\">An\u00fancio foi feito durante inaugura\u00e7\u00e3o do Est\u00fadio AESP. Foto: Marcelo S. Camargo\/Governo de SP<\/figcaption><\/figure>\n<p>O governador Tarc\u00edsio de Freitas anunciou, nesta ter\u00e7a-feira (03), na capital, a cria\u00e7\u00e3o da Desenvolve Radiodifus\u00e3o, linha de cr\u00e9dito especial destinada a incentivar o setor no estado de S\u00e3o Paulo. A iniciativa vai impulsionar a moderniza\u00e7\u00e3o de emissoras de r\u00e1dio e televis\u00e3o por meio da aquisi\u00e7\u00e3o de equipamentos, investimentos e inova\u00e7\u00e3o com opera\u00e7\u00f5es de at\u00e9 R$ 30 milh\u00f5es por projeto. No total, a Desenvolve SP, respons\u00e1vel pela medida, vai empregar R$ 200 milh\u00f5es nessa linha de cr\u00e9dito.<\/p>\n<p>\u201cAcredito que as linhas da Desenvolve SP podem ajudar no esfor\u00e7o da radiodifus\u00e3o no ingresso da TV digital 3.0, na convers\u00e3o das r\u00e1dios AM para FM, na quest\u00e3o da sustentabilidade, por meio dos investimentos em energia fotovoltaica. Nossa ideia \u00e9 facilitar nesse per\u00edodo de transi\u00e7\u00e3o tecnol\u00f3gica\u201d, disse o governador Tarc\u00edsio de Freitas.<\/p>\n<p>Leia a reportagem completa na Ag\u00eancia SP<\/p>\n<\/p><\/div>\n","protected":false},"excerpt":{"rendered":"<p>&#13; &#13; &#13; &#13; &#13; Iniciativa \u00e9 destinada a empresas de radiodifus\u00e3o com faturamento de at\u00e9 R$ 300 milh\u00f5es que desejem investir em tecnologias avan\u00e7adas &#13; &#13; &#13; &#13; An\u00fancio foi feito durante inaugura\u00e7\u00e3o do Est\u00fadio AESP. Foto: Marcelo S. Camargo\/Governo de SP O governador Tarc\u00edsio de Freitas anunciou, nesta ter\u00e7a-feira (03), na capital, a [&hellip;]<\/p>\n","protected":false},"author":1,"featured_media":0,"comment_status":"","ping_status":"","sticky":false,"template":"","format":"standard","meta":{"footnotes":""},"categories":[1],"tags":[],"class_list":["post-30025","post","type-post","status-publish","format-standard","hentry","category-noticias"],"amp_enabled":true,"_links":{"self":[{"href":"https:\/\/novasdodia.com.br\/index.php\/wp-json\/wp\/v2\/posts\/30025","targetHints":{"allow":["GET"]}}],"collection":[{"href":"https:\/\/novasdodia.com.br\/index.php\/wp-json\/wp\/v2\/posts"}],"about":[{"href":"https:\/\/novasdodia.com.br\/index.php\/wp-json\/wp\/v2\/types\/post"}],"author":[{"embeddable":true,"href":"https:\/\/novasdodia.com.br\/index.php\/wp-json\/wp\/v2\/users\/1"}],"replies":[{"embeddable":true,"href":"https:\/\/novasdodia.com.br\/index.php\/wp-json\/wp\/v2\/comments?post=30025"}],"version-history":[{"count":0,"href":"https:\/\/novasdodia.com.br\/index.php\/wp-json\/wp\/v2\/posts\/30025\/revisions"}],"wp:attachment":[{"href":"https:\/\/novasdodia.com.br\/index.php\/wp-json\/wp\/v2\/media?parent=30025"}],"wp:term":[{"taxonomy":"category","embeddable":true,"href":"https:\/\/novasdodia.com.br\/index.php\/wp-json\/wp\/v2\/categories?post=30025"},{"taxonomy":"post_tag","embeddable":true,"href":"https:\/\/novasdodia.com.br\/index.php\/wp-json\/wp\/v2\/tags?post=30025"}],"curies":[{"name":"wp","href":"https:\/\/api.w.org\/{rel}","templated":true}]}}