{"id":30408,"date":"2024-12-11T17:41:00","date_gmt":"2024-12-11T20:41:00","guid":{"rendered":"https:\/\/novasdodia.com.br\/index.php\/2024\/12\/11\/secretaria-de-saude-oferta-vacinas-para-pessoas-de-todas-as-idades-em-pontos-fixos-e-moveis\/"},"modified":"2024-12-11T17:41:00","modified_gmt":"2024-12-11T20:41:00","slug":"secretaria-de-saude-oferta-vacinas-para-pessoas-de-todas-as-idades-em-pontos-fixos-e-moveis","status":"publish","type":"post","link":"https:\/\/novasdodia.com.br\/index.php\/2024\/12\/11\/secretaria-de-saude-oferta-vacinas-para-pessoas-de-todas-as-idades-em-pontos-fixos-e-moveis\/","title":{"rendered":"Secretaria de Sa\u00fade oferta vacinas para pessoas de todas as idades em pontos fixos e m\u00f3veis"},"content":{"rendered":"<p><\/p>\n<div>\n<p>A Secretaria Municipal de Sa\u00fade de Jo\u00e3o Pessoa (SMS) segue, nesta quinta-feira (12), ofertando \u00e0 popula\u00e7\u00e3o todas as doses de vacinas que constam no calend\u00e1rio nacional e nas campanhas ativas. Os imunizantes, al\u00e9m de prevenir, oferecem prote\u00e7\u00e3o contra v\u00e1rias doen\u00e7as.<\/p>\n<p>A vacina\u00e7\u00e3o acontece diariamente em pontos fixos e m\u00f3veis, abrangendo toda \u00e1rea territorial da Capital atrav\u00e9s dos seus cinco Distritos Sanit\u00e1rios<a\/> e atendendo a popula\u00e7\u00e3o de todas as idades.<\/p>\n<p>Os pontos fixos de vacina\u00e7\u00e3o funcionam nas unidades de sa\u00fade da fam\u00edlia (USF), onde as vacinas estar\u00e3o sendo ofertadas das 7h \u00e0s 11h e das 12h \u00e0s 16h. As policl\u00ednicas municipais do Cristo, Mandacaru, das Praias, de Jaguaribe e de Mangabeira, al\u00e9m do Centro Municipal de Imuniza\u00e7\u00e3o, no bairro da Torre, tamb\u00e9m disp\u00f5em de imunizantes e o acesso ao p\u00fablico nestes locais \u00e9 das 8h \u00e0s 16h.<\/p>\n<p><strong>Pontos m\u00f3veis \u2013<\/strong> Al\u00e9m dos pontos fixos, Jo\u00e3o Pessoa tamb\u00e9m tem tr\u00eas pontos m\u00f3veis de imuniza\u00e7\u00e3o, que ficam abertos das 12h \u00e0s 21h. S\u00e3o eles: Home Center Ferreira Costa, Shopping Sul e Shopping Tambi\u00e1. Os tr\u00eas locais contam com todas as doses de imunizantes do calend\u00e1rio nacional e campanhas ativas.<\/p>\n<p>Para ter acesso \u00e0 vacina\u00e7\u00e3o, o cidad\u00e3o deve apresentar um documento oficial com foto ou ainda o registro de nascimento \u2013 no caso de crian\u00e7as ou adolescentes, al\u00e9m do Cart\u00e3o SUS e o cart\u00e3o ou caderneta de vacina.<\/p>\n<p>Locais de vacina\u00e7\u00e3o em Jo\u00e3o Pessoa nesta quinta-feira (12):<\/p>\n<p><strong>Unidades de Sa\u00fade da Fam\u00edlia (USFs)<\/strong><\/p>\n<p>Vacinas de campanha:<\/p>\n<p>-Dengue: adolescentes de 10 a 14 anos;<\/p>\n<p>-Influenza: popula\u00e7\u00e3o acima dos seis meses de idade;<\/p>\n<p>-Vacinas do calend\u00e1rio de rotina;<\/p>\n<p>Hor\u00e1rio: 7h \u00e0s 11h e das 12h \u00e0s 16h (de segunda a sexta-feira);<\/p>\n<p>*exce\u00e7\u00e3o: Alto do C\u00e9u II, Cidade Verde e Jardim Planalto.<\/p>\n<p>USF Integrada Cruz das Armas<\/p>\n<p>-Vacina\u00e7\u00e3o contra Covid-19: crian\u00e7as menores de 5 anos e grupos priorit\u00e1rios;<\/p>\n<p>Hor\u00e1rio: 7h \u00e0s 11h e das 12h \u00e0s 16h (de segunda a sexta-feira);<\/p>\n<p><strong>Policl\u00ednicas Municipais<\/strong><\/p>\n<p>Vacinas de campanha:<\/p>\n<p>-Dengue: adolescentes de 10 a 14 anos;<\/p>\n<p>-Covid-19: crian\u00e7as menores de 5 anos e grupos priorit\u00e1rios;<\/p>\n<p>-Influenza: popula\u00e7\u00e3o acima dos seis meses de idade;<\/p>\n<p>Vacinas do calend\u00e1rio de rotina;<\/p>\n<p>Hor\u00e1rio: 8h \u00e0s 16h (de segunda a sexta-feira).<\/p>\n<p><strong>Centro Municipal de Imuniza\u00e7\u00e3o<\/strong><\/p>\n<p>Vacinas de campanha:<\/p>\n<p>-Dengue: adolescentes de 10 a 14 anos;<\/p>\n<p>-Covid-19: crian\u00e7as menores de 5 anos e grupos priorit\u00e1rios;<\/p>\n<p>-Influenza: popula\u00e7\u00e3o acima dos seis meses de idade;<\/p>\n<p>-Vacinas do calend\u00e1rio de rotina;<\/p>\n<p>Hor\u00e1rio: 8h \u00e0s 16h (de segunda a sexta-feira) e das 8h \u00e0s 12h (s\u00e1bado, domingo e feriado \u2013 apenas para vacina\u00e7\u00e3o de urg\u00eancia).<\/p>\n<p><strong>Home Center Ferreira Costa<\/strong><\/p>\n<p>Vacinas de campanha:<\/p>\n<p>-Dengue: adolescentes de 10 a 14 anos;<\/p>\n<p>-Covid-19: crian\u00e7as menores de 5 anos e grupos priorit\u00e1rios;<\/p>\n<p>-Influenza: popula\u00e7\u00e3o acima dos seis meses de idade;<\/p>\n<p>-Vacinas do calend\u00e1rio de rotina;<\/p>\n<p>Hor\u00e1rio: 12h \u00e0s 21h (de segunda a sexta-feira) e das 8h \u00e0s 16h (s\u00e1bado).<\/p>\n<p><strong>Shopping Sul<\/strong><\/p>\n<p>Vacinas de campanha:<\/p>\n<p>-Dengue: adolescentes de 10 a 14 anos;<\/p>\n<p>-Covid-19: crian\u00e7as menores de 5 anos e grupos priorit\u00e1rios;<\/p>\n<p>-Influenza: popula\u00e7\u00e3o acima dos seis meses de idade;<\/p>\n<p>-Vacinas do calend\u00e1rio de rotina;<\/p>\n<p>Hor\u00e1rio: 12h \u00e0s 21h (de segunda a sexta-feira) e das 10h \u00e0s 16h (s\u00e1bado).<\/p>\n<p><strong>Shopping Tambi\u00e1<\/strong><\/p>\n<p>Vacinas de campanha:<\/p>\n<p>-Dengue: adolescentes de 10 a 14 anos;<\/p>\n<p>-Covid-19: crian\u00e7as menores de 5 anos e grupos priorit\u00e1rios;<\/p>\n<p>-Influenza: popula\u00e7\u00e3o acima dos seis meses de idade;<\/p>\n<p>-Vacinas do calend\u00e1rio de rotina;<\/p>\n<p>Hor\u00e1rio: 12h \u00e0s 21h (de segunda a sexta-feira) e das 9h \u00e0s 16h (s\u00e1bado).<\/p>\n<p><strong>Vacina\u00e7\u00e3o domiciliar<\/strong><\/p>\n<p>O cidad\u00e3o deve fazer o agendamento pelo aplicativo \u2018Jo\u00e3o Pessoa na Palma da M\u00e3o\u2019. A imuniza\u00e7\u00e3o em domic\u00edlio \u00e9 destinada exclusivamente \u00e0s pessoas acamadas (restritas ao leito).<\/p>\n<\/p><\/div>\n","protected":false},"excerpt":{"rendered":"<p>A Secretaria Municipal de Sa\u00fade de Jo\u00e3o Pessoa (SMS) segue, nesta quinta-feira (12), ofertando \u00e0 popula\u00e7\u00e3o todas as doses de vacinas que constam no calend\u00e1rio nacional e nas campanhas ativas. Os imunizantes, al\u00e9m de prevenir, oferecem prote\u00e7\u00e3o contra v\u00e1rias doen\u00e7as. A vacina\u00e7\u00e3o acontece diariamente em pontos fixos e m\u00f3veis, abrangendo toda \u00e1rea territorial da Capital [&hellip;]<\/p>\n","protected":false},"author":1,"featured_media":0,"comment_status":"","ping_status":"","sticky":false,"template":"","format":"standard","meta":{"footnotes":""},"categories":[1],"tags":[],"class_list":["post-30408","post","type-post","status-publish","format-standard","hentry","category-noticias"],"amp_enabled":true,"_links":{"self":[{"href":"https:\/\/novasdodia.com.br\/index.php\/wp-json\/wp\/v2\/posts\/30408","targetHints":{"allow":["GET"]}}],"collection":[{"href":"https:\/\/novasdodia.com.br\/index.php\/wp-json\/wp\/v2\/posts"}],"about":[{"href":"https:\/\/novasdodia.com.br\/index.php\/wp-json\/wp\/v2\/types\/post"}],"author":[{"embeddable":true,"href":"https:\/\/novasdodia.com.br\/index.php\/wp-json\/wp\/v2\/users\/1"}],"replies":[{"embeddable":true,"href":"https:\/\/novasdodia.com.br\/index.php\/wp-json\/wp\/v2\/comments?post=30408"}],"version-history":[{"count":0,"href":"https:\/\/novasdodia.com.br\/index.php\/wp-json\/wp\/v2\/posts\/30408\/revisions"}],"wp:attachment":[{"href":"https:\/\/novasdodia.com.br\/index.php\/wp-json\/wp\/v2\/media?parent=30408"}],"wp:term":[{"taxonomy":"category","embeddable":true,"href":"https:\/\/novasdodia.com.br\/index.php\/wp-json\/wp\/v2\/categories?post=30408"},{"taxonomy":"post_tag","embeddable":true,"href":"https:\/\/novasdodia.com.br\/index.php\/wp-json\/wp\/v2\/tags?post=30408"}],"curies":[{"name":"wp","href":"https:\/\/api.w.org\/{rel}","templated":true}]}}